{"id":158319,"date":"2025-10-05T18:45:08","date_gmt":"2025-10-05T18:45:08","guid":{"rendered":"https:\/\/www.europesays.com\/es\/158319\/"},"modified":"2025-10-05T18:45:08","modified_gmt":"2025-10-05T18:45:08","slug":"diego-garcia-y-ruben-pinar-triunfan-con-rotundidad-en-medina-de-pomar","status":"publish","type":"post","link":"https:\/\/www.europesays.com\/es\/158319\/","title":{"rendered":"Diego Garc\u00eda y Rub\u00e9n Pinar Triunfan con rotundidad en Medina de Pomar"},"content":{"rendered":"<p>Comienza con buen pie la feria taurina de Medina de Pomar (Burgos), el torero de San Sebasti\u00e1n de los Reyes, <strong>Diego Garc\u00eda<\/strong>, triunfa en la primera de feria demostrando su gran capacidad y entrega. <strong>Garc\u00eda<\/strong> \u00abense\u00f1o\u00bb al respetable a lo que venia desde salida y mostro un gran nivel con su lote, firmando una gran actuaci\u00f3n que le vali\u00f3 el reconocimiento del p\u00fablico. <strong>Diego Garc\u00eda<\/strong> sali\u00f3 a hombros al termino del festejo junto a <strong>Rub\u00e9n Pinar<\/strong>, en una tarde que quedar\u00e1 en la memoria de los aficionados.<\/p>\n<p><strong>LA RESE\u00d1A<\/strong><br \/><strong>Plaza de toros de Medina de Pomar (Burgos)<\/strong> || Corrida de toros, primera de feria taurina en honor de Ntra. Sra. Del Rosario 2025.<\/p>\n<p>Entrada: Lleno.<\/p>\n<p>Toros de <strong>Emilio Artalejo<\/strong>, de muy buen juego y excelente presentaci\u00f3n, el cuarto deslucido.<\/p>\n<p><strong>RUBEN PINAR<\/strong> silencio y 2 orejas.<br \/><strong>DIEGO GARC\u00cdA<\/strong> oreja con petici\u00f3n y oreja.<\/p>\n","protected":false},"excerpt":{"rendered":"Comienza con buen pie la feria taurina de Medina de Pomar (Burgos), el torero de San Sebasti\u00e1n de&hellip;\n","protected":false},"author":2,"featured_media":158320,"comment_status":"","ping_status":"","sticky":false,"template":"","format":"standard","meta":{"footnotes":""},"categories":[277],"tags":[373,168,25,24,23,167,374],"class_list":{"0":"post-158319","1":"post","2":"type-post","3":"status-publish","4":"format-standard","5":"has-post-thumbnail","7":"category-toreo","8":"tag-bullfighting","9":"tag-deportes","10":"tag-es","11":"tag-espana","12":"tag-spain","13":"tag-sports","14":"tag-toreo"},"share_on_mastodon":{"url":"","error":""},"_links":{"self":[{"href":"https:\/\/www.europesays.com\/es\/wp-json\/wp\/v2\/posts\/158319","targetHints":{"allow":["GET"]}}],"collection":[{"href":"https:\/\/www.europesays.com\/es\/wp-json\/wp\/v2\/posts"}],"about":[{"href":"https:\/\/www.europesays.com\/es\/wp-json\/wp\/v2\/types\/post"}],"author":[{"embeddable":true,"href":"https:\/\/www.europesays.com\/es\/wp-json\/wp\/v2\/users\/2"}],"replies":[{"embeddable":true,"href":"https:\/\/www.europesays.com\/es\/wp-json\/wp\/v2\/comments?post=158319"}],"version-history":[{"count":0,"href":"https:\/\/www.europesays.com\/es\/wp-json\/wp\/v2\/posts\/158319\/revisions"}],"wp:featuredmedia":[{"embeddable":true,"href":"https:\/\/www.europesays.com\/es\/wp-json\/wp\/v2\/media\/158320"}],"wp:attachment":[{"href":"https:\/\/www.europesays.com\/es\/wp-json\/wp\/v2\/media?parent=158319"}],"wp:term":[{"taxonomy":"category","embeddable":true,"href":"https:\/\/www.europesays.com\/es\/wp-json\/wp\/v2\/categories?post=158319"},{"taxonomy":"post_tag","embeddable":true,"href":"https:\/\/www.europesays.com\/es\/wp-json\/wp\/v2\/tags?post=158319"}],"curies":[{"name":"wp","href":"https:\/\/api.w.org\/{rel}","templated":true}]}}