{"id":158321,"date":"2025-10-05T18:46:08","date_gmt":"2025-10-05T18:46:08","guid":{"rendered":"https:\/\/www.europesays.com\/es\/158321\/"},"modified":"2025-10-05T18:46:08","modified_gmt":"2025-10-05T18:46:08","slug":"nayanesh-ayman-debutara-en-estados-unidos-frente-a-un-veterano-de-la-ufc","status":"publish","type":"post","link":"https:\/\/www.europesays.com\/es\/158321\/","title":{"rendered":"Nayanesh Ayman debutar\u00e1 en Estados Unidos frente a un veterano de la UFC"},"content":{"rendered":"<p data-gtm-element-container=\"modulo-texto-link\" class=\"paragraph\">El luchador espa\u00f1ol <strong>Nayanesh Ayman<\/strong> dar\u00e1 un paso hist\u00f3rico en su carrera el pr\u00f3ximo 30 de octubre, cuando debute en<strong> Estados Unidos<\/strong> en el prestigioso evento Dirty Boxing Championship (DBX4), que se celebrar\u00e1 en Nashville, Tennessee.<\/p>\n<p data-gtm-element-container=\"modulo-texto-link\" class=\"paragraph\">En esta cita internacional, <strong>Ayman <\/strong>se enfrentar\u00e1 al veterano brasile\u00f1o Francisco \u201cMassaranduba\u201d Trinaldo, uno de los luchadores m\u00e1s experimentados en la historia de la <strong>UFC<\/strong>, donde ha competido durante m\u00e1s de una d\u00e9cada frente a los mejores del mundo.<\/p>\n<p data-gtm-element-container=\"modulo-texto-link\" class=\"paragraph\">El evento <strong>Dirty Boxing Championship<\/strong> pertenece a las superestrellas de la UFC <strong>Jon Jones y Mike Perry<\/strong>, dos referentes absolutos del mundo del combate que han creado esta liga para fusionar la intensidad del boxeo con la ferocidad de las artes marciales mixtas.<\/p>\n<p data-gtm-element-container=\"modulo-texto-link\" class=\"paragraph\">Para <strong>Nayanesh Ayman<\/strong>, este combate representa un salto internacional de primer nivel, enfrent\u00e1ndose a una aut\u00e9ntica leyenda del oct\u00e1gono en su propio terreno.<\/p>\n<p data-gtm-element-container=\"modulo-texto-link\" class=\"paragraph\">\u201cPelear contra un veterano de la UFC como <strong>Trinaldo <\/strong>en un evento impulsado por Jon Jones y Mike Perry es un honor y una oportunidad \u00fanica. No solo es un paso m\u00e1s en mi carrera, sino una prueba de todo lo que he trabajado durante a\u00f1os\u201d, declara Ayman.<\/p>\n<p>    Lee tambi\u00e9n<\/p>\n<p data-gtm-element-container=\"modulo-texto-link\" class=\"paragraph\">Nacido en la Rep\u00fablica Democr\u00e1tica del Congo y criado en Alcorc\u00f3n (Madrid), <strong>Nayanesh Ayman <\/strong>es un ejemplo de superaci\u00f3n y perseverancia. Su madre, v\u00edctima de violencia dom\u00e9stica, fue quien lo inspir\u00f3 a entrenar y aprender a defenderse, convirtiendo el dolor en fuerza y la lucha en prop\u00f3sito.<\/p>\n<p data-gtm-element-container=\"modulo-texto-link\" class=\"paragraph\">A lo largo de su trayectoria, <strong>Ayman <\/strong>se ha convertido en m\u00faltiple campe\u00f3n de Espa\u00f1a, campe\u00f3n mundial ISKA, FIGHT CLUBBING y WMC, y fue el primer espa\u00f1ol en lograr una medalla mundial IFMA. Ha compartido ring con algunas de las m\u00e1ximas figuras del Muay Thai mundial, como Buakaw, Superbon, Petchanong y Wanchalerm, demostrando su calidad y car\u00e1cter competitivo al m\u00e1s alto nivel.<\/p>\n<p data-gtm-element-container=\"modulo-texto-link\" class=\"paragraph\">Adem\u00e1s, <strong>Nayanesh <\/strong>compagina su carrera deportiva con proyectos creativos, como su marca de ropa Singtho, y la grabaci\u00f3n de un documental para Movistar Plus que narrar\u00e1 su vida y su camino de superaci\u00f3n a trav\u00e9s del Muay Thai.<\/p>\n<p data-gtm-element-container=\"modulo-texto-link\" class=\"paragraph\">\u201cCada combate es una historia. Este en Nashville ser\u00e1 una de las m\u00e1s importantes de mi vida. Pelear en Estados Unidos es un sue\u00f1o, pero hacerlo ante un guerrero como Trinaldo, bajo la mirada de Jon Jones y Mike Perry, es algo que nunca olvidar\u00e9\u201d, afirma <strong>Ayman<\/strong>.<\/p>\n","protected":false},"excerpt":{"rendered":"El luchador espa\u00f1ol Nayanesh Ayman dar\u00e1 un paso hist\u00f3rico en su carrera el pr\u00f3ximo 30 de octubre, cuando&hellip;\n","protected":false},"author":2,"featured_media":158322,"comment_status":"","ping_status":"","sticky":false,"template":"","format":"standard","meta":{"footnotes":""},"categories":[276],"tags":[168,25,24,23,167,343],"class_list":{"0":"post-158321","1":"post","2":"type-post","3":"status-publish","4":"format-standard","5":"has-post-thumbnail","7":"category-ufc","8":"tag-deportes","9":"tag-es","10":"tag-espana","11":"tag-spain","12":"tag-sports","13":"tag-ufc"},"share_on_mastodon":{"url":"","error":""},"_links":{"self":[{"href":"https:\/\/www.europesays.com\/es\/wp-json\/wp\/v2\/posts\/158321","targetHints":{"allow":["GET"]}}],"collection":[{"href":"https:\/\/www.europesays.com\/es\/wp-json\/wp\/v2\/posts"}],"about":[{"href":"https:\/\/www.europesays.com\/es\/wp-json\/wp\/v2\/types\/post"}],"author":[{"embeddable":true,"href":"https:\/\/www.europesays.com\/es\/wp-json\/wp\/v2\/users\/2"}],"replies":[{"embeddable":true,"href":"https:\/\/www.europesays.com\/es\/wp-json\/wp\/v2\/comments?post=158321"}],"version-history":[{"count":0,"href":"https:\/\/www.europesays.com\/es\/wp-json\/wp\/v2\/posts\/158321\/revisions"}],"wp:featuredmedia":[{"embeddable":true,"href":"https:\/\/www.europesays.com\/es\/wp-json\/wp\/v2\/media\/158322"}],"wp:attachment":[{"href":"https:\/\/www.europesays.com\/es\/wp-json\/wp\/v2\/media?parent=158321"}],"wp:term":[{"taxonomy":"category","embeddable":true,"href":"https:\/\/www.europesays.com\/es\/wp-json\/wp\/v2\/categories?post=158321"},{"taxonomy":"post_tag","embeddable":true,"href":"https:\/\/www.europesays.com\/es\/wp-json\/wp\/v2\/tags?post=158321"}],"curies":[{"name":"wp","href":"https:\/\/api.w.org\/{rel}","templated":true}]}}