{"id":158325,"date":"2025-10-05T18:52:11","date_gmt":"2025-10-05T18:52:11","guid":{"rendered":"https:\/\/www.europesays.com\/es\/158325\/"},"modified":"2025-10-05T18:52:11","modified_gmt":"2025-10-05T18:52:11","slug":"nuestra-hija-esta-presente-siempre","status":"publish","type":"post","link":"https:\/\/www.europesays.com\/es\/158325\/","title":{"rendered":"Nuestra hija est\u00e1 presente siempre"},"content":{"rendered":"<p class=\"c-paragraph\">El t\u00e9cnico espa\u00f1ol <a href=\"https:\/\/www.20minutos.es\/tags\/deportes\/luis-enrique.html\" title=\"Luis Enrique\" rel=\"nofollow noopener\" target=\"_blank\">Luis Enrique<\/a> vivir\u00e1 este mi\u00e9rcoles una noche especial en el duelo del PSG ante el <a href=\"https:\/\/www.20minutos.es\/tags\/deportes\/fc-barcelona.html\" title=\"FC Barcelona\" rel=\"nofollow noopener\" target=\"_blank\">FC Barcelona<\/a>, el equipo donde jug\u00f3 como futbolista y triunf\u00f3 al m\u00e1ximo como entrenador. Adem\u00e1s, <b><a href=\"https:\/\/www.20minutos.es\/deportes\/futbol\/solidario-detalle-psg-con-luis-enrique-llevara-ante-barca-logo-fundacion-xana-honor-su-hija-fallecida_6401886_0.html\" title=\"El solidario detalle del PSG con Luis Enrique: llevar\u00e1 ante el Bar\u00e7a el logo de la Fundaci\u00f3n Xana en honor a su hija fallecida\" rel=\"nofollow noopener\" target=\"_blank\">en \u00e9l el club parisino tendr\u00e1 un solidario gesto hacia la Fundaci\u00f3n Xana<\/a><\/b>, en honor a su hija fallecida, un detalle que ha gustado mucho al asturianno.<\/p>\n<p class=\"c-paragraph\">Sus jugadores llevar\u00e1n en Montjuic en las camisetas el logo de la Fundaci\u00f3n, despu\u00e9s se subastar\u00e1n esas el\u00e1sticas y <b>lo recaudado ir\u00e1 destinado a la organizaci\u00f3n.<\/b><\/p>\n<p class=\"c-paragraph\">Tras ser preguntado por ello en la previa del encuentro, Luis Enrique dej\u00f3 unas emotivas palabras en recuerdo a su hija, quien\u00a0<b><b>muri\u00f3 el 29 de agosto de 2019 a los 9 a\u00f1os por un osteosarcoma.<\/b><\/b>\u00a0<\/p>\n<p class=\"c-paragraph\">\u00ab<b>Es un detalle incre\u00edble.<\/b> Le tengo que dar las gracias al presidente p\u00fablicamente porque es algo que nosotros jam\u00e1s hab\u00edamos pensado que pod\u00eda ocurrir\u00bb, arranc\u00f3 diciendo Luis Enrique.<\/p>\n<p class=\"c-paragraph\">\u00ab<b>Nuestra hija est\u00e1 presente siempre. <\/b>Nos acompa\u00f1a, nos da fuerza, nos da incluso demasiado trabajo porque la Fundaci\u00f3n no para y no deja de tener visibilidad. Eso significa que podemos ayudar a m\u00e1s ni\u00f1os y familias con problemas, lo cual es un placer enorme\u00bb, a\u00f1adi\u00f3.<\/p>\n","protected":false},"excerpt":{"rendered":"El t\u00e9cnico espa\u00f1ol Luis Enrique vivir\u00e1 este mi\u00e9rcoles una noche especial en el duelo del PSG ante el&hellip;\n","protected":false},"author":2,"featured_media":158326,"comment_status":"","ping_status":"","sticky":false,"template":"","format":"standard","meta":{"footnotes":""},"categories":[268],"tags":[168,47168,12096,25,24,280,282,4207,7820,1298,281,23,167],"class_list":{"0":"post-158325","1":"post","2":"type-post","3":"status-publish","4":"format-standard","5":"has-post-thumbnail","7":"category-futbol","8":"tag-deportes","9":"tag-emotivas","10":"tag-enrique","11":"tag-es","12":"tag-espana","13":"tag-football","14":"tag-futbol","15":"tag-las","16":"tag-luis","17":"tag-palabras","18":"tag-soccer","19":"tag-spain","20":"tag-sports"},"share_on_mastodon":{"url":"","error":""},"_links":{"self":[{"href":"https:\/\/www.europesays.com\/es\/wp-json\/wp\/v2\/posts\/158325","targetHints":{"allow":["GET"]}}],"collection":[{"href":"https:\/\/www.europesays.com\/es\/wp-json\/wp\/v2\/posts"}],"about":[{"href":"https:\/\/www.europesays.com\/es\/wp-json\/wp\/v2\/types\/post"}],"author":[{"embeddable":true,"href":"https:\/\/www.europesays.com\/es\/wp-json\/wp\/v2\/users\/2"}],"replies":[{"embeddable":true,"href":"https:\/\/www.europesays.com\/es\/wp-json\/wp\/v2\/comments?post=158325"}],"version-history":[{"count":0,"href":"https:\/\/www.europesays.com\/es\/wp-json\/wp\/v2\/posts\/158325\/revisions"}],"wp:featuredmedia":[{"embeddable":true,"href":"https:\/\/www.europesays.com\/es\/wp-json\/wp\/v2\/media\/158326"}],"wp:attachment":[{"href":"https:\/\/www.europesays.com\/es\/wp-json\/wp\/v2\/media?parent=158325"}],"wp:term":[{"taxonomy":"category","embeddable":true,"href":"https:\/\/www.europesays.com\/es\/wp-json\/wp\/v2\/categories?post=158325"},{"taxonomy":"post_tag","embeddable":true,"href":"https:\/\/www.europesays.com\/es\/wp-json\/wp\/v2\/tags?post=158325"}],"curies":[{"name":"wp","href":"https:\/\/api.w.org\/{rel}","templated":true}]}}