{"id":158327,"date":"2025-10-05T18:55:10","date_gmt":"2025-10-05T18:55:10","guid":{"rendered":"https:\/\/www.europesays.com\/es\/158327\/"},"modified":"2025-10-05T18:55:10","modified_gmt":"2025-10-05T18:55:10","slug":"la-feria-del-libro-de-jerez-rinde-homenaje-a-antonio-gallardo-molina-en-el-marco-del-centenario-de-su-nacimiento","status":"publish","type":"post","link":"https:\/\/www.europesays.com\/es\/158327\/","title":{"rendered":"La Feria del Libro de Jerez rinde homenaje a Antonio Gallardo Molina en el marco del centenario de su nacimiento"},"content":{"rendered":"<p class=\"voc-p\" style=\"\">La Feria del Libro de Jerez ha acogido un emotivo acto de homenaje al poeta, escritor y compositor Antonio Gallardo Molina, con motivo del centenario de su nacimiento. La alcaldesa, Mar\u00eda Jos\u00e9 Garc\u00eda-Pelayo, ha presidido el acto, acompa\u00f1ada por miembros del Gobierno municipal, representantes del mundo de la cultura y familiares del homenajeado, que ha tenido lugar en los Claustros de Santo Domingo. Se trata de un tributo a su herencia l\u00edrica, organizado por la Unidad de la Red de Bibliotecas Municipales, dentro de la programaci\u00f3n especial dedicada al autor jerezano.<\/p>\n<p class=\"voc-p\" style=\"\">La alcaldesa ha destacado que Antonio Gallardo es uno de los grandes hijos de Jerez, un autor cuya sensibilidad y talento han dejado un legado inmenso que sigue vivo hoy en la voz de artistas, poetas y del propio pueblo. \u00abSus letras forman parte de la cultura de Jerez, toda su memoria art\u00edstica; letras que pertenecen y pertenecer\u00e1n siempre a la memoria de la ciudad\u00bb. Garc\u00eda-Pelayo ha recordado que ser\u00e1 homenajeado durante todo el a\u00f1o, as\u00ed como la concesi\u00f3n del Premio Ciudad de Jerez de la Cultura, a la familia Gallardo, vinculada a las artes en distintas disciplinas. <\/p>\n<p class=\"voc-p\" style=\"\">Durante el acto, el jefe de la Unidad de la Red de Bibliotecas Municipales, Natalio Ben\u00edtez, ha ofrecido una semblanza del autor, y cuatro reconocidos poetas jerezanos, Carmen Ferrer, Josefa Parra y Mauricio Gil Cano, han le\u00eddo fragmentos de la obra de Gallardo, acompa\u00f1ados por la guitarra de Santiago Moreno, en una cuidada selecci\u00f3n que ha alternado palabra y m\u00fasica.<\/p>\n<p class=\"voc-p\" style=\"\">Asimismo, el periodista y acad\u00e9mico Jos\u00e9 Mar\u00edn Carmona ha intervenido para glosar la figura del autor, recordando su ingenio, su profunda humanidad y su papel en la historia cultural de la ciudad. A continuaci\u00f3n, Jes\u00fas Gallardo Quir\u00f3s, hijo del homenajeado, ha interpretado la canci\u00f3n \u00abTu nombre\u00bb, con letra de su padre y m\u00fasica propia; y por \u00faltimo, su hija Rosario ha agradecido este reconocimiento asegurando \u00abque su padre siempre estar\u00e1 en el coraz\u00f3n de Jerez\u00bb.<\/p>\n<p>\nSobre Antonio Gallardo Molina\n<\/p>\n<p class=\"voc-p\" style=\"\">Antonio Gallardo Molina naci\u00f3 en Jerez de la Frontera el 27 de septiembre de 1925, en la calle Antona de Dios. Casado con Rosario Quir\u00f3s Carrasco, fue padre de seis hijos: Severo, Jos\u00e9, Antonio, Milagrosa, Jes\u00fas y Bosco. Falleci\u00f3 el 12 de abril de 2016, dejando tras de s\u00ed una de las trayectorias m\u00e1s prol\u00edficas de la cultura andaluza contempor\u00e1nea.<\/p>\n<p class=\"voc-p\" style=\"\">Poeta, compositor, dramaturgo, fot\u00f3grafo y comunicador, Gallardo fue fundador y director de la primera Academia Flamenca de Cante, Baile y Guitarra de Jerez, miembro de la Real Academia San Dionisio de Ciencias, Artes y Letras y de la C\u00e1tedra de Flamencolog\u00eda, colaborando en medios como Cadena COPE, Radio Jerez, Ondavisi\u00f3n y Diario de Jerez.<\/p>\n<p class=\"voc-p\" style=\"\">Autor de m\u00e1s de 700 obras registradas en la SGAE, fue el creador de famosas letras como \u00abMaldigo tus ojos verdes\u00bb, \u00abSole\u00e1 de mis pesares\u00bb o \u00abLa luz de tus ojos grises\u00bb. Su talento ha traspasado generaciones; artistas como La Paquera de Jerez, Roc\u00edo Jurado, Lola Flores, Jos\u00e9 Merc\u00e9, Miguel Poveda o Jes\u00fas M\u00e9ndez han interpretado sus obras, e incluso la cantante Rosal\u00eda recurri\u00f3 a sus versos en dos temas de su \u00e1lbum El Mal Querer: \u00abReniego\u00bb y \u00abQue no salga la luna\u00bb.<\/p>\n<p class=\"voc-p\" style=\"\">Gallardo fue tambi\u00e9n autor de libros de poemas (Luna de Nis\u00e1n, Apenas yo), obras de teatro (Los novatos, El anuncio) y numerosos pregones, entre ellos el del Roc\u00edo (1975), la Nochebuena de Jerez (1980) y la Feria del Caballo (1981).<\/p>\n<p class=\"voc-p\" style=\"\">A lo largo de su vida recibi\u00f3 distinciones como Hijo Predilecto de Jerez (2009), el Premio Jerezan\u00edsimo (2003) y el Premio Especial de la Ciudad de Jerez (2007). En 2011, el Ayuntamiento dedic\u00f3 su nombre a la calle Pozo Dulce, cumpliendo su deseo de unirlo al nombre original. En 2014 se public\u00f3 su obra p\u00f3stuma Florilegio, que recoge parte de su legado po\u00e9tico.<\/p>\n<p>Reportar un error<\/p>\n","protected":false},"excerpt":{"rendered":"La Feria del Libro de Jerez ha acogido un emotivo acto de homenaje al poeta, escritor y compositor&hellip;\n","protected":false},"author":2,"featured_media":158328,"comment_status":"","ping_status":"","sticky":false,"template":"","format":"standard","meta":{"footnotes":""},"categories":[172],"tags":[1247,224,5204,146,147,25,24,599,26425,6552,15643,1496,225,737,5809,6755,3656,23],"class_list":{"0":"post-158327","1":"post","2":"type-post","3":"status-publish","4":"format-standard","5":"has-post-thumbnail","7":"category-libros","8":"tag-antonio","9":"tag-books","10":"tag-centenario","11":"tag-entertainment","12":"tag-entretenimiento","13":"tag-es","14":"tag-espana","15":"tag-feria","16":"tag-gallardo","17":"tag-homenaje","18":"tag-jerez","19":"tag-libro","20":"tag-libros","21":"tag-marco","22":"tag-molina","23":"tag-nacimiento","24":"tag-rinde","25":"tag-spain"},"share_on_mastodon":{"url":"","error":""},"_links":{"self":[{"href":"https:\/\/www.europesays.com\/es\/wp-json\/wp\/v2\/posts\/158327","targetHints":{"allow":["GET"]}}],"collection":[{"href":"https:\/\/www.europesays.com\/es\/wp-json\/wp\/v2\/posts"}],"about":[{"href":"https:\/\/www.europesays.com\/es\/wp-json\/wp\/v2\/types\/post"}],"author":[{"embeddable":true,"href":"https:\/\/www.europesays.com\/es\/wp-json\/wp\/v2\/users\/2"}],"replies":[{"embeddable":true,"href":"https:\/\/www.europesays.com\/es\/wp-json\/wp\/v2\/comments?post=158327"}],"version-history":[{"count":0,"href":"https:\/\/www.europesays.com\/es\/wp-json\/wp\/v2\/posts\/158327\/revisions"}],"wp:featuredmedia":[{"embeddable":true,"href":"https:\/\/www.europesays.com\/es\/wp-json\/wp\/v2\/media\/158328"}],"wp:attachment":[{"href":"https:\/\/www.europesays.com\/es\/wp-json\/wp\/v2\/media?parent=158327"}],"wp:term":[{"taxonomy":"category","embeddable":true,"href":"https:\/\/www.europesays.com\/es\/wp-json\/wp\/v2\/categories?post=158327"},{"taxonomy":"post_tag","embeddable":true,"href":"https:\/\/www.europesays.com\/es\/wp-json\/wp\/v2\/tags?post=158327"}],"curies":[{"name":"wp","href":"https:\/\/api.w.org\/{rel}","templated":true}]}}