{"id":158329,"date":"2025-10-05T18:59:22","date_gmt":"2025-10-05T18:59:22","guid":{"rendered":"https:\/\/www.europesays.com\/es\/158329\/"},"modified":"2025-10-05T18:59:22","modified_gmt":"2025-10-05T18:59:22","slug":"ciclismo-%c2%b7-tadej-pogacar-campeon-de-europa-de-ciclismo-2025","status":"publish","type":"post","link":"https:\/\/www.europesays.com\/es\/158329\/","title":{"rendered":"Ciclismo \u00b7 Tadej Poga\u010dar, campe\u00f3n de Europa de ciclismo 2025"},"content":{"rendered":"<p>El reci\u00e9n coronado campe\u00f3n del mundo de <a href=\"https:\/\/www.olympics.com\/es\/deportes\/ciclismo-en-ruta\/\" data-tracking-payload=\"{&quot;implementation_provider&quot;:&quot;sed&quot;,&quot;content_geography&quot;:&quot;AF,AX,AL,DZ,AS,AD,AO,AI,AQ,AG,AR,AM,AW,AU,AT,AZ,BS,BH,BD,BB,BY,BE,BZ,BJ,BM,BT,BO,BQ,BA,BW,BV,BR,IO,UM,VG,VI,BN,BG,BF,BI,KH,CM,CA,CV,KY,CF,TD,CL,CN,CX,CC,CO,KM,CG,CD,CK,CR,HR,CU,CW,CY,CZ,DK,DJ,DM,DO,EC,EG,SV,GQ,ER,EE,ET,FK,FO,FJ,FI,FR,GF,PF,TF,GA,GM,GE,DE,GH,GI,GR,GL,GD,GP,GU,GT,GG,GN,GW,GY,HT,HM,VA,HN,HK,HU,IS,IN,ID,CI,IR,IQ,IE,IM,IL,IT,JM,JP,JE,JO,KZ,KE,KI,KW,KG,LA,LV,LB,LS,LR,LY,LI,LT,LU,MO,MK,MG,MW,MY,MV,ML,MT,MH,MQ,MR,MU,YT,MX,FM,MD,MC,MN,ME,MS,MA,MZ,MM,NA,NR,NP,NL,NC,NZ,NI,NE,NG,NU,NF,KP,MP,NO,OM,PK,PW,PS,PA,PG,PY,PE,PH,PN,PL,PT,PR,QA,RE,RO,RU,RW,BL,SH,KN,LC,MF,PM,VC,WS,SM,ST,SA,SN,RS,SC,SL,SG,SX,SK,SI,SB,SO,ZA,GS,KR,SS,ES,LK,SD,SR,SJ,SZ,SE,CH,SY,TW,TJ,TZ,TH,TL,TG,TK,TO,TT,TN,TR,TM,TC,TV,UG,UA,AE,GB,US,UY,UZ,VU,VE,VN,WF,EH,YE,ZM,ZW,XK&quot;,&quot;content_id&quot;:&quot;b4de87e9-c658-47dd-be93-5b59f9b24f42&quot;,&quot;content_release_date_local_utc&quot;:&quot;2025-10-05T15:36:00Z&quot;,&quot;content_title&quot;:&quot;Tadej Poga\u010dar, tambi\u00e9n campe\u00f3n de Europa de ciclismo&quot;,&quot;tag&quot;:&quot;[\\&quot;discipline-ciclismo-en-ruta\\&quot;,\\&quot;newsclip\\&quot;,\\&quot;gender-male\\&quot;,\\&quot;remco-evenepoel\\&quot;,\\&quot;tadej-pogacar\\&quot;,\\&quot;apple-news-all\\&quot;,\\&quot;gender-global\\&quot;,\\&quot;noc-si\\&quot;,\\&quot;europe-editorial\\&quot;,\\&quot;noc-be\\&quot;,\\&quot;noc-fr\\&quot;]&quot;,&quot;module_type&quot;:&quot;TextBlock&quot;,&quot;module_title&quot;:&quot;Tadej Poga\u010dar, tambi\u00e9n campe\u00f3n de Europa de ciclismo&quot;,&quot;section_level_1&quot;:&quot;news&quot;,&quot;section_level_2&quot;:&quot;tadej-pogacar-campeon-europa-de-ciclismo-2025&quot;,&quot;discipline&quot;:&quot;discipline-ciclismo-en-ruta&quot;,&quot;odf_id&quot;:&quot;CRD&quot;,&quot;module_instance&quot;:&quot;Inline&quot;,&quot;module_id&quot;:null}\" data-tracking=\"click\" rel=\"nofollow noopener\" target=\"_blank\">ciclismo<\/a>, <a href=\"https:\/\/www.olympics.com\/es\/atletas\/tadej-pogacar\" data-tracking-payload=\"{&quot;implementation_provider&quot;:&quot;sed&quot;,&quot;content_geography&quot;:&quot;AF,AX,AL,DZ,AS,AD,AO,AI,AQ,AG,AR,AM,AW,AU,AT,AZ,BS,BH,BD,BB,BY,BE,BZ,BJ,BM,BT,BO,BQ,BA,BW,BV,BR,IO,UM,VG,VI,BN,BG,BF,BI,KH,CM,CA,CV,KY,CF,TD,CL,CN,CX,CC,CO,KM,CG,CD,CK,CR,HR,CU,CW,CY,CZ,DK,DJ,DM,DO,EC,EG,SV,GQ,ER,EE,ET,FK,FO,FJ,FI,FR,GF,PF,TF,GA,GM,GE,DE,GH,GI,GR,GL,GD,GP,GU,GT,GG,GN,GW,GY,HT,HM,VA,HN,HK,HU,IS,IN,ID,CI,IR,IQ,IE,IM,IL,IT,JM,JP,JE,JO,KZ,KE,KI,KW,KG,LA,LV,LB,LS,LR,LY,LI,LT,LU,MO,MK,MG,MW,MY,MV,ML,MT,MH,MQ,MR,MU,YT,MX,FM,MD,MC,MN,ME,MS,MA,MZ,MM,NA,NR,NP,NL,NC,NZ,NI,NE,NG,NU,NF,KP,MP,NO,OM,PK,PW,PS,PA,PG,PY,PE,PH,PN,PL,PT,PR,QA,RE,RO,RU,RW,BL,SH,KN,LC,MF,PM,VC,WS,SM,ST,SA,SN,RS,SC,SL,SG,SX,SK,SI,SB,SO,ZA,GS,KR,SS,ES,LK,SD,SR,SJ,SZ,SE,CH,SY,TW,TJ,TZ,TH,TL,TG,TK,TO,TT,TN,TR,TM,TC,TV,UG,UA,AE,GB,US,UY,UZ,VU,VE,VN,WF,EH,YE,ZM,ZW,XK&quot;,&quot;content_id&quot;:&quot;b4de87e9-c658-47dd-be93-5b59f9b24f42&quot;,&quot;content_release_date_local_utc&quot;:&quot;2025-10-05T15:36:00Z&quot;,&quot;content_title&quot;:&quot;Tadej Poga\u010dar, tambi\u00e9n campe\u00f3n de Europa de ciclismo&quot;,&quot;tag&quot;:&quot;[\\&quot;discipline-ciclismo-en-ruta\\&quot;,\\&quot;newsclip\\&quot;,\\&quot;gender-male\\&quot;,\\&quot;remco-evenepoel\\&quot;,\\&quot;tadej-pogacar\\&quot;,\\&quot;apple-news-all\\&quot;,\\&quot;gender-global\\&quot;,\\&quot;noc-si\\&quot;,\\&quot;europe-editorial\\&quot;,\\&quot;noc-be\\&quot;,\\&quot;noc-fr\\&quot;]&quot;,&quot;module_type&quot;:&quot;TextBlock&quot;,&quot;module_title&quot;:&quot;Tadej Poga\u010dar, tambi\u00e9n campe\u00f3n de Europa de ciclismo&quot;,&quot;section_level_1&quot;:&quot;news&quot;,&quot;section_level_2&quot;:&quot;tadej-pogacar-campeon-europa-de-ciclismo-2025&quot;,&quot;discipline&quot;:&quot;discipline-ciclismo-en-ruta&quot;,&quot;odf_id&quot;:&quot;CRD&quot;,&quot;module_instance&quot;:&quot;Inline&quot;,&quot;module_id&quot;:null}\" data-tracking=\"click\" rel=\"nofollow noopener\" target=\"_blank\"><strong>Tadej Poga\u010dar<\/strong><\/a>, a\u00f1adi\u00f3 una primera corona continental a su palmar\u00e9s con su contundente victoria en el <strong>Campeonato de Europa de Ciclismo en Ruta UEC 2025<\/strong>, celebrado el domingo 5 de octubre.<\/p>\n<p>La victoria llega una semana despu\u00e9s de que la estrella eslovena del ciclismo en ruta lograra su <strong>segundo t\u00edtulo mundial consecutivo<\/strong> con una actuaci\u00f3n soberbia en Kigali, Ruanda.<\/p>\n<p>El domingo, Poga\u010dar volvi\u00f3 a dar una lecci\u00f3n de ciclismo al lanzarse en solitario en la \u00faltima subida de la C\u00f4te de Saint-Romain-de-Lerps, a 75 km de la meta.<\/p>\n<p>El bicampe\u00f3n ol\u00edmpico belga <strong><a href=\"https:\/\/www.olympics.com\/es\/atletas\/remco-evenepoel\" rel=\"nofollow noopener\" target=\"_blank\">Remco Evenepoel<\/a><\/strong> se colg\u00f3 inicialmente a la rueda de Poga\u010dar, pero no pudo seguir el ritmo del esloveno.<\/p>\n<p>Poga\u010dar abri\u00f3 una brecha de 30 segundos sobre el grupo perseguidor encabezado por Evenepoel, que se redujo a cerca de 20 segundos.<\/p>\n<p>El cuatro veces campe\u00f3n del Tour de Francia encontr\u00f3 su ritmo y abri\u00f3 una ventaja casi insuperable de un minuto sobre los perseguidores.<\/p>\n<p>En la campana de la \u00faltima vuelta, a 17 kil\u00f3metros de meta, Poga\u010dar manten\u00eda una ventaja de un minuto y dos segundos sobre Evenepoel.<\/p>\n<p>Pero el ciclista belga no pudo alcanzar al esloveno y tuvo que conformarse con la medalla de plata al cruzar la l\u00ednea de meta 31 segundos por detr\u00e1s. El franc\u00e9s <strong>Paul Seixas<\/strong>, de 19 a\u00f1os, termin\u00f3 en tercera posici\u00f3n, a 3:41 de Poga\u010dar. Por su lado, <a href=\"https:\/\/www.olympics.com\/es\/atletas\/juan-ayuso-pesquera\" data-tracking-payload=\"{&quot;implementation_provider&quot;:&quot;sed&quot;,&quot;content_geography&quot;:&quot;AF,AX,AL,DZ,AS,AD,AO,AI,AQ,AG,AR,AM,AW,AU,AT,AZ,BS,BH,BD,BB,BY,BE,BZ,BJ,BM,BT,BO,BQ,BA,BW,BV,BR,IO,UM,VG,VI,BN,BG,BF,BI,KH,CM,CA,CV,KY,CF,TD,CL,CN,CX,CC,CO,KM,CG,CD,CK,CR,HR,CU,CW,CY,CZ,DK,DJ,DM,DO,EC,EG,SV,GQ,ER,EE,ET,FK,FO,FJ,FI,FR,GF,PF,TF,GA,GM,GE,DE,GH,GI,GR,GL,GD,GP,GU,GT,GG,GN,GW,GY,HT,HM,VA,HN,HK,HU,IS,IN,ID,CI,IR,IQ,IE,IM,IL,IT,JM,JP,JE,JO,KZ,KE,KI,KW,KG,LA,LV,LB,LS,LR,LY,LI,LT,LU,MO,MK,MG,MW,MY,MV,ML,MT,MH,MQ,MR,MU,YT,MX,FM,MD,MC,MN,ME,MS,MA,MZ,MM,NA,NR,NP,NL,NC,NZ,NI,NE,NG,NU,NF,KP,MP,NO,OM,PK,PW,PS,PA,PG,PY,PE,PH,PN,PL,PT,PR,QA,RE,RO,RU,RW,BL,SH,KN,LC,MF,PM,VC,WS,SM,ST,SA,SN,RS,SC,SL,SG,SX,SK,SI,SB,SO,ZA,GS,KR,SS,ES,LK,SD,SR,SJ,SZ,SE,CH,SY,TW,TJ,TZ,TH,TL,TG,TK,TO,TT,TN,TR,TM,TC,TV,UG,UA,AE,GB,US,UY,UZ,VU,VE,VN,WF,EH,YE,ZM,ZW,XK&quot;,&quot;content_id&quot;:&quot;b4de87e9-c658-47dd-be93-5b59f9b24f42&quot;,&quot;content_release_date_local_utc&quot;:&quot;2025-10-05T15:36:00Z&quot;,&quot;content_title&quot;:&quot;Tadej Poga\u010dar, tambi\u00e9n campe\u00f3n de Europa de ciclismo&quot;,&quot;tag&quot;:&quot;[\\&quot;discipline-ciclismo-en-ruta\\&quot;,\\&quot;newsclip\\&quot;,\\&quot;gender-male\\&quot;,\\&quot;remco-evenepoel\\&quot;,\\&quot;tadej-pogacar\\&quot;,\\&quot;apple-news-all\\&quot;,\\&quot;gender-global\\&quot;,\\&quot;noc-si\\&quot;,\\&quot;europe-editorial\\&quot;,\\&quot;noc-be\\&quot;,\\&quot;noc-fr\\&quot;]&quot;,&quot;module_type&quot;:&quot;TextBlock&quot;,&quot;module_title&quot;:&quot;Tadej Poga\u010dar, tambi\u00e9n campe\u00f3n de Europa de ciclismo&quot;,&quot;section_level_1&quot;:&quot;news&quot;,&quot;section_level_2&quot;:&quot;tadej-pogacar-campeon-europa-de-ciclismo-2025&quot;,&quot;discipline&quot;:&quot;discipline-ciclismo-en-ruta&quot;,&quot;odf_id&quot;:&quot;CRD&quot;,&quot;module_instance&quot;:&quot;Inline&quot;,&quot;module_id&quot;:null}\" data-tracking=\"click\" rel=\"nofollow noopener\" target=\"_blank\"><strong>Juan Ayuso<\/strong><\/a> termin\u00f3 en sexta posici\u00f3n como mejor espa\u00f1ol.<\/p>\n","protected":false},"excerpt":{"rendered":"El reci\u00e9n coronado campe\u00f3n del mundo de ciclismo, Tadej Poga\u010dar, a\u00f1adi\u00f3 una primera corona continental a su palmar\u00e9s&hellip;\n","protected":false},"author":2,"featured_media":158330,"comment_status":"","ping_status":"","sticky":false,"template":"","format":"standard","meta":{"footnotes":""},"categories":[93],"tags":[168,25,24,23,167],"class_list":{"0":"post-158329","1":"post","2":"type-post","3":"status-publish","4":"format-standard","5":"has-post-thumbnail","7":"category-deportes","8":"tag-deportes","9":"tag-es","10":"tag-espana","11":"tag-spain","12":"tag-sports"},"share_on_mastodon":{"url":"","error":""},"_links":{"self":[{"href":"https:\/\/www.europesays.com\/es\/wp-json\/wp\/v2\/posts\/158329","targetHints":{"allow":["GET"]}}],"collection":[{"href":"https:\/\/www.europesays.com\/es\/wp-json\/wp\/v2\/posts"}],"about":[{"href":"https:\/\/www.europesays.com\/es\/wp-json\/wp\/v2\/types\/post"}],"author":[{"embeddable":true,"href":"https:\/\/www.europesays.com\/es\/wp-json\/wp\/v2\/users\/2"}],"replies":[{"embeddable":true,"href":"https:\/\/www.europesays.com\/es\/wp-json\/wp\/v2\/comments?post=158329"}],"version-history":[{"count":0,"href":"https:\/\/www.europesays.com\/es\/wp-json\/wp\/v2\/posts\/158329\/revisions"}],"wp:featuredmedia":[{"embeddable":true,"href":"https:\/\/www.europesays.com\/es\/wp-json\/wp\/v2\/media\/158330"}],"wp:attachment":[{"href":"https:\/\/www.europesays.com\/es\/wp-json\/wp\/v2\/media?parent=158329"}],"wp:term":[{"taxonomy":"category","embeddable":true,"href":"https:\/\/www.europesays.com\/es\/wp-json\/wp\/v2\/categories?post=158329"},{"taxonomy":"post_tag","embeddable":true,"href":"https:\/\/www.europesays.com\/es\/wp-json\/wp\/v2\/tags?post=158329"}],"curies":[{"name":"wp","href":"https:\/\/api.w.org\/{rel}","templated":true}]}}