{"id":158349,"date":"2025-10-05T19:13:14","date_gmt":"2025-10-05T19:13:14","guid":{"rendered":"https:\/\/www.europesays.com\/es\/158349\/"},"modified":"2025-10-05T19:13:14","modified_gmt":"2025-10-05T19:13:14","slug":"freno-100-metros-antes-de-lo-normal","status":"publish","type":"post","link":"https:\/\/www.europesays.com\/es\/158349\/","title":{"rendered":"Fren\u00f3 100 metros antes de lo normal"},"content":{"rendered":"<p>Colapinto y Hulkenberg se encontraban luchando por posici\u00f3n en la vuelta 44 de las 62 previstas en el circuito urbano de Marina Bay cuando el piloto de Sauber realiz\u00f3 un trompo al llegar a la curva 7.<\/p>\n<p>Afortunadamente, Hulkenberg no golpe\u00f3 al piloto argentino ni impact\u00f3 contra las defensas, aprovechando la escapatoria existente en ese sector del circuito de Singapur.<\/p>\n<p>Al ser preguntado por la maniobra luego de terminar en la 20\u00b0 y \u00faltima posici\u00f3n, Hulkenberg se\u00f1al\u00f3 que sinti\u00f3 que Colapinto hab\u00eda frenado antes de lo habitual en esa parte de la pista.<\/p>\n<p>\u00abFue un trompo bastante grande, tuve suerte de no golpear nada. Franco fren\u00f3 100 metros antes, no s\u00e9 por qu\u00e9. Probablemente quer\u00eda sorprenderme de alguna manera, y bueno, lo consigui\u00f3\u00bb, dijo ante los medios, entre ellos <strong>Motorsport.com<\/strong>.<\/p>\n<p>\u00abPero el problema es que, cuando te acerc\u00e1s a otro auto, la carga aerodin\u00e1mica trasera desaparece por completo. El eje trasero se bloquea instant\u00e1neamente y, s\u00ed, en ese momento no pod\u00e9s hacer nada\u00bb.<\/p>\n<p>Cuando se le indic\u00f3 a Colapinto que Hulkenberg lo hab\u00eda acusado de frenar antes, el argentino evit\u00f3 entrar en pol\u00e9micas: \u00abNo s\u00e9, solo lo vi girar en el espejo. No puedo decirte, \u00e9l deber\u00eda contarte desde su perspectiva\u00bb.<\/p>\n<p>   <img decoding=\"async\" draggable=\"false\" src=\"https:\/\/www.europesays.com\/es\/wp-content\/uploads\/2025\/10\/nico-hulkenberg-sauber.jpg\" alt=\"Nico Hulkenberg, Sauber\" width=\"1200\" height=\"800\" loading=\"lazy\"\/> <\/p>\n<p class=\"title\">Nico Hulkenberg, Sauber<\/p>\n<p class=\"photographer\">Photo by: Sam Bloxham \/ LAT Images via Getty Images<\/p>\n<p>M\u00e1s all\u00e1 del incidente, Hulkenberg se mostr\u00f3 especialmente frustrado por el desarrollo de su carrera y por el rendimiento del monoplaza de Sauber.<\/p>\n<p>\u00abS\u00ed, fue complicada. No fue una carrera positiva ni buena. Al inicio tuve que tomar acci\u00f3n evasiva entre, creo, (Oliver) Bearman y\u2026 no estoy completamente seguro, tal vez Fernando (Alonso) o el RB, pero m\u00e1s o menos me mantuve en la misma posici\u00f3n despu\u00e9s de la primera vuelta\u00bb, explic\u00f3 a Sky Sports de Alemania.<\/p>\n<p>\u00abLuego tendremos que revisar la estrategia nuevamente; como paramos tarde, perdimos posici\u00f3n en pista y quedamos atrapados en el tr\u00e1fico \u2014y con nuestro auto, eso es realmente, realmente dif\u00edcil. Tenemos algunos problemas caracter\u00edsticos all\u00ed. Saliendo de esas curvas lentas, simplemente no podemos manejarlo ni mantener el ritmo. Y s\u00ed, lo dem\u00e1s\u2026 ni siquiera vale la pena mencionarlo\u00bb.<\/p>\n<p>Por otro lado, el experimentado piloto alem\u00e1n analiz\u00f3 por qu\u00e9, por segundo a\u00f1o consecutivo, el Gran Premio de Singapur se desarroll\u00f3 sin la intervenci\u00f3n del coche de seguridad, lo cual hab\u00eda sido una constante desde que la carrera entr\u00f3 en el calendario en 2008.<\/p>\n<p>\u00abNo quiero decir que algunos deber\u00edan chocar, pero quiz\u00e1 deber\u00eda haber un poco m\u00e1s de acci\u00f3n en carrera. Pero todo esto se remonta a estos autos. No s\u00e9, quiz\u00e1 tienen demasiado agarre, demasiada carga aerodin\u00e1mica, y son demasiado seguros en ese sentido. Y todos sabemos que es una l\u00ednea muy fina. Obviamente el s\u00e1bado se va al m\u00e1ximo, pero el domingo todos dejamos un poco de margen\u00bb, coment\u00f3.<\/p>\n<p>\u00abY cuando hacemos eso, terminamos con carreras como esta. As\u00ed que creo que est\u00e1 un poco relacionado con este tipo de autos que tienen tanta carga aerodin\u00e1mica. Quiz\u00e1s el a\u00f1o que viene sea diferente\u00bb.<\/p>\n<p>M\u00e1s de la F\u00f3rmula 1:<\/p>\n<p>            Queremos tu opini\u00f3n<\/p>\n<p class=\"mt-auto\">\u00bfQu\u00e9 le gustar\u00eda ver en Motorsport.com?<\/p>\n<p>            <a href=\"#\" class=\"ms-link text-link font-bold\">Responda a nuestra encuesta de 5 minutos.<\/a><\/p>\n<p class=\"mt-1 font-info text-body\">&#8211; El equipo de Motorsport.com<\/p>\n","protected":false},"excerpt":{"rendered":"Colapinto y Hulkenberg se encontraban luchando por posici\u00f3n en la vuelta 44 de las 62 previstas en el&hellip;\n","protected":false},"author":2,"featured_media":158350,"comment_status":"","ping_status":"","sticky":false,"template":"","format":"standard","meta":{"footnotes":""},"categories":[270],"tags":[168,25,24,306,271,272,1723,1230,44837,47170,44838,2098,23,167],"class_list":{"0":"post-158349","1":"post","2":"type-post","3":"status-publish","4":"format-standard","5":"has-post-thumbnail","7":"category-formula-1","8":"tag-deportes","9":"tag-es","10":"tag-espana","11":"tag-f1","12":"tag-formula-1","13":"tag-formula1","14":"tag-franco-colapinto","15":"tag-fu00f3rmula-1","16":"tag-gp-de-singapur","17":"tag-hulkenberg-culpa-a-colapinto-por-su-trompo-frenu00f3-100-metros-antes-de-lo-normal","18":"tag-marina-bay-street-circuit","19":"tag-nico-hulkenberg","20":"tag-spain","21":"tag-sports"},"share_on_mastodon":{"url":"","error":""},"_links":{"self":[{"href":"https:\/\/www.europesays.com\/es\/wp-json\/wp\/v2\/posts\/158349","targetHints":{"allow":["GET"]}}],"collection":[{"href":"https:\/\/www.europesays.com\/es\/wp-json\/wp\/v2\/posts"}],"about":[{"href":"https:\/\/www.europesays.com\/es\/wp-json\/wp\/v2\/types\/post"}],"author":[{"embeddable":true,"href":"https:\/\/www.europesays.com\/es\/wp-json\/wp\/v2\/users\/2"}],"replies":[{"embeddable":true,"href":"https:\/\/www.europesays.com\/es\/wp-json\/wp\/v2\/comments?post=158349"}],"version-history":[{"count":0,"href":"https:\/\/www.europesays.com\/es\/wp-json\/wp\/v2\/posts\/158349\/revisions"}],"wp:featuredmedia":[{"embeddable":true,"href":"https:\/\/www.europesays.com\/es\/wp-json\/wp\/v2\/media\/158350"}],"wp:attachment":[{"href":"https:\/\/www.europesays.com\/es\/wp-json\/wp\/v2\/media?parent=158349"}],"wp:term":[{"taxonomy":"category","embeddable":true,"href":"https:\/\/www.europesays.com\/es\/wp-json\/wp\/v2\/categories?post=158349"},{"taxonomy":"post_tag","embeddable":true,"href":"https:\/\/www.europesays.com\/es\/wp-json\/wp\/v2\/tags?post=158349"}],"curies":[{"name":"wp","href":"https:\/\/api.w.org\/{rel}","templated":true}]}}