{"id":158351,"date":"2025-10-05T19:15:14","date_gmt":"2025-10-05T19:15:14","guid":{"rendered":"https:\/\/www.europesays.com\/es\/158351\/"},"modified":"2025-10-05T19:15:14","modified_gmt":"2025-10-05T19:15:14","slug":"claudio-giraldez-recibe-el-apoyo-de-la-presidenta-confianza-total","status":"publish","type":"post","link":"https:\/\/www.europesays.com\/es\/158351\/","title":{"rendered":"Claudio Gir\u00e1ldez recibe el apoyo de la presidenta: \u201cConfianza total\u201d"},"content":{"rendered":"<p class=\"paragraph-atom &#10;        B-500-300-700-N B-550-300-700-N--md  \">El <a href=\"https:\/\/www.atlantico.net\/temas\/rc-celta-de-vigo\/\" rel=\"nofollow noopener\" target=\"_blank\"><strong>Celta<\/strong><\/a> no ha empezado la temporada de la mejor manera y, despu\u00e9s de <strong>siete jornadas de Liga<\/strong> y una <strong>europea<\/strong>, a\u00fan no conoce la <strong>victoria<\/strong>, una situaci\u00f3n inesperada despu\u00e9s de la gran campa\u00f1a anterior del conjunto celeste. Y este \u00faltimo es precisamente el motivo de que en las altas esferas del club no hayan saltado las alarmas y se siga confiando en el trabajo de <strong>Claudio Gir\u00e1ldez<\/strong>, que el curso pasado clasific\u00f3 al cuadro vigu\u00e9s para la <strong>Europa League<\/strong> con una plantilla plagada de canteranos.<\/p>\n<p class=\"paragraph-atom &#10;        B-500-300-700-N B-550-300-700-N--md  \">As\u00ed lo expres\u00f3 ayer la <strong>presidenta del Celta, Mari\u00e1n Mouri\u00f1o<\/strong>, que tras una comida en <strong>Santiago<\/strong> mostr\u00f3 su \u201c<strong>confianza total<\/strong>\u201d en el trabajo del t\u00e9cnico porri\u00f1\u00e9s y, a unas horas de recibir al <strong>PAOK de Sal\u00f3nica<\/strong>, insisti\u00f3 en que el torneo continental \u201ces un premio\u201d y que la prioridad del equipo sigue siendo la <strong>Liga<\/strong>. \u201cHa sido una semana intensa, m\u00e1s que extra\u00f1a. No est\u00e1bamos acostumbrados a viajar entre semana, volver, casi no tuvimos descansos\u2026 Fuimos a <strong>Elche<\/strong> y ya preparando el partido del jueves\u201d, empez\u00f3 diciendo Mouri\u00f1o tras siete d\u00edas en los que el <strong>Celta<\/strong> salv\u00f3 un punto en <strong>Vallecas<\/strong> y encaj\u00f3 dos derrotas seguidas, en <strong>Stuttgart<\/strong> y en <strong>Elche<\/strong>.<\/p>\n<p class=\"paragraph-atom &#10;        B-500-300-700-N B-550-300-700-N--md  \">Pese a estos resultados, la presidenta se\u00f1al\u00f3 que ve la situaci\u00f3n del equipo \u201c<strong>con tranquilidad<\/strong> y con expectaci\u00f3n, ya quiero que llegue el jueves. Tengo mucha confianza en el trabajo que hemos hecho, en lo que vimos el a\u00f1o pasado y en lo que estamos afrontando este\u201d.<\/p>\n<p class=\"paragraph-atom &#10;        B-500-300-700-N B-550-300-700-N--md  \">No obstante, la m\u00e1xima responsable del club reconoci\u00f3 que no esperaba un comienzo como el que ha protagonizado la escuadra celeste. \u201cEn el <strong>f\u00fatbol<\/strong>, las cosas te pueden salir bien o mal dependiendo de muchas cosas. \u00bfEsper\u00e1bamos empezar mejor? Siempre esperas empezar mejor \u00bfEstamos muy preocupados por c\u00f3mo se ha empezado? No. Creo que hemos visto al equipo jugar muy bien en partidos, hemos visto un <strong>bloque fuerte<\/strong>\u201d, indic\u00f3 <strong>Mouri\u00f1o<\/strong>, que revel\u00f3 que ha conversado varias veces con el entrenador en los \u00faltimos d\u00edas: \u201cHemos viajado y he estado mucho con \u00e9l. Ma\u00f1ana (por hoy) y el jueves, tambi\u00e9n. Hablamos siempre\u201d.<\/p>\n<p class=\"paragraph-atom &#10;        B-500-300-700-N B-550-300-700-N--md  \">Tras el partido de <strong>Elche<\/strong>, <strong>Claudio<\/strong> asumi\u00f3 la <strong>responsabilidad<\/strong> por el juego del equipo, que dio un paso atr\u00e1s respecto a jornadas anteriores. \u201cYo creo que <strong>Claudio<\/strong> es un entrenador muy sensato, es un entrenador muy sincero, que no se autoenga\u00f1a, que analiza muy bien las situaciones y que cuando dice eso es porque de verdad se lo cree. Y aqu\u00ed estamos todos para arroparlo, para entre todos unirnos y salir adelante cuanto antes\u201d, declar\u00f3 la presidenta antes de manifestar su apoyo expreso al t\u00e9cnico porri\u00f1\u00e9s ante dos preguntas concretas. \u201c\u00bfLa confianza es total? <strong>S\u00ed, claro, por supuesto<\/strong>\u201d y \u201c\u00bfNo hay un atisbo de duda? <strong>Para nada<\/strong>\u201d, respondi\u00f3 <strong>Mouri\u00f1o<\/strong>, que conf\u00eda en que esa primera victoria llegue ya ma\u00f1ana.<\/p>\n<p>        \u00abEuropa es un regalo, pero el Celta tiene que estar en Primera\u00bb<\/p>\n<p class=\"paragraph-atom &#10;        B-500-300-700-N B-550-300-700-N--md  \"><strong>Mari\u00e1n Mouri\u00f1o<\/strong> asegur\u00f3 sentirse <strong>ilusionada<\/strong> por el regreso de la <strong>Europa League<\/strong> a <strong>Bala\u00eddos<\/strong>, pero insisti\u00f3 en que la prioridad es la <strong>Liga<\/strong> y que el <strong>Celta<\/strong> parte con el objetivo principal de asegurar la permanencia en <strong>Primera Divisi\u00f3n<\/strong>. Cuestionada sobre el partido de ma\u00f1ana contra el <strong>PAOK<\/strong>, la presidenta celeste coment\u00f3 que \u201cyo creo que hay que vivirlo con much\u00edsima ilusi\u00f3n. <strong>Europa<\/strong> ha sido un regalo, sobre todo para estos <strong>canteranos<\/strong> y para muchos jugadores que es la primera vez que participan en una competici\u00f3n europea. Para nosotros gestionando el club tambi\u00e9n, porque para muchos de nosotros es la primera vez. Para <strong>Claudio<\/strong> y su staff tambi\u00e9n, y, como dice \u00e9l, es un premio. Hay que vivirlo con mucha ilusi\u00f3n, hay que ser muy competitivos, y exigirnos, pero centrarnos en la Liga, por supuesto\u201d. En este sentido, a\u00f1adi\u00f3 que \u201cel <strong>Celta<\/strong> tiene que estar en <strong>Primera<\/strong>. Hay que trabajar para mantenernos y disfrutar este regalo que ha sido <strong>Europa<\/strong>\u201d.<\/p>\n","protected":false},"excerpt":{"rendered":"El Celta no ha empezado la temporada de la mejor manera y, despu\u00e9s de siete jornadas de Liga&hellip;\n","protected":false},"author":2,"featured_media":158352,"comment_status":"","ping_status":"","sticky":false,"template":"","format":"standard","meta":{"footnotes":""},"categories":[268],"tags":[6635,47171,168,25,24,280,282,47172,14107,3684,281,23,167],"class_list":{"0":"post-158351","1":"post","2":"type-post","3":"status-publish","4":"format-standard","5":"has-post-thumbnail","7":"category-futbol","8":"tag-apoyo","9":"tag-claudio","10":"tag-deportes","11":"tag-es","12":"tag-espana","13":"tag-football","14":"tag-futbol","15":"tag-giraldez","16":"tag-presidenta","17":"tag-recibe","18":"tag-soccer","19":"tag-spain","20":"tag-sports"},"share_on_mastodon":{"url":"","error":""},"_links":{"self":[{"href":"https:\/\/www.europesays.com\/es\/wp-json\/wp\/v2\/posts\/158351","targetHints":{"allow":["GET"]}}],"collection":[{"href":"https:\/\/www.europesays.com\/es\/wp-json\/wp\/v2\/posts"}],"about":[{"href":"https:\/\/www.europesays.com\/es\/wp-json\/wp\/v2\/types\/post"}],"author":[{"embeddable":true,"href":"https:\/\/www.europesays.com\/es\/wp-json\/wp\/v2\/users\/2"}],"replies":[{"embeddable":true,"href":"https:\/\/www.europesays.com\/es\/wp-json\/wp\/v2\/comments?post=158351"}],"version-history":[{"count":0,"href":"https:\/\/www.europesays.com\/es\/wp-json\/wp\/v2\/posts\/158351\/revisions"}],"wp:featuredmedia":[{"embeddable":true,"href":"https:\/\/www.europesays.com\/es\/wp-json\/wp\/v2\/media\/158352"}],"wp:attachment":[{"href":"https:\/\/www.europesays.com\/es\/wp-json\/wp\/v2\/media?parent=158351"}],"wp:term":[{"taxonomy":"category","embeddable":true,"href":"https:\/\/www.europesays.com\/es\/wp-json\/wp\/v2\/categories?post=158351"},{"taxonomy":"post_tag","embeddable":true,"href":"https:\/\/www.europesays.com\/es\/wp-json\/wp\/v2\/tags?post=158351"}],"curies":[{"name":"wp","href":"https:\/\/api.w.org\/{rel}","templated":true}]}}