{"id":158353,"date":"2025-10-05T19:18:09","date_gmt":"2025-10-05T19:18:09","guid":{"rendered":"https:\/\/www.europesays.com\/es\/158353\/"},"modified":"2025-10-05T19:18:09","modified_gmt":"2025-10-05T19:18:09","slug":"la-historia-de-la-doma-clasica-espanola-en-un-nuevo-libro","status":"publish","type":"post","link":"https:\/\/www.europesays.com\/es\/158353\/","title":{"rendered":"La historia de la Doma Cl\u00e1sica espa\u00f1ola en un nuevo libro."},"content":{"rendered":"<p><img loading=\"lazy\" decoding=\"async\" width=\"644\" height=\"918\" src=\"https:\/\/www.europesays.com\/es\/wp-content\/uploads\/2025\/10\/Captura-de-pantalla-2025-10-05-a-las-21.08.36.png\" alt=\"\" class=\"wp-image-98767\"  \/>Portada del libro de La historia de la Doma Cl\u00e1sica Espa\u00f1ola <\/p>\n<p>05-10-2025 Lily Forado <\/p>\n<p>El periodista y escritor\u00a0<strong>Fernando Osorio<\/strong>\u00a0firma el libro que impulsado por\u00a0<strong>Juan Carlos Campos Escribano<\/strong>, documenta la evoluci\u00f3n de la Doma Cl\u00e1sica espa\u00f1ola desde sus inicios en los a\u00f1os sesenta hasta hoy.<strong><\/strong><\/p>\n<p>En la sociedad 2.0 en la que vivimos, sometidos constantemente a est\u00edmulos digitales y al uso intensivo de dispositivos m\u00f3viles, cada vez dedicamos menos tiempo a la lectura o a desconectar del mundo tecnol\u00f3gico. Sin embargo, el aprendizaje debe ser constante; ya sea a trav\u00e9s de la lectura, la formaci\u00f3n o la experiencia, especialmente en \u00e1mbitos donde la tradici\u00f3n y la pasi\u00f3n se entrelazan, como ocurre en la\u00a0<strong>doma cl\u00e1sica<\/strong>.<\/p>\n<p>Muchos j\u00f3venes que hoy compiten en los cuadrilongos nacionales desconocen el origen de la doma cl\u00e1sica en nuestro pa\u00eds, as\u00ed como las figuras pioneras del\u00a0<strong>ballet ecuestre espa\u00f1ol<\/strong>\u00a0que impulsaron esta disciplina en los a\u00f1os sesenta. Este libro nace con el prop\u00f3sito de llenar ese vac\u00edo hist\u00f3rico y cultural, ofreciendo una mirada profunda a la historia viva de la doma cl\u00e1sica en Espa\u00f1a.<\/p>\n<blockquote class=\"wp-block-quote is-layout-flow wp-block-quote-is-layout-flow\">\n<p>\u201cEl libro surge porque era un proyecto que ten\u00eda en mente desde hac\u00eda tiempo\u201d, explica\u00a0Juan Carlos Campos, juez FEI y l\u00edder del proyecto.\u00a0\u201cMe di cuenta de que no exist\u00eda una historia contada de la Doma Cl\u00e1sica en Espa\u00f1a. Hab\u00eda publicaciones aisladas, listados de competiciones y medallas, pero faltaba una narraci\u00f3n completa, desde los or\u00edgenes hasta nuestros d\u00edas.\u201d<\/p>\n<p>A pesar de no tener experiencia previa en el mundo editorial, Campos decidi\u00f3 embarcarse en el reto.\u00a0\u201cNunca hab\u00eda hecho un libro, era todo nuevo para m\u00ed, pero los proyectos novedosos siempre me atraen. Me puse en marcha y contact\u00e9 con Bobby Fern\u00e1ndez de Bobadilla, que enseguida se entusiasm\u00f3 con la idea, y juntos comenzamos a darle forma.\u201d<\/p>\n<\/blockquote>\n<p>A trav\u00e9s de\u00a0<strong>entrevistas con figuras clave<\/strong>,\u00a0<strong>cap\u00edtulos dedicados a la evoluci\u00f3n del deporte<\/strong>\u00a0y\u00a0<strong>testimonios de jueces y jinetes<\/strong>, la obra reconstruye los hitos m\u00e1s relevantes de esta disciplina. Se incluyen relatos tan significativos como el del primer juez que otorg\u00f3 un 10 a un caballo de\u00a0<strong>Pura Raza Espa\u00f1ola (P.R.E.)<\/strong>, concretamente a\u00a0Evento, y se analiza tambi\u00e9n el papel fundamental de la\u00a0<strong>Real Escuela Andaluza del Arte Ecuestre de Jerez<\/strong>, entre otros referentes.<\/p>\n<blockquote class=\"wp-block-quote is-layout-flow wp-block-quote-is-layout-flow\">\n<p>\u201cEmpec\u00e9 a rodearme de personas apasionadas por la Doma Cl\u00e1sica, capaces de aportar conocimiento y experiencia de primera mano\u201d, comenta\u00a0Juan Carlos Campos.\u00a0\u201cV\u00edctor \u00c1lvarez, Maya Pou, Juan Matute, Paco Guerra, Miguel \u00c1ngel Clavero, Justi Rodr\u00edguez de Llera\u2026 todos ellos tambi\u00e9n vivieron los primeros tiempos, cuando este deporte comenzaba a desarrollarse en Espa\u00f1a, a\u00fan muy influido por la tradici\u00f3n militar.\u201d<\/p>\n<\/blockquote>\n<p>Uno de los momentos clave del proyecto fue la incorporaci\u00f3n de\u00a0<strong>Fernando Osorio<\/strong>, escritor del libro.\u00a0<strong>\u201cFernando es un amante del mundo ecuestre y ya contaba con experiencia editorial y en medios especializados. Gracias a \u00e9l pudimos estructurar el relato con rigor y coherencia, dando forma a una historia que merec\u00eda ser contada con profundidad y respeto.\u201d<\/strong><\/p>\n<p>Este ambicioso proyecto, impulsado por\u00a0<strong>Juan Carlos Campos<\/strong>, cuenta con el respaldo de figuras de referencia en el mundo ecuestre, como\u00a0<strong>Bobby Fern\u00e1ndez de Bobadilla<\/strong>, junto a otras personalidades destacadas del panorama nacional. Juntos han dado forma a una obra que no solo documenta el nacimiento y evoluci\u00f3n del\u00a0ballet ecuestre\u00a0en Espa\u00f1a, sino que tambi\u00e9n refleja el proceso de profesionalizaci\u00f3n y consolidaci\u00f3n de la\u00a0<strong>Doma Cl\u00e1sica<\/strong>\u00a0en Espa\u00f1a como disciplina deportiva ol\u00edmpica.<\/p>\n<p><img loading=\"lazy\" decoding=\"async\" width=\"1024\" height=\"683\" src=\"https:\/\/www.europesays.com\/es\/wp-content\/uploads\/2025\/10\/Ermelo23_Juan-Carlos-Campos-3-1024x683.jpg\" alt=\"\" class=\"wp-image-89026\"  \/>Ermelo23_Juan Carlos Campos+-3<\/p>\n<p><strong>\u201c<\/strong>Busqu\u00e9 patrocinadores y, para mi sorpresa, los tres primeros a los que contact\u00e9 aceptaron encantados: ClipMyHorse.tv, Maximilian Ecuestre y Cabalian Holding Group. M\u00e1s tarde se uni\u00f3 tambi\u00e9n Gallery Horse. Sin ellos, este proyecto no habr\u00eda sido posible\u201d, a\u00f1ade Campos.<\/p>\n<p><strong>\u201c<\/strong>Decidimos estructurar el libro de forma cronol\u00f3gica, comenzando en los a\u00f1os sesenta, cuando la Doma Cl\u00e1sica comenz\u00f3 a germinar en Espa\u00f1a\u201d, explica Campos.\u00a0\u201cEs un recorrido por su evoluci\u00f3n: desde la llegada de esta disciplina a nuestro pa\u00eds, los primeros pioneros, las actividades iniciales y las primeras competiciones, hasta la irrupci\u00f3n del caballo espa\u00f1ol y su papel clave en la internacionalizaci\u00f3n de la Doma. Todo ello nos lleva hasta el presente, donde la disciplina ha alcanzado un notable reconocimiento a nivel mundial.\u201d<\/p>\n<p>\u201cEste libro est\u00e1 hecho para todos: profesionales, amateurs, pioneros y, sobre todo, para los j\u00f3venes. Para que conozcan el pasado y no se olvide de d\u00f3nde naci\u00f3 todo\u201d, explica\u00a0Juan Campos Campos, autor del proyecto.<\/p>\n<p>\u201cEl libro acaba de salir a la venta. Ya est\u00e1 disponible en Amazon en formato Kindle, y tambi\u00e9n en la web de Kolima Editorial, que ha apostado con much\u00edsima ilusi\u00f3n por este proyecto. A\u00fan no est\u00e1 en librer\u00edas, porque acaba de imprimirse, pero pronto llegar\u00e1 a la distribuci\u00f3n general. La presentaci\u00f3n oficial ser\u00e1 en el SICAB, y tambi\u00e9n queremos hacerlo en la Real Escuela Andaluza del Arte Ecuestre, que es un lugar perfecto para ello\u201d, concluye Campos.<\/p>\n<p><strong><a href=\"https:\/\/www.editorialkolima.com\/producto\/historia-doma-clasica\/#\" rel=\"nofollow noopener\" target=\"_blank\">Comprar AQUI <\/a><\/strong><\/p>\n","protected":false},"excerpt":{"rendered":"Portada del libro de La historia de la Doma Cl\u00e1sica Espa\u00f1ola 05-10-2025 Lily Forado El periodista y escritor\u00a0Fernando&hellip;\n","protected":false},"author":2,"featured_media":158354,"comment_status":"","ping_status":"","sticky":false,"template":"","format":"standard","meta":{"footnotes":""},"categories":[172],"tags":[224,146,147,25,24,225,23],"class_list":{"0":"post-158353","1":"post","2":"type-post","3":"status-publish","4":"format-standard","5":"has-post-thumbnail","7":"category-libros","8":"tag-books","9":"tag-entertainment","10":"tag-entretenimiento","11":"tag-es","12":"tag-espana","13":"tag-libros","14":"tag-spain"},"share_on_mastodon":{"url":"","error":""},"_links":{"self":[{"href":"https:\/\/www.europesays.com\/es\/wp-json\/wp\/v2\/posts\/158353","targetHints":{"allow":["GET"]}}],"collection":[{"href":"https:\/\/www.europesays.com\/es\/wp-json\/wp\/v2\/posts"}],"about":[{"href":"https:\/\/www.europesays.com\/es\/wp-json\/wp\/v2\/types\/post"}],"author":[{"embeddable":true,"href":"https:\/\/www.europesays.com\/es\/wp-json\/wp\/v2\/users\/2"}],"replies":[{"embeddable":true,"href":"https:\/\/www.europesays.com\/es\/wp-json\/wp\/v2\/comments?post=158353"}],"version-history":[{"count":0,"href":"https:\/\/www.europesays.com\/es\/wp-json\/wp\/v2\/posts\/158353\/revisions"}],"wp:featuredmedia":[{"embeddable":true,"href":"https:\/\/www.europesays.com\/es\/wp-json\/wp\/v2\/media\/158354"}],"wp:attachment":[{"href":"https:\/\/www.europesays.com\/es\/wp-json\/wp\/v2\/media?parent=158353"}],"wp:term":[{"taxonomy":"category","embeddable":true,"href":"https:\/\/www.europesays.com\/es\/wp-json\/wp\/v2\/categories?post=158353"},{"taxonomy":"post_tag","embeddable":true,"href":"https:\/\/www.europesays.com\/es\/wp-json\/wp\/v2\/tags?post=158353"}],"curies":[{"name":"wp","href":"https:\/\/api.w.org\/{rel}","templated":true}]}}