{"id":158365,"date":"2025-10-05T19:28:13","date_gmt":"2025-10-05T19:28:13","guid":{"rendered":"https:\/\/www.europesays.com\/es\/158365\/"},"modified":"2025-10-05T19:28:13","modified_gmt":"2025-10-05T19:28:13","slug":"este-es-el-unico-pais-con-las-fronteras-aun-cerradas-debido-al-covid-y-solo-hay-una-forma-de-entrar-y-salir","status":"publish","type":"post","link":"https:\/\/www.europesays.com\/es\/158365\/","title":{"rendered":"Este es el \u00fanico pa\u00eds con las fronteras aun cerradas debido al COVID y solo hay una forma de entrar y salir"},"content":{"rendered":"<p>Cinco a\u00f1os despu\u00e9s de la pandemia, cuando mascarillas, cuarentenas y cierres de fronteras marcaron la vida cotidiana,<b> el mundo parece haber dejado atr\u00e1s aquella etapa.<\/b> Viajar volvi\u00f3 a ser parte de la rutina, el turismo se reactiv\u00f3 y las restricciones se convirtieron en un recuerdo colectivo.<\/p>\n<p>Sin embargo, todav\u00eda hay un pa\u00eds que vive bajo normas que parecen ancladas en 2020. Se trata de <b>Azerbaiy\u00e1n<\/b>, que ha prorrogado hasta el <b>1 de enero de 2026 <\/b>el r\u00e9gimen especial de cuarentena implantado al inicio de la crisis sanitaria.<\/p>\n<p>Eso convierte a<b> Bak\u00fa en la \u00fanica capital del planeta que mantiene cerradas sus fronteras<\/b> <b>terrestres <\/b>por motivos de COVID, cuando todos los dem\u00e1s estados las reabrieron hace a\u00f1os. La decisi\u00f3n sorprende en pleno 2025 y coloca al pa\u00eds en una<b> posici\u00f3n de aislamiento<\/b> <b>singular <\/b>en el mapa mundial.<\/p>\n<p>En la pr\u00e1ctica, la entrada y salida del territorio solo es posible por <b>v\u00eda a\u00e9rea<\/b> y bajo controles espec\u00edficos en los aeropuertos. Los pasos por carretera o ferrocarril permanecen clausurados,<b> salvo para el transporte de mercanc\u00edas<\/b> o supuestos excepcionales.<\/p>\n<p>Las autoridades justifican la medida como una pol\u00edtica de prevenci\u00f3n, aunque su efecto trasciende lo sanitario. Supone tambi\u00e9n un gesto simb\u00f3lico: un pa\u00eds que se blinda en una regi\u00f3n marcada hist\u00f3ricamente por tensiones pol\u00edticas y conflictos fronterizos.<\/p>\n<p>A pesar de ello, <b>Azerbaiy\u00e1n no es completamente impermeable. <\/b>En ocasiones abre la mano, como ocurri\u00f3 con el reciente Gran Premio de F\u00f3rmula 1 en Bak\u00fa, al que aficionados y personal pudieron acceder con visados especiales. Son excepciones que no alteran la realidad de fondo: es el \u00fanico pa\u00eds del mundo que <b>todav\u00eda mantiene las fronteras como si el calendario siguiera en 2020.<\/b><\/p>\n","protected":false},"excerpt":{"rendered":"Cinco a\u00f1os despu\u00e9s de la pandemia, cuando mascarillas, cuarentenas y cierres de fronteras marcaron la vida cotidiana, el&hellip;\n","protected":false},"author":2,"featured_media":158366,"comment_status":"","ping_status":"","sticky":false,"template":"","format":"standard","meta":{"footnotes":""},"categories":[42],"tags":[17,18,2272,13,14,2069,11,61,62,63,64,19,20,9,10,15,16,12,21,22,65,66,67],"class_list":{"0":"post-158365","1":"post","2":"type-post","3":"status-publish","4":"format-standard","5":"has-post-thumbnail","7":"category-internacional","8":"tag-breaking-news","9":"tag-breakingnews","10":"tag-covid-19","11":"tag-featured-news","12":"tag-featurednews","13":"tag-fronteras","14":"tag-headlines","15":"tag-internacional","16":"tag-international","17":"tag-international-news","18":"tag-internationalnews","19":"tag-latest-news","20":"tag-latestnews","21":"tag-news","22":"tag-noticias","23":"tag-noticias-destacadas","24":"tag-noticiasdestacadas","25":"tag-titulares","26":"tag-ultimas-noticias","27":"tag-ultimasnoticias","28":"tag-world","29":"tag-world-news","30":"tag-worldnews"},"share_on_mastodon":{"url":"","error":""},"_links":{"self":[{"href":"https:\/\/www.europesays.com\/es\/wp-json\/wp\/v2\/posts\/158365","targetHints":{"allow":["GET"]}}],"collection":[{"href":"https:\/\/www.europesays.com\/es\/wp-json\/wp\/v2\/posts"}],"about":[{"href":"https:\/\/www.europesays.com\/es\/wp-json\/wp\/v2\/types\/post"}],"author":[{"embeddable":true,"href":"https:\/\/www.europesays.com\/es\/wp-json\/wp\/v2\/users\/2"}],"replies":[{"embeddable":true,"href":"https:\/\/www.europesays.com\/es\/wp-json\/wp\/v2\/comments?post=158365"}],"version-history":[{"count":0,"href":"https:\/\/www.europesays.com\/es\/wp-json\/wp\/v2\/posts\/158365\/revisions"}],"wp:featuredmedia":[{"embeddable":true,"href":"https:\/\/www.europesays.com\/es\/wp-json\/wp\/v2\/media\/158366"}],"wp:attachment":[{"href":"https:\/\/www.europesays.com\/es\/wp-json\/wp\/v2\/media?parent=158365"}],"wp:term":[{"taxonomy":"category","embeddable":true,"href":"https:\/\/www.europesays.com\/es\/wp-json\/wp\/v2\/categories?post=158365"},{"taxonomy":"post_tag","embeddable":true,"href":"https:\/\/www.europesays.com\/es\/wp-json\/wp\/v2\/tags?post=158365"}],"curies":[{"name":"wp","href":"https:\/\/api.w.org\/{rel}","templated":true}]}}