{"id":158375,"date":"2025-10-05T19:33:06","date_gmt":"2025-10-05T19:33:06","guid":{"rendered":"https:\/\/www.europesays.com\/es\/158375\/"},"modified":"2025-10-05T19:33:06","modified_gmt":"2025-10-05T19:33:06","slug":"adrian-luna-martinetti-quiere-ser-el-primer-guayaquileno-en-ufc-es-mi-momento","status":"publish","type":"post","link":"https:\/\/www.europesays.com\/es\/158375\/","title":{"rendered":"Adri\u00e1n Luna Martinetti quiere ser el primer guayaquile\u00f1o en UFC: \u00abEs mi momento\u00bb"},"content":{"rendered":"<p class=\"paragraph \" id=\"m78-77-79\">Perseguir un sue\u00f1o requiere de muchos sacrificios, eso lo tiene claro el <strong>peleador ecuatoriano Adrian Luna Martinetti,<\/strong> quien desde hace varios a\u00f1os tuvo que dejar el pa\u00eds, alej\u00e1ndose de su familia y amigos con un objetivo firme, que luego se convirti\u00f3 en su prop\u00f3sito de vida: firmar con <strong>UFC,<\/strong> la empresa m\u00e1s importante de artes marciales mixtas en el mundo.\u00a0<\/p>\n<p class=\"paragraph \" id=\"m83-82-84\">LEE TAMBI\u00c9N:\u00a0<a href=\"https:\/\/www.extra.ec\/noticia\/deportes\/kiara-rodriguez-gana-su-tercer-oro-e-impone-otro-record-en-mundial-de-paratletismo-138236.html\" rel=\"nofollow noopener\" target=\"_blank\">Kiara Rodr\u00edguez gana su tercer oro e impone otro r\u00e9cord en Mundial de Paratletismo<\/a><\/p>\n<p class=\"paragraph \" id=\"m88-87-89\">El pr\u00f3ximo martes 7 de octubre, el guayaquile\u00f1o tendr\u00e1 la oportunidad de demostrar que el trabajo duro y el sacrificio han valido la pena. Se subir\u00e1 al oct\u00e1gono del reality <strong>Dana White&#8217;s Contender Series\u00a0<\/strong>para la pelea de su vida, en la que si consigue impresionar con su desempe\u00f1o al<strong> presidente de UFC<\/strong>, obtendr\u00e1 su tan anhelado contrato con la compa\u00f1\u00eda.\u00a0<\/p>\n<p class=\"paragraph \" id=\"m129-128-130\">Durante la \u00faltima semana de preparaci\u00f3n para su pelea en la<strong> temporada 9 de DWCS,<\/strong>\u00a0ante el ruso <strong>Mark Volgdin,<\/strong> Adri\u00e1n convers\u00f3 con <strong>Open Mat Podcast<\/strong> y cont\u00f3 detalles de su campamento, el camino recorrido, su evoluci\u00f3n en el <strong>UFC Performance Institute<\/strong>, y las sensaciones antes del combate.<\/p>\n<p class=\"paragraph \" id=\"m134-133-135\">\u00abEstoy emocionado por esta oportunidad, contando las horas para subirme a la jaula. Estoy listo, es mi momento, mi ahora\u00bb, dijo el tricolor, quien desde el a\u00f1o 2024 es parte del <strong>programa de desarrollo de UFC<\/strong>, en el que ha logrado una gran evoluci\u00f3n como peleador, y hoy a sus 30 a\u00f1os, asegura estar en su \u00abmejor versi\u00f3n f\u00edsica, atl\u00e9tica y t\u00e9cnica. Listo para conseguir el contrato\u00bb:<\/p>\n<p>La experiencia ser\u00e1 clave<\/p>\n<p class=\"paragraph \" id=\"m149-148-150\">Luna Martinetti tiene un r\u00e9cord profesional de 15-1, y llega con una <strong>racha de 12 victorias consecutivas a este combate.<\/strong> Durante su carrera ha cosechado \u00e9xitos en ligas de MMA en Per\u00fa y M\u00e9xico, donde fue dos veces campe\u00f3n del peso gallo (135 libras) en<strong> Ultimate Warrior Challenge<\/strong>.\u00a0<\/p>\n<p class=\"paragraph \" id=\"m154-153-155\">Para llamar la atenci\u00f3n de Dana White, no solo deber\u00e1 vencer a <strong>Mark Vologdin<\/strong>, sino demostrar absoluto dominio, y en el escenario ideal, lograr una finalizaci\u00f3n. El ruso es un &#8216;striker&#8217; que utiliza mucho las patadas, y en sus combates tambi\u00e9n ha demostrado buena lucha y controlo en el piso. Sin embargo, a Adri\u00e1n no le preocupa demasiado su rival.\u00a0<\/p>\n<p class=\"paragraph \" id=\"m159-158-160\">\u00abNo me enfoco mucho en mi rival, me enfoco en mi trabajo y en lo que puedo hacer en el oct\u00e1fono. Estoy seguro que no tiene las herramientas que yo tengo, mi juego de pie ha mejorado much\u00edsimo, al igual que mi grappling. Entreno siempre con peleadores \u00e9lite. Esto es m\u00edo, no importa quien est\u00e9 en frente\u00bb, sentenci\u00f3.\u00a0<\/p>\n<p>El primer guayaquile\u00f1o en UFC<\/p>\n<p class=\"paragraph \" id=\"m174-173-175\">Llegar al m\u00e1ximo escenario de artes marciales mixtas en el mundo no es desconocido para Ecuador.\u00a0 En la actualidad, son tres los tricolores que representan al pa\u00eds en UFC: <strong>Marlon &#8216;Chito&#8217; Vera <\/strong>(Manab\u00ed)<strong> Michael Morales (El Oro), y Carlos Vera (Manab\u00ed).\u00a0<\/strong><\/p>\n<p class=\"paragraph \" id=\"m179-178-180\">Este martes 7 de octubre,\u00a0 dos d\u00edas antes de la celebraci\u00f3n por la indepencia de Guayaquil, Juan Adri\u00e1n Luna buscar\u00e1 ser el primer peleador del puerto principal en firmar con la compa\u00f1\u00eda. Antes lo intentaron su hermano, Andr\u00e9s Luna, y Emiliano Linares, quienes fueron parte tambi\u00e9n del reality DWCS.\u00a0<\/p>\n","protected":false},"excerpt":{"rendered":"Perseguir un sue\u00f1o requiere de muchos sacrificios, eso lo tiene claro el peleador ecuatoriano Adrian Luna Martinetti, quien&hellip;\n","protected":false},"author":2,"featured_media":158376,"comment_status":"","ping_status":"","sticky":false,"template":"","format":"standard","meta":{"footnotes":""},"categories":[276],"tags":[47178,47174,47179,47176,47175,37373,168,47177,25,24,23,167,343],"class_list":{"0":"post-158375","1":"post","2":"type-post","3":"status-publish","4":"format-standard","5":"has-post-thumbnail","7":"category-ufc","8":"tag-a-que-hora-pelea-adrian-luna-martinetti","9":"tag-adrian-luna-martinetti","10":"tag-adrian-luna-martinetti-record","11":"tag-adrian-luna-ufc","12":"tag-cuando-pelea-adrian-luna","13":"tag-dana-white-contender-series","14":"tag-deportes","15":"tag-ecuatorianos-ufc","16":"tag-es","17":"tag-espana","18":"tag-spain","19":"tag-sports","20":"tag-ufc"},"share_on_mastodon":{"url":"","error":""},"_links":{"self":[{"href":"https:\/\/www.europesays.com\/es\/wp-json\/wp\/v2\/posts\/158375","targetHints":{"allow":["GET"]}}],"collection":[{"href":"https:\/\/www.europesays.com\/es\/wp-json\/wp\/v2\/posts"}],"about":[{"href":"https:\/\/www.europesays.com\/es\/wp-json\/wp\/v2\/types\/post"}],"author":[{"embeddable":true,"href":"https:\/\/www.europesays.com\/es\/wp-json\/wp\/v2\/users\/2"}],"replies":[{"embeddable":true,"href":"https:\/\/www.europesays.com\/es\/wp-json\/wp\/v2\/comments?post=158375"}],"version-history":[{"count":0,"href":"https:\/\/www.europesays.com\/es\/wp-json\/wp\/v2\/posts\/158375\/revisions"}],"wp:featuredmedia":[{"embeddable":true,"href":"https:\/\/www.europesays.com\/es\/wp-json\/wp\/v2\/media\/158376"}],"wp:attachment":[{"href":"https:\/\/www.europesays.com\/es\/wp-json\/wp\/v2\/media?parent=158375"}],"wp:term":[{"taxonomy":"category","embeddable":true,"href":"https:\/\/www.europesays.com\/es\/wp-json\/wp\/v2\/categories?post=158375"},{"taxonomy":"post_tag","embeddable":true,"href":"https:\/\/www.europesays.com\/es\/wp-json\/wp\/v2\/tags?post=158375"}],"curies":[{"name":"wp","href":"https:\/\/api.w.org\/{rel}","templated":true}]}}