{"id":158381,"date":"2025-10-05T19:42:24","date_gmt":"2025-10-05T19:42:24","guid":{"rendered":"https:\/\/www.europesays.com\/es\/158381\/"},"modified":"2025-10-05T19:42:24","modified_gmt":"2025-10-05T19:42:24","slug":"fin-de-semana-de-ferias-para-todos-los-paladares-de-leer-y-comer-a-la-fiesta-del-libro-usado","status":"publish","type":"post","link":"https:\/\/www.europesays.com\/es\/158381\/","title":{"rendered":"Fin de semana de ferias para todos los paladares: de Leer y Comer a la Fiesta del Libro Usado"},"content":{"rendered":"<p class=\"com-paragraph  --capital --s\">Este fin de semana florecen en la ciudad de Buenos Aires y localidades del conurbano bonaerense <strong>festivales, fiestas y ferias del libro<\/strong> \u201ctuneadas\u201d con propuestas musicales, art\u00edsticas y gastron\u00f3micas. Con propuestas con <strong>entrada libre y gratuita<\/strong> en Chacarita y Barrio Norte, Flores, Almagro, Malvinas Argentinas y Quilmes, no habr\u00e1 motivo para quedarse en casa mirando el techo.<\/p>\n<p class=\"com-paragraph   --s\"><strong>S\u00e1bado y domingo, a partir de las 12, <\/strong>en el porte\u00f1\u00edsimo enclave de Chacarita, en Concepci\u00f3n Arenal entre Warnes y Montenegro, vuelve <strong>Leer y Comer<\/strong>, <strong>el encuentro gratuito que combina gastronom\u00eda, literatura y cultura al aire libre.<\/strong> <\/p>\n<p class=\"com-paragraph   --s\">En su 18\u00aa edici\u00f3n Leer y Comer, que fue declarada de inter\u00e9s tur\u00edstico por la ciudad de Buenos Aires, <strong>suma el eje tem\u00e1tico de los viajes y el turismo<\/strong> con el lema \u201cLeer, Comer y Viajar\u201d. Adem\u00e1s de reconocidos cocineros, escritores, artistas y periodistas como Donato De Santis, Iwao Komiyama,<a href=\"https:\/\/www.lanacion.com.ar\/cultura\/jorge-fernandez-diaz-y-su-tesis-sobre-el-policial-el-irresistible-deseo-del-cazador-nid01102025\/\" target=\"_self\" title=\"https:\/\/www.lanacion.com.ar\/cultura\/jorge-fernandez-diaz-y-su-tesis-sobre-el-policial-el-irresistible-deseo-del-cazador-nid01102025\/\" class=\"com-link break-word\" data-mrf-recirculation=\"n_link_parrafo\" rel=\"nofollow noopener\"> Jorge Fern\u00e1ndez D\u00edaz,<\/a> <a href=\"https:\/\/www.lanacion.com.ar\/sociedad\/cristina-perez-presento-su-nuevo-libro-y-adelanto-que-renovo-su-vinculo-con-ln-cierro-mi-ciclo-con-nid02102025\/\" target=\"_self\" title=\"https:\/\/www.lanacion.com.ar\/sociedad\/cristina-perez-presento-su-nuevo-libro-y-adelanto-que-renovo-su-vinculo-con-ln-cierro-mi-ciclo-con-nid02102025\/\" class=\"com-link break-word\" data-mrf-recirculation=\"n_link_parrafo\" rel=\"nofollow noopener\">Cristina P\u00e9rez (con nueva novela bajo el brazo: Mujer samur\u00e1i)<\/a>, Florencia Canale, Daniel L\u00f3pez Rosetti, Milo Lockett, Romina Pereiro, Bernardo Stamateas, Nicol\u00e1s Artusi y Daniela Lopilato, ser\u00e1n de la partida viajeros consuetudinarios como los influencers Caro Abriani, Nico Pasquali y <a href=\"https:\/\/www.lanacion.com.ar\/espectaculos\/fede-bal-fue-grabado-a-los-besos-con-una-notera-en-el-after-party-de-los-martin-fierro-nid30092025\/\" target=\"_self\" title=\"https:\/\/www.lanacion.com.ar\/espectaculos\/fede-bal-fue-grabado-a-los-besos-con-una-notera-en-el-after-party-de-los-martin-fierro-nid30092025\/\" class=\"com-link break-word\" data-mrf-recirculation=\"n_link_parrafo\" rel=\"nofollow noopener\">Fede Bal, flamante ganador de un Mart\u00edn Fierro al mejor programa de viajes por el ciclo Por el mundo<\/a>. Las charlas se desarrollar\u00e1n en dos escenarios: Montenegro y Warnes.<\/p>\n<p>Jorge Fern\u00e1ndez D\u00edaz, Cristina P\u00e9rez, Florencia Canale y Daniel L\u00f3pez Rosetti<\/p>\n<p class=\"com-paragraph   --s\">Detr\u00e1s del evento que en 2025 pasa a ser mayor de edad, est\u00e1 el <a href=\"https:\/\/www.lanacion.com.ar\/espectaculos\/personajes\/luis-majul-del-regreso-de-la-cornisa-en-ln-al-dia-que-jorge-lanata-lo-increpo-y-las-criticas-que-nid02032025\/\" target=\"_self\" title=\"https:\/\/www.lanacion.com.ar\/espectaculos\/personajes\/luis-majul-del-regreso-de-la-cornisa-en-ln-al-dia-que-jorge-lanata-lo-increpo-y-las-criticas-que-nid02032025\/\" class=\"com-link break-word\" data-mrf-recirculation=\"n_link_parrafo\" rel=\"nofollow noopener\">periodista y productor Luis Majul<\/a>. \u201c<strong>Esta edici\u00f3n de Leer y Comer incorpora un nuevo desaf\u00edo y un nuevo sue\u00f1o: viajar <\/strong>-dice Majul-. Viajar con la imaginaci\u00f3n a trav\u00e9s de los libros. Viajar con los sentidos a trav\u00e9s de los sabores. Y tambi\u00e9n viajar con las ideas, en los debates y charlas que se van a dar entre escritores, periodistas, cocineros y protagonistas de la cultura\u201d. De m\u00e1s est\u00e1 decir que habr\u00e1 puestos con libros, firmas y presentaciones de novedades.<\/p>\n<p class=\"com-paragraph   --s\"><a href=\"https:\/\/www.lanacion.com.ar\/cultura\/un-maridaje-ideal-en-leer-y-comer-manjares-al-paso-libros-y-grandes-figuras-nid05102024\/\" target=\"_self\" title=\"https:\/\/www.lanacion.com.ar\/cultura\/un-maridaje-ideal-en-leer-y-comer-manjares-al-paso-libros-y-grandes-figuras-nid05102024\/\" class=\"com-link break-word\" data-mrf-recirculation=\"n_link_parrafo\" rel=\"nofollow noopener\">En 2024 m\u00e1s de quince mil personas concurrieron al evento.<\/a> \u201c<strong>Siempre digo que Leer y Comer es mucho m\u00e1s que una feria: es el \u00fanico encuentro donde se mezclan la literatura, la gastronom\u00eda y la vida<\/strong>. Y ahora, adem\u00e1s, es una invitaci\u00f3n a movernos, a descubrir y a conectarnos con otras experiencias, culturas y formas de vivir sin necesidad de tomar un avi\u00f3n. En las charlas se va a hablar de todos los temas que nos apasionan: de la cocina asi\u00e1tica, italiana y del mundo; de c\u00f3mo cuidarnos y vivir mejor; de econom\u00eda, deporte, viajes reales y simb\u00f3licos; de astrolog\u00eda, de organizaci\u00f3n personal, de literatura, de arte y de m\u00fasica. <strong>Se podr\u00e1 disfrutar de buena comida y las actividades est\u00e1n pensadas para todas las edades.<\/strong> Como siempre, la propuesta es abrir la cabeza, el paladar y el coraz\u00f3n\u201d.<\/p>\n<p>El periodista Luis Majul, organizador de Leer y Comer, con el cocinero Iwao Komiyama<\/p>\n<p class=\"com-paragraph   --s\">El men\u00fa de Leer y Comer incluye puestos gastron\u00f3micos internacionales, con degustaci\u00f3n de platos t\u00edpicos; presentaciones de libros (de <a href=\"https:\/\/www.lanacion.com.ar\/cultura\/jorge-fernandez-diaz-gana-el-premio-nadal-de-novela-nid06012025\/\" target=\"_self\" title=\"https:\/\/www.lanacion.com.ar\/cultura\/jorge-fernandez-diaz-gana-el-premio-nadal-de-novela-nid06012025\/\" class=\"com-link break-word\" data-mrf-recirculation=\"n_link_parrafo\" rel=\"nofollow noopener\">El secreto de Marcial, de Fern\u00e1ndez D\u00edaz<\/a>, a La cruzada, de Florencia Canale, pasando por Los diez mandamientos del orden y la limpieza, de Brenda Haines); compa\u00f1\u00edas de baile en vivo, con espect\u00e1culos y charlas sobre turismo. <a href=\"https:\/\/www.instagram.com\/leerycomer\/?hl=es\" https:=\"\" target=\"_blank\" title=\"https:\/\/www.instagram.com\/leerycomer\/?hl=es\" class=\"com-link break-word\" data-mrf-recirculation=\"n_link_parrafo\" rel=\"nofollow noopener\">La programaci\u00f3n se puede consultar en la cuenta de Instagram de la feria.<\/a><\/p>\n<p>En la plaza de la Biblioteca<\/p>\n<p class=\"com-paragraph   --s\">Tambi\u00e9n<strong> s\u00e1bado y domingo, de 12 a 19, vuelve a la Plaza del Lector de la Biblioteca Nacional <\/strong>(Av. Las Heras 2505) la <strong>Fiesta del Libro Usado<\/strong> (FLU), que en 2024 convoc\u00f3 a m\u00e1s de 60.000 personas. <strong>Adem\u00e1s de las 45 librer\u00edas que llegar\u00e1n con una selecci\u00f3n de sus cat\u00e1logos de usados y oportunas promociones<\/strong>, en esta cuarta edici\u00f3n participar\u00e1n autores y figuras de la cultura como Betina Gonz\u00e1lez (que dar\u00e1 el discurso de apertura el s\u00e1bado, a las 16), Fabi\u00e1n Casas, <a href=\"https:\/\/www.lanacion.com.ar\/cultura\/natalia-litvinova-gana-el-premio-lumen-de-novela-que-se-queda-en-la-argentina-por-segundo-ano-nid04062024\/\" target=\"_self\" title=\"https:\/\/www.lanacion.com.ar\/cultura\/natalia-litvinova-gana-el-premio-lumen-de-novela-que-se-queda-en-la-argentina-por-segundo-ano-nid04062024\/\" class=\"com-link break-word\" data-mrf-recirculation=\"n_link_parrafo\" rel=\"nofollow noopener\">Natalia Litvinova<\/a> (en di\u00e1logo con Mariana Montepagano, el s\u00e1bado, a las 14), Juan Mattio, Santiago Caruso, Guillermo Korn, Kike Ferrari, Milagros Porta, Juan Tolosa, Karina Pedace, Nadia Rivero y Los Fantasmas del Futuro. <a href=\"https:\/\/www.instagram.com\/p\/DOoWAcojliL\/?hl=es&amp;img_index=1\" https:=\"\" target=\"_blank\" title=\"https:\/\/www.instagram.com\/p\/DOoWAcojliL\/?hl=es&amp;img_index=1\" class=\"com-link break-word\" data-mrf-recirculation=\"n_link_parrafo\" rel=\"nofollow noopener\">La programaci\u00f3n completa se puede consultar en la cuenta de Instagram de la FLU.<\/a><\/p>\n<p>Feria del Libro Usado en la Plaza del Lector de la Biblioteca NacionalFabi\u00e1n Marelli &#8211; LA NACION<\/p>\n<p class=\"com-paragraph   --s\">\u201c<strong>Una feria con las mejores librer\u00edas de usados de la ciudad<\/strong>, actividades, charlas, lecturas, comida rica y m\u00fasica en vivo con Marco Amar (s\u00e1bado, a las 13), <a href=\"https:\/\/www.lanacion.com.ar\/espectaculos\/musica\/axel-krygier-el-melodista-que-transformo-la-historia-de-su-familia-en-un-happening-delirante-y-lo-nid17102024\/\" target=\"_self\" title=\"https:\/\/www.lanacion.com.ar\/espectaculos\/musica\/axel-krygier-el-melodista-que-transformo-la-historia-de-su-familia-en-un-happening-delirante-y-lo-nid17102024\/\" class=\"com-link break-word\" data-mrf-recirculation=\"n_link_parrafo\" rel=\"nofollow noopener\">Axel Krygier<\/a> (a las 17) y de La Ferni (domingo, a las 17)\u201d, resume Patricio Rago, a cargo de Aristipo Libros y organizador de la FLU desde 2022. Si el domingo llueve, la segunda jornada del evento pasar\u00e1 al D\u00eda de la Madre, el pr\u00f3ximo 19.<\/p>\n<p>Fabi\u00e1n Casas, Natalia Litvinova, Ver\u00f3nica Gago y Jorge FondebriderArchivo<\/p>\n<p class=\"com-paragraph   --s\">Con la consigna \u201cRompa el aislamiento\u201d, el s\u00e1bado, de 15 a 21, en la esquina de Mor\u00f3n y Artigas, se har\u00e1 la sexta edici\u00f3n de la <strong>Feria del Libro de Flores<\/strong>. Concurrir\u00e1n m\u00e1s de doscientas editoriales de todos los g\u00e9neros y en las charlas p\u00fablicas estar\u00e1n la \u201clong seller\u201d <a href=\"https:\/\/www.lanacion.com.ar\/ideas\/la-paciencia-del-agua-sobre-cada-piedra-de-alejandra-kamiya-nid13052023\/\" target=\"_self\" title=\"https:\/\/www.lanacion.com.ar\/ideas\/la-paciencia-del-agua-sobre-cada-piedra-de-alejandra-kamiya-nid13052023\/\" class=\"com-link break-word\" data-mrf-recirculation=\"n_link_parrafo\" rel=\"nofollow noopener\">Alejandra Kamiya<\/a> ( entrevistada por Eugenia Zicavo, a las 17.15, en el escenario de Mor\u00f3n y Artigas), Lily Galeano, Peter P\u00e1l Pelbart y Dani Zelko, Flavia Costa y Melisa Argento, Jorge Fondebrider y <a href=\"https:\/\/www.lanacion.com.ar\/cultura\/matias-battiston-un-libro-que-no-esta-traducido-por-nadie-deberia-generarnos-la-misma-inquietud-que-nid09092025\/\" target=\"_self\" title=\"https:\/\/www.lanacion.com.ar\/cultura\/matias-battiston-un-libro-que-no-esta-traducido-por-nadie-deberia-generarnos-la-misma-inquietud-que-nid09092025\/\" class=\"com-link break-word\" data-mrf-recirculation=\"n_link_parrafo\" rel=\"nofollow noopener\">Mat\u00edas Battist\u00f3n<\/a> (a las 16.50, en el patio de la Cazona de Flores), <a href=\"https:\/\/www.lanacion.com.ar\/cultura\/la-filosofa-argentina-veronica-gago-premiada-en-estados-unidos-por-su-compromiso-social-nid18042025\/\" target=\"_self\" title=\"https:\/\/www.lanacion.com.ar\/cultura\/la-filosofa-argentina-veronica-gago-premiada-en-estados-unidos-por-su-compromiso-social-nid18042025\/\" class=\"com-link break-word\" data-mrf-recirculation=\"n_link_parrafo\" rel=\"nofollow noopener\">Ver\u00f3nica Gago<\/a>, Luci Cavallero y Natal\u00ed Incaminato (a las 19.30, en el escenario de Mor\u00f3n y Artigas), entre otros. <\/p>\n<p class=\"com-paragraph   --s\">Se program\u00f3 la muestra gr\u00e1fica Gaza en la mira. Artistas contra el genocidio, al cuidado del humorista gr\u00e1fico Sergio Langer (con obras de Isol, Maitena, Roberto Jacoby, <a href=\"https:\/\/www.lanacion.com.ar\/opinion\/mujeres-historietistas-justicia-por-trazo-propio-nid1985251\/\" target=\"_self\" title=\"https:\/\/www.lanacion.com.ar\/opinion\/mujeres-historietistas-justicia-por-trazo-propio-nid1985251\/\" class=\"com-link break-word\" data-mrf-recirculation=\"n_link_parrafo\" rel=\"nofollow noopener\">Nacha Vollenweider<\/a>, Marcia Schvartz y Mar\u00eda Alcobre, entre muchos otros), adem\u00e1s de talleres, actividades para chicos, pe\u00f1a folkl\u00f3rica, peluquer\u00eda, masajes y mec\u00e1nica de bicicletas al paso. A las 20.15, Flopa Lestani cantar\u00e1 Canciones que un hombre no deber\u00eda cantar, del <a href=\"https:\/\/www.lanacion.com.ar\/espectaculos\/musica\/gabo-ferro-nid2473926\/\" target=\"_self\" title=\"https:\/\/www.lanacion.com.ar\/espectaculos\/musica\/gabo-ferro-nid2473926\/\" class=\"com-link break-word\" data-mrf-recirculation=\"n_link_parrafo\" rel=\"nofollow noopener\">recordado Gabo Ferro<\/a>, y a las 21, el cierre musical estar\u00e1 a cargo de La Dinast\u00eda del Ritmo. <a href=\"https:\/\/tintalimon.com.ar\/post\/6ta-feria-del-libro-de-flores-rompa-el-aislamiento\/\" https:=\"\" target=\"_blank\" title=\"https:\/\/tintalimon.com.ar\/post\/6ta-feria-del-libro-de-flores-rompa-el-aislamiento\/\" class=\"com-link break-word\" data-mrf-recirculation=\"n_link_parrafo\" rel=\"nofollow noopener\">Consulte la programaci\u00f3n completa en este enlace.<\/a><\/p>\n<p class=\"com-paragraph   --s\">De 15 a 20.30, en el Club Social, Cultural y Deportivo Larraz\u00e1bal (Av. Larraz\u00e1bal 829), se har\u00e1 la <strong>Feria del Libro con Memoria y Comunidad<\/strong>, centrada en justicia y derechos humanos. Entre otras actividades, habr\u00e1 venta de libros, una mesa de estampas en vivo con Mat\u00edas Ieno, presentaciones (a las 16.15, Ximena Tordini hablar\u00e1 sobre su libro para chicos Tengo derechos), charlas de la bookinfluencer Cecilia Bona, el editor y dibujante Diego Rey (de Hotel de las Ideas) y las responsables de la Biblioteca de G\u00e9nero \u201cZulema Luj\u00e1n\u201d. El cierre ser\u00e1 musical y danzado, a las 19.45.<\/p>\n<p class=\"com-paragraph   --s\">En la librer\u00eda La Coop (Bulnes 640), este s\u00e1bado, desde las 17, se har\u00e1 la <strong>Feria del Libro Brasilero<\/strong>, en alianza con el Club Coraz\u00f3n Salvaje (que rinde tributo a <a href=\"https:\/\/www.lanacion.com.ar\/sociedad\/clarice-lispector-aniversario-mujer-sacudio-literatura-brasilena-nid2200976\/\" target=\"_self\" title=\"https:\/\/www.lanacion.com.ar\/sociedad\/clarice-lispector-aniversario-mujer-sacudio-literatura-brasilena-nid2200976\/\" class=\"com-link break-word\" data-mrf-recirculation=\"n_link_parrafo\" rel=\"nofollow noopener\">Clarice Lispector<\/a>). Habr\u00e1 lecturas, recomendaciones de libros, m\u00fasica en vivo y brindis con vino y cacha\u00e7a.<\/p>\n<p class=\"com-paragraph   --s\">De viernes a domingo, y del 10 al 12, de este mes, se llevar\u00e1 adelante el <strong>Festival de Poes\u00eda de Quilmes <\/strong>en la Casa de la Cultura de Quilmes (Av. Rivadavia 383); salvo este s\u00e1bado, que tendr\u00e1 lugar en el Museo V\u00edctor Roverano (Av. Rivadavia 498). Habr\u00e1 lecturas, charlas, feria editorial y homenajes a poetas quilme\u00f1os o vinculados con la ciudad (como Rodolfo Fogwill, Miguel \u00c1ngel Morelli, Ang\u00e9lica Lacunza, Carlos Pati\u00f1o y el desaparecido en dictadura Hugo S\u00e1nchez), adem\u00e1s de la entrega de diplomas a los poetas adolescentes seleccionados en el Concurso de Poes\u00eda local. <a href=\"https:\/\/www.lanacion.com.ar\/cultura\/fin-de-semana-de-ferias-para-todos-los-paladares-de-leer-y-comer-a-la-fiesta-del-libro-usado-nid03102025\/rel=\" rel=\"nofollow noopener\" target=\"_blank\" title=\"\" class=\"com-link break-word\" data-mrf-recirculation=\"n_link_parrafo\">M\u00e1s informaci\u00f3n en esta cuenta de Instagram.<\/a><\/p>\n<p class=\"com-paragraph   --s\">Por \u00faltimo, este viernes la Fundaci\u00f3n El Libro da la se\u00f1al de largada de la sexta edici\u00f3n de la <strong>Feria del Libro de Malvinas Argentinas<\/strong>, que se extender\u00e1 hasta el 12 en el Predio Municipal de Malvinas Argentinas (Av. Presidente Per\u00f3n 4276). A diferencia de la feria porte\u00f1a, la entrada es libre y gratuita, y se podr\u00e1 visitar de lunes a viernes, entre las 9 y las 20, y s\u00e1bados, domingos y feriados, de 12 a 21. <\/p>\n<p class=\"com-paragraph   --s\">Participan m\u00e1s de sesenta stands, y se han programado talleres, lecturas, mesas redondas, presentaciones y espect\u00e1culos, con la presencia de autores como Tamara Tenenbaum, <a href=\"https:\/\/www.lanacion.com.ar\/lifestyle\/dario-sztajnszrajber-hoy-deconstruccion-nos-trae-nueva-nid2336401\/\" target=\"_self\" title=\"https:\/\/www.lanacion.com.ar\/lifestyle\/dario-sztajnszrajber-hoy-deconstruccion-nos-trae-nueva-nid2336401\/\" class=\"com-link break-word\" data-mrf-recirculation=\"n_link_parrafo\" rel=\"nofollow noopener\">Dar\u00edo Sztajnszrajber<\/a> y Soledad Barruti, Hern\u00e1n Brienza, Tom\u00e1s Balmaceda, Luciano Lamberti, Ian Moche, Tiffany Calligaris, Flavia Pittella, Ingrid Beck, Mariana Carbajal, <a href=\"https:\/\/www.lanacion.com.ar\/conversaciones-de-domingo\/lo-tecnologico-no-es-neutral-sino-una-extension-del-poder-la-ciencia-ficcion-se-encuentra-con-la-nid16022025\/\" target=\"_self\" title=\"https:\/\/www.lanacion.com.ar\/conversaciones-de-domingo\/lo-tecnologico-no-es-neutral-sino-una-extension-del-poder-la-ciencia-ficcion-se-encuentra-con-la-nid16022025\/\" class=\"com-link break-word\" data-mrf-recirculation=\"n_link_parrafo\" rel=\"nofollow noopener\">Juan Mattio<\/a> y el (por ahora) dos veces premiado Roberto Chuit Roganovich.<\/p>\n<p><script async src=\"\/\/www.instagram.com\/embed.js\"><\/script><\/p>\n","protected":false},"excerpt":{"rendered":"Este fin de semana florecen en la ciudad de Buenos Aires y localidades del conurbano bonaerense festivales, fiestas&hellip;\n","protected":false},"author":2,"featured_media":158382,"comment_status":"","ping_status":"","sticky":false,"template":"","format":"standard","meta":{"footnotes":""},"categories":[172],"tags":[47181,224,146,147,25,24,47180,225,23],"class_list":{"0":"post-158381","1":"post","2":"type-post","3":"status-publish","4":"format-standard","5":"has-post-thumbnail","7":"category-libros","8":"tag-alejandro-crotto","9":"tag-books","10":"tag-entertainment","11":"tag-entretenimiento","12":"tag-es","13":"tag-espana","14":"tag-ivonne-bordelois","15":"tag-libros","16":"tag-spain"},"share_on_mastodon":{"url":"","error":""},"_links":{"self":[{"href":"https:\/\/www.europesays.com\/es\/wp-json\/wp\/v2\/posts\/158381","targetHints":{"allow":["GET"]}}],"collection":[{"href":"https:\/\/www.europesays.com\/es\/wp-json\/wp\/v2\/posts"}],"about":[{"href":"https:\/\/www.europesays.com\/es\/wp-json\/wp\/v2\/types\/post"}],"author":[{"embeddable":true,"href":"https:\/\/www.europesays.com\/es\/wp-json\/wp\/v2\/users\/2"}],"replies":[{"embeddable":true,"href":"https:\/\/www.europesays.com\/es\/wp-json\/wp\/v2\/comments?post=158381"}],"version-history":[{"count":0,"href":"https:\/\/www.europesays.com\/es\/wp-json\/wp\/v2\/posts\/158381\/revisions"}],"wp:featuredmedia":[{"embeddable":true,"href":"https:\/\/www.europesays.com\/es\/wp-json\/wp\/v2\/media\/158382"}],"wp:attachment":[{"href":"https:\/\/www.europesays.com\/es\/wp-json\/wp\/v2\/media?parent=158381"}],"wp:term":[{"taxonomy":"category","embeddable":true,"href":"https:\/\/www.europesays.com\/es\/wp-json\/wp\/v2\/categories?post=158381"},{"taxonomy":"post_tag","embeddable":true,"href":"https:\/\/www.europesays.com\/es\/wp-json\/wp\/v2\/tags?post=158381"}],"curies":[{"name":"wp","href":"https:\/\/api.w.org\/{rel}","templated":true}]}}