{"id":158400,"date":"2025-10-05T19:55:08","date_gmt":"2025-10-05T19:55:08","guid":{"rendered":"https:\/\/www.europesays.com\/es\/158400\/"},"modified":"2025-10-05T19:55:08","modified_gmt":"2025-10-05T19:55:08","slug":"morante-y-garrido-a-hombros-en-zafra-tras-una-corrida-de-gran-toreo","status":"publish","type":"post","link":"https:\/\/www.europesays.com\/es\/158400\/","title":{"rendered":"Morante y Garrido a hombros en Zafra tras una corrida de gran toreo"},"content":{"rendered":"<p class=\"v-mdl-ath__p v-mdl-ath__p--6\">\nDomingo, 5 de octubre 2025, 21:34<\/p>\n<p class=\"v-p\">La plaza de toros &#8216;Molinos de Viento&#8217; de Zafra acogi\u00f3 el segundo festejo de su feria, una corrida de toros con un gran ambiente en el cual hubo toreo grande por parte de los actuantes. Los diestos participantes hicieron enloquecer al p\u00fablico en diferentes fases de la corrida con un Morante muy entregado, un Juan Ortega muy inspirado y el extreme\u00f1o Jos\u00e9 Garrido, que sustitu\u00eda a Emilio de Justo, arrebatador.<\/p>\n<p class=\"v-p\">Morante de la Puebla recibi\u00f3 a su primer toro con una serie de ver\u00f3nicas mezcladas con secuelina, con su sello personal de manos bajas y pinturer\u00eda. Con la muleta compuso una faena que nos llev\u00f3 a los a\u00f1os 40 de toreo: largo, firme y lleno de pellizos, que enloqueci\u00f3 a los tendidos. <\/p>\n<p class=\"v-p\">En su segundo toro, un animal que dio sensaci\u00f3n de cruzar la vista, estuvo voluntarioso, lo cual le agradeci\u00f3 el p\u00fablico, pero ante la imposibilidad de agradar al respetable, acort\u00f3 la faena siendo ovacionado fuertemente.<\/p>\n<ul class=\"v-u\">\n<li class=\"v-u__l\">\n<p class=\"v-p\">\n<p>Festejo<\/p>\n<p>Segundo festejo taurino de la Feria de Zafra, en la que se ha registrado casi lleno en los tendidos.\n<\/p>\n<\/li>\n<li class=\"v-u__l\">\n<p class=\"v-p\">\n<p>Ganader\u00eda<\/p>\n<p>Se lidiaron seis toros de la ganader\u00eda de Calejo Pires de aceptable presentaci\u00f3n y de juego desigual, destacando por su buena condici\u00f3n el astado lidiado en primer y sexto lugar.\n<\/p>\n<\/li>\n<li class=\"v-u__l\">\n<p class=\"v-p\">\n<p>Diestos<\/p>\n<p>Morante de la Puebla, dos orejas y saludos; Juan Ortega, fuerte ovaci\u00f3n y oreja; Jos\u00e9 Garrido, que sustituy\u00f3 a Emilio de Justo, dos orejas y oreja.\n<\/p>\n<\/li>\n<li class=\"v-u__l\">\n<p class=\"v-p\">\n<p>Claves<\/p>\n<p>Al inicio de la corrida de toros, al comienzo del pase\u00edllo, se guard\u00f3 un respetuoso minuto de silencio en memoria del expresidente de la Junta de Extremadura, Guillermo Fern\u00e1ndez Vara, fallecido este domingo 5 de octubre a los 66 a\u00f1os de edad. Cabe recordad que Vara era aficionado a los toros, algo demostrado por su presencia en diferentes festejos.\n<\/p>\n<\/li>\n<\/ul>\n<p class=\"v-p\">El matador de toros sevillano Juan Ortega ofreci\u00f3 una tarde de entrega en su presentaci\u00f3n como matador de toros en la plaza de Toros de Zafra, logrando en sus dos toros, ver\u00f3nica, que quedar\u00e1n para el recuerdo, y sobre todo, el inicio de faena a su primer toro, flexionando la rodilla con la muleta en la mano derecha, en la cual ralentiz\u00f3 de tal manera la embestida que los muletazos se hicieron eternos por su belleza y su largura. El mal uso de la espada en este toro le priv\u00f3 de cortar trofeos.<\/p>\n<p class=\"v-p\"> Con el segundo toro de su lote, un toro con complicaciones, estuvo delante de la cara, tratando de sacarle los m\u00e1ximos muletazos, aunque no cal\u00f3 a\u00fan mucho en el p\u00fablico. Un apret\u00f3n final de arrebato torero del propio Ortega y una excelente tocada le sirvieron para ser premiado con una oreja.<\/p>\n<p class=\"v-p\">El matador de todos los extreme\u00f1o Jos\u00e9 Garrido, que sustitu\u00eda en el cartel al tambi\u00e9n extreme\u00f1o Emilio de Justo, que result\u00f3 cogido el pasado viernes en la plaza de Todos de las Ventas, dio muestras en Zafra de que tiene que tener m\u00e1s cabida en los carteles, porque cuaj\u00f3 una tarde muy maciza de un toreo muy hondo, tanto con el capote como la muleta y de mucho aplomo, llegando con mucha facilidad a los extendidos por su entrega y verdad. <\/p>\n<p class=\"v-p\">Al final del festejo fue el m\u00e1ximo triunfador, cortando tres orejas.<\/p>\n<p>Reporta un error<\/p>\n","protected":false},"excerpt":{"rendered":"Domingo, 5 de octubre 2025, 21:34 La plaza de toros &#8216;Molinos de Viento&#8217; de Zafra acogi\u00f3 el segundo&hellip;\n","protected":false},"author":2,"featured_media":158401,"comment_status":"","ping_status":"","sticky":false,"template":"","format":"standard","meta":{"footnotes":""},"categories":[277],"tags":[373,1569,168,25,24,31493,3956,11916,780,23,167,374,575,46919],"class_list":{"0":"post-158400","1":"post","2":"type-post","3":"status-publish","4":"format-standard","5":"has-post-thumbnail","7":"category-toreo","8":"tag-bullfighting","9":"tag-corrida","10":"tag-deportes","11":"tag-es","12":"tag-espana","13":"tag-garrido","14":"tag-gran","15":"tag-hombros","16":"tag-morante","17":"tag-spain","18":"tag-sports","19":"tag-toreo","20":"tag-tras","21":"tag-zafra"},"share_on_mastodon":{"url":"","error":""},"_links":{"self":[{"href":"https:\/\/www.europesays.com\/es\/wp-json\/wp\/v2\/posts\/158400","targetHints":{"allow":["GET"]}}],"collection":[{"href":"https:\/\/www.europesays.com\/es\/wp-json\/wp\/v2\/posts"}],"about":[{"href":"https:\/\/www.europesays.com\/es\/wp-json\/wp\/v2\/types\/post"}],"author":[{"embeddable":true,"href":"https:\/\/www.europesays.com\/es\/wp-json\/wp\/v2\/users\/2"}],"replies":[{"embeddable":true,"href":"https:\/\/www.europesays.com\/es\/wp-json\/wp\/v2\/comments?post=158400"}],"version-history":[{"count":0,"href":"https:\/\/www.europesays.com\/es\/wp-json\/wp\/v2\/posts\/158400\/revisions"}],"wp:featuredmedia":[{"embeddable":true,"href":"https:\/\/www.europesays.com\/es\/wp-json\/wp\/v2\/media\/158401"}],"wp:attachment":[{"href":"https:\/\/www.europesays.com\/es\/wp-json\/wp\/v2\/media?parent=158400"}],"wp:term":[{"taxonomy":"category","embeddable":true,"href":"https:\/\/www.europesays.com\/es\/wp-json\/wp\/v2\/categories?post=158400"},{"taxonomy":"post_tag","embeddable":true,"href":"https:\/\/www.europesays.com\/es\/wp-json\/wp\/v2\/tags?post=158400"}],"curies":[{"name":"wp","href":"https:\/\/api.w.org\/{rel}","templated":true}]}}