{"id":158410,"date":"2025-10-05T20:10:08","date_gmt":"2025-10-05T20:10:08","guid":{"rendered":"https:\/\/www.europesays.com\/es\/158410\/"},"modified":"2025-10-05T20:10:08","modified_gmt":"2025-10-05T20:10:08","slug":"osakidetza-abre-el-lunes-la-vacunacion-de-la-gripe-a-mayores-de-60-anos-y-menores-de-5-con-200-enfermeras-mas","status":"publish","type":"post","link":"https:\/\/www.europesays.com\/es\/158410\/","title":{"rendered":"Osakidetza abre el lunes la vacunaci\u00f3n de la gripe a mayores de 60 a\u00f1os y menores de 5 con 200 enfermeras m\u00e1s"},"content":{"rendered":"<p class=\"article-text\">\n        Osakidetza abrir\u00e1 el pr\u00f3ximo lunes, 6 de octubre, la campa\u00f1a de vacunaci\u00f3n de la gripe contra la poblaci\u00f3n diana, que incluye a mayores de 60 a\u00f1os, poblaci\u00f3n infantil de entre 6 meses y 5 a\u00f1os, y poblaci\u00f3n de riesgo en Euskadi, poblaci\u00f3n con patolog\u00edas cr\u00f3nicas, mujeres embarazadas, personal de servicios sociales y sanitarios, de centros educativos y de servicios p\u00fablicos esenciales. El Departamento de Salud ha adquirido 786.200 dosis de la vacuna de la gripe y ofrecer\u00e1, de forma simult\u00e1nea, a la poblaci\u00f3n de riesgo, personas con patolog\u00edas cr\u00f3nicas, y mayores de 75 a\u00f1os, la posibilidad de vacunarse frente al virus de la COVID-19.\n    <\/p>\n<p>    <a href=\"https:\/\/www.eldiario.es\/euskadi\/consejero-martinez-justifica-necesidad-nuevos-liderazgos-cambio-total-cupula-sanidad-vasca_1_12640176.html\" data-mrf-recirculation=\"saber-mas\" data-dl-event=\"saber-mas\" rel=\"nofollow noopener\" target=\"_blank\"><\/p>\n<p class=\"know-more__title\">El consejero Mart\u00ednez justifica en la necesidad de \u00abnuevos liderazgos\u00bb el cambio total en la c\u00fapula de la Sanidad vasca<\/p>\n<p>            <img decoding=\"async\" class=\"lazy\" loading=\"lazy\" data-src=\"https:\/\/static.eldiario.es\/clip\/50898d96-2239-4e24-9d9b-db82e97b1f5a_16-9-aspect-ratio_default_0.jpg\" src=\"data:image\/svg+xml,%3Csvg xmlns=\" http:=\"\" viewbox=\"0 0 880 495\" alt=\"El consejero Mart\u00ednez justifica en la necesidad de &quot;nuevos liderazgos&quot; el cambio total en la c\u00fapula de la Sanidad vasca\"\/><\/p>\n<p>                        <\/a><\/p>\n<p class=\"article-text\">\n        El consejero de Salud, Alberto Mart\u00ednez, el responsable de vigilancia epidemiol\u00f3gica del Departamento de Salud, Pello Latasa, la directora de Atenci\u00f3n Integrada, Magdalena Presmanes, y la subdirectora de Enfermer\u00eda de la OSI Bilbao-Basurto, Beatriz Cubeiro, han presentado este jueves en el centro de salud de Rekalde, en Bilbao, la campa\u00f1a de vacunaci\u00f3n 2025 contra la gripe, que arrancar\u00e1 el pr\u00f3ximo lunes bajo el lema \u201cT\u00fa eres una pieza fundamental para evitar la gripe. Vac\u00fanate\u201d, que se ha reforzado con la contrataci\u00f3n de 200 enfermeras m\u00e1s y 100 administrativos, seg\u00fan recoge Europa Press.\n    <\/p>\n<p class=\"article-text\">\n        Mart\u00ednez ha indicado que, desde este mismo jueves, todas las personas mayores de 60 a\u00f1os, los ni\u00f1os desde 6 meses hasta cumplir 5 a\u00f1os, las mujeres embarazadas y las personas con mayor riesgo de presentar complicaciones en su salud al contraer esta enfermedad puede solicitar cita para recibir la vacuna a partir del pr\u00f3ximo lunes, bien a trav\u00e9s de la web de Osakidetza o llamando a su centro de salud. Adem\u00e1s, a las personas de 80 a\u00f1os en adelante, Osakidetza les llamar\u00e1 por tel\u00e9fono para concertar la cita de manera m\u00e1s \u00e1gil y accesible y para que puedan acudir cuando les sea m\u00e1s c\u00f3modo. La invitaci\u00f3n a vacunarse se extender\u00e1 al resto de la ciudadan\u00eda a comienzos de noviembre, \u201cuna vez que est\u00e9 protegida la poblaci\u00f3n m\u00e1s fr\u00e1gil\u201d, ha indicado Mart\u00ednez.\n    <\/p>\n<p class=\"article-text\">\n        La gripe, ha se\u00f1alado Mart\u00ednez, \u201csuele cursar de forma benigna en la mayor\u00eda de los casos, pero su prevenci\u00f3n resulta esencial en los colectivos m\u00e1s vulnerables\u201d. Asimismo, ha recordado que el a\u00f1o pasado se detect\u00f3 una mayor duraci\u00f3n del periodo epid\u00e9mico, \u201cdiez semanas frente a las siete semanas que viene siendo lo habitual\u201d, con resultado de un mayor n\u00famero de casos de gripe que fueron \u201cmenos graves\u201d.\n    <\/p>\n<p>            <img decoding=\"async\" class=\"lazy\" loading=\"lazy\" data-src=\"https:\/\/static.eldiario.es\/clip\/e86e7b80-678f-4c00-ae65-5c19e147c37c_16-9-discover-aspect-ratio_default_0.jpg\" src=\"data:image\/svg+xml,%3Csvg xmlns=\" http:=\"\" viewbox=\"0 0 1200 675\" alt=\"El consejero de Salud, Alberto Mart\u00ednez, este jueves\"\/><\/p>\n<p class=\"article-text\">\n        Tras indicar que la inmunizaci\u00f3n ya ha comenzado esta misma semana en las residencias de personas mayores e insistir en que, a partir del pr\u00f3ximo lunes, se dar\u00e1 inicio a la vacunaci\u00f3n contra la gripe en la poblaci\u00f3n diana, Mart\u00ednez ha destacado que en la campa\u00f1a del a\u00f1o pasado, por grupos de poblaci\u00f3n, la cobertura alcanzada fue del 57,5% en personas de 60 o m\u00e1s a\u00f1os. Adem\u00e1s, en los menores de entre 6 meses y menos de 5 a\u00f1os fue \u201ctodo un \u00e9xito\u201d, con un 41% de cobertura, \u201cduplicando los resultados de la campa\u00f1a anterior\u201d, por lo que este a\u00f1o, seg\u00fan el consejero, esperan \u201cincrementar a\u00fan m\u00e1s este objetivo\u201d. En el caso de las mujeres embarazas, en la edici\u00f3n anterior la cobertura lleg\u00f3 al 52%, una \u201cmuy buena cifra\u201d que el Departamento \u201cespera aumentar este a\u00f1o\u201d.\n    <\/p>\n<p>    <strong>M\u00e1s protecci\u00f3n para mayores de 75 a\u00f1os<\/strong><\/p>\n<p class=\"article-text\">\n        Por tercer a\u00f1o consecutivo, Osakidetza vacunar\u00e1 a ni\u00f1os de entre 6 meses y menos de 5 a\u00f1os, no solo por las complicaciones que puedan presentar en su salud, sino por tratarse de una poblaci\u00f3n con capacidad para transmitir a otras personas la enfermedad y, especialmente, a los mayores. Para facilitar la adherencia y evitar las molestias del pinchazo, tambi\u00e9n este a\u00f1o se recurrir\u00e1 a la vacunaci\u00f3n intranasal a partir de los 2 a\u00f1os y hasta los 5 a\u00f1os. Tambi\u00e9n se vacunar\u00e1 a mayores de 5 a\u00f1os que presenten alguna condici\u00f3n de riesgo.\n    <\/p>\n<p class=\"article-text\">\n        Adem\u00e1s, la vacuna de la gripe se suma a la de la bronquiolitis aguda, que tambi\u00e9n se administra desde hace varios a\u00f1os ala poblaci\u00f3n de m\u00e1s corta edad, concretamente a beb\u00e9s reci\u00e9n nacidos (desde el 1 de julio de este a\u00f1o), prematuros y menores de 2 a\u00f1os con alguna enfermedad cr\u00f3nica. Desde que arrancara la vacunaci\u00f3n el pasado 15 de septiembre, se han administrado ya cerca de 1.500 dosis.\n    <\/p>\n<p class=\"article-text\">\n        Entre las vacunas frente a la gripe que utilizar\u00e1 este a\u00f1o Osakidetza, adem\u00e1s de la intranasal, se encuentra tambi\u00e9n la vacuna adyuvada, que ya se empleaba en personas en residencias y que este a\u00f1o se utilizar\u00e1 por primera vez tambi\u00e9n en la vacunaci\u00f3n de las personas mayores de 75 a\u00f1os, ya que presenta una eficacia reforzada. Osakidetza ha adquirido 450.000 dosis de vacuna destinadas a personas a partir de 6 meses hasta 75 a\u00f1os, exceptuando a ni\u00f1os de 24 a 59 meses, para quienes se han comprado 35.000 vacunas intranasales.\n    <\/p>\n<p class=\"article-text\">\n        Adem\u00e1s, se han comprado 300.000 dosis de vacuna adyuvada para personas de 75 o m\u00e1s a\u00f1os, as\u00ed como para personas en residencias que tienen m\u00e1s de 50 a\u00f1os. Tambi\u00e9n se han adquirido 1.200 dosis de la vacuna destinada a personas al\u00e9rgicas al huevo y\/o aminogluc\u00f3sidos a partir de 6 meses. En total, Osakidetza cuenta este a\u00f1o con 786.200 dosis, que, en caso de mayor demanda, se podr\u00e1n ampliar en un 20%, y que se distribuir\u00e1n en los diferentes centros de salud y ambulatorios seg\u00fan las necesidades y demandas de la poblaci\u00f3n, seg\u00fan ha explicado Mart\u00ednez, para precisar que, en todas ellas, la caracter\u00edstica principal es que se trata de una vacuna antigripal trivalente, que incluye dos cepas A y una B.\n    <\/p>\n<p>    <strong>COVID-19<\/strong><\/p>\n<p class=\"article-text\">\n        Asimismo, este a\u00f1o, junto con la vacuna de la gripe, se ofrece a la poblaci\u00f3n de riesgo la posibilidad de recibir, de manera simult\u00e1nea, la vacuna frente al virus SARS-CoV-2. Tras indicar que la circulaci\u00f3n de este virus ha descendido en la \u00faltima temporada, sin observarse hasta el momento ninguna onda epid\u00e9mica, Pello Latasa ha indicado que la recomendaci\u00f3n es a la poblaci\u00f3n de riesgo, adem\u00e1s de personas con patolog\u00edas cr\u00f3nicas, como son las mayores de 75 a\u00f1os, ya que a partir de esta edad se incrementa la hospitalizaci\u00f3n.\n    <\/p>\n<p class=\"article-text\">\n        Adem\u00e1s de vacunarse, Alberto Mart\u00ednez ha recordado las medidas y recomendaciones de Osakidetza para prevenir la gripe y la COVID-19, como la higiene de manos, cubrir la boca y la nariz al toser y estornudar, el uso de pa\u00f1uelos desechables, ventilar espacios frecuentemente, y el uso de mascarillas en caso de presentar s\u00edntomas o estar en contacto con personas vulnerables. Asimismo, ha se\u00f1alado que \u201cel conocimiento m\u00e9dico y la evidencia cient\u00edfica nos permiten certificar que la vacunaci\u00f3n es la mejor y m\u00e1s eficaz herramienta para prevenir la gripe, porque reduce la probabilidad de enfermar, la intensidad de los s\u00edntomas y el riesgo de complicaciones\u201d.\n    <\/p>\n<p class=\"article-text\">\n        En ese sentido, Pello Latasa ha indicado que, seg\u00fan estimaciones, cada temporada de gripe entorno a un 20% de la poblaci\u00f3n podr\u00eda padecer esta enfermedad, \u201caunque los s\u00edntomas que requieren una atenci\u00f3n cl\u00ednica en Atenci\u00f3n Primaria o en hospital es bastante inferior\u201d, al tiempo que ha subrayado la importancia de la vacunaci\u00f3n de los trabajadores del \u00e1mbito sanitario y sociosanitario.\n    <\/p>\n<p>    <a href=\"https:\/\/www.eldiario.es\/euskadi\/directora-osakidetza-informo-parlamento-nombramientos-cuyas-convocatorias-siguen-abiertas_1_12653125.html\" data-mrf-recirculation=\"saber-mas-abajo\" data-dl-event=\"saber-mas-abajo\" rel=\"nofollow noopener\" target=\"_blank\"><\/p>\n<p class=\"know-more__title\">La directora de Osakidetza inform\u00f3 en el Parlamento de dos nombramientos cuyas convocatorias siguen abiertas<\/p>\n<p>            <img decoding=\"async\" class=\"lazy\" loading=\"lazy\" data-src=\"https:\/\/static.eldiario.es\/clip\/fc93fc25-5556-4fef-a4fc-da9da7bc1ab6_16-9-aspect-ratio_default_0.jpg\" src=\"data:image\/svg+xml,%3Csvg xmlns=\" http:=\"\" viewbox=\"0 0 880 495\" alt=\"La directora de Osakidetza inform\u00f3 en el Parlamento de dos nombramientos cuyas convocatorias siguen abiertas\"\/><\/p>\n<p>                        <\/a><\/p>\n<p class=\"article-text\">\n        Por otro lado, tal y como ha explicado la subdirectora de Enfermer\u00eda, Beatriz Cubeiro, para poder llevar a cabo el \u201cimportante\u201d despliegue que requiere esta campa\u00f1a de vacunaci\u00f3n, Osakidetza ha contratado a 200 enfermeras, que se sumar\u00e1n a las que habitualmente llevan cabo estas tareas, para administrar las dosis, tanto las inyectables como las que se administran por v\u00eda nasal. Cubeiro, que ha anunciado la contrataci\u00f3n tambi\u00e9n de 100 administrativos para reforzar la campa\u00f1a, ha se\u00f1alado que las enfermeras son \u201cun pilar fundamental\u201d en la estrategia de prevenci\u00f3n de la gripe, \u201cya que no solo administramos vacunas sino que lideramos, educamos, organizamos y acompa\u00f1amos en el proceso\u201d.\n    <\/p>\n<p>                    elDiario.es\/Euskadi<\/p>\n<p class=\"article-text\">\n        \u00bfNos sigues en redes sociales? elDiario.es\/Euskadi est\u00e1 en\u00a0<a href=\"https:\/\/bsky.app\/profile\/eldiarioeus.bsky.social\" target=\"_blank\" data-mrf-recirculation=\"links-noticia\" class=\"link\" rel=\"nofollow noopener\">Bluesky<\/a>,\u00a0<a href=\"https:\/\/twitter.com\/eldiarioeus\" target=\"_blank\" data-mrf-recirculation=\"links-noticia\" class=\"link\" rel=\"nofollow noopener\">X<\/a>\u00a0e\u00a0<a href=\"https:\/\/www.instagram.com\/eldiarioeus\/\" target=\"_blank\" data-mrf-recirculation=\"links-noticia\" class=\"link\" rel=\"nofollow noopener\">Instagram<\/a>. Y te enviamos alertas informativas por\u00a0<a href=\"https:\/\/telegram.me\/eldiarioeus\" target=\"_blank\" data-mrf-recirculation=\"links-noticia\" class=\"link\" rel=\"nofollow noopener\">Telegram<\/a>\u00a0y\u00a0<a href=\"https:\/\/www.whatsapp.com\/channel\/0029Va9Dx2MLNSZzLvNjNr3P\" target=\"_blank\" data-mrf-recirculation=\"links-noticia\" class=\"link\" rel=\"nofollow noopener\">WhatsApp<\/a>. Cada semana, te enviamos un bolet\u00edn a tu correo electr\u00f3nico. \u00a1<a href=\"https:\/\/usuarios.eldiario.es\/boletines?_gl=1*pa2ll6*_gcl_au*MTk0OTg1OTU2Mi4xNzMwMTk3MDYx*_ga*Njk1MjI5NDQyLjE3Mjk1MjAxNjg.*_ga_4RZPWREGF3*MTczNDE3ODQ5Ny4xMTYuMS4xNzM0MTc5OTEyLjEzLjAuMA..\" target=\"_blank\" data-mrf-recirculation=\"links-noticia\" class=\"link\" rel=\"nofollow noopener\">Ap\u00fantate<\/a>! Recuerda que puedes ser socio o socia de elDiario.es clicando en\u00a0<a href=\"https:\/\/usuarios.eldiario.es\/hazte_socio\/?utm_source=euskadi&amp;utm_campaign=eell&amp;utm_medium=all&amp;mc_cid=f16fc896fb&amp;mc_eid=05624d2e2d\" target=\"_blank\" data-mrf-recirculation=\"links-noticia\" class=\"link\" rel=\"nofollow noopener\">este enlace<\/a>. Y, para m\u00e1s informaci\u00f3n, puedes llamar o escribirnos al\u00a0625 88 87 80.\n    <\/p>\n<p>                                    <script async src=\"https:\/\/platform.twitter.com\/widgets.js\" charset=\"utf-8\"><\/script><script async src=\"\/\/www.instagram.com\/embed.js\"><\/script><\/p>\n","protected":false},"excerpt":{"rendered":"Osakidetza abrir\u00e1 el pr\u00f3ximo lunes, 6 de octubre, la campa\u00f1a de vacunaci\u00f3n de la gripe contra la poblaci\u00f3n&hellip;\n","protected":false},"author":2,"featured_media":158411,"comment_status":"","ping_status":"","sticky":false,"template":"","format":"standard","meta":{"footnotes":""},"categories":[92],"tags":[517,3935,14300,14314,3285,14302,2601,4144,14316,14313,767,1349,2026,13451,14315,1813,3854,14299,14298,14307,12226,14318,6246,25,24,5691,14308,4910,3705,3978,6927,165,12252,1982,2178,14297,14317,7600,11701,14311,14312,14305,14303,6115,264,14304,952,14310,14309,14306,14301,166,3905,492,23,7192,2177],"class_list":{"0":"post-158410","1":"post","2":"type-post","3":"status-publish","4":"format-standard","5":"has-post-thumbnail","7":"category-salud","8":"tag-actualidad","9":"tag-alava","10":"tag-andar-en-bici","11":"tag-barakaldo","12":"tag-bbva","13":"tag-belen-ferreras","14":"tag-bilbao","15":"tag-bizkaia","16":"tag-brands","17":"tag-caso-de-miguel","18":"tag-corrupcion","19":"tag-donostia","20":"tag-educacion","21":"tag-eh-bildu","22":"tag-eibar","23":"tag-ela","24":"tag-eldiario-es","25":"tag-eldiario-es-euskadi","26":"tag-eldiario-eus","27":"tag-eldiarionorte-es","28":"tag-emergencia-climatica","29":"tag-eroski","30":"tag-ertzaintza","31":"tag-es","32":"tag-espana","33":"tag-euskadi","34":"tag-euskal-herria","35":"tag-feminismo","36":"tag-gernika","37":"tag-getxo","38":"tag-gipuzkoa","39":"tag-health","40":"tag-hondarribia","41":"tag-ignacio-escolar","42":"tag-igualdad","43":"tag-iker-rioja-andueza","44":"tag-imanol-pradales","45":"tag-irun","46":"tag-kutxabank","47":"tag-lab","48":"tag-lanbide","49":"tag-maialen-ferreira","50":"tag-montai","51":"tag-osakidetza","52":"tag-pais-vasco","53":"tag-pnv","54":"tag-politica","55":"tag-pp-vasco","56":"tag-pse-ee","57":"tag-rodrigo-saiz","58":"tag-ruben-pereda","59":"tag-salud","60":"tag-sindicatos","61":"tag-sociedad","62":"tag-spain","63":"tag-upv-ehu","64":"tag-vitoria"},"share_on_mastodon":{"url":"","error":""},"_links":{"self":[{"href":"https:\/\/www.europesays.com\/es\/wp-json\/wp\/v2\/posts\/158410","targetHints":{"allow":["GET"]}}],"collection":[{"href":"https:\/\/www.europesays.com\/es\/wp-json\/wp\/v2\/posts"}],"about":[{"href":"https:\/\/www.europesays.com\/es\/wp-json\/wp\/v2\/types\/post"}],"author":[{"embeddable":true,"href":"https:\/\/www.europesays.com\/es\/wp-json\/wp\/v2\/users\/2"}],"replies":[{"embeddable":true,"href":"https:\/\/www.europesays.com\/es\/wp-json\/wp\/v2\/comments?post=158410"}],"version-history":[{"count":0,"href":"https:\/\/www.europesays.com\/es\/wp-json\/wp\/v2\/posts\/158410\/revisions"}],"wp:featuredmedia":[{"embeddable":true,"href":"https:\/\/www.europesays.com\/es\/wp-json\/wp\/v2\/media\/158411"}],"wp:attachment":[{"href":"https:\/\/www.europesays.com\/es\/wp-json\/wp\/v2\/media?parent=158410"}],"wp:term":[{"taxonomy":"category","embeddable":true,"href":"https:\/\/www.europesays.com\/es\/wp-json\/wp\/v2\/categories?post=158410"},{"taxonomy":"post_tag","embeddable":true,"href":"https:\/\/www.europesays.com\/es\/wp-json\/wp\/v2\/tags?post=158410"}],"curies":[{"name":"wp","href":"https:\/\/api.w.org\/{rel}","templated":true}]}}