{"id":158412,"date":"2025-10-05T20:11:05","date_gmt":"2025-10-05T20:11:05","guid":{"rendered":"https:\/\/www.europesays.com\/es\/158412\/"},"modified":"2025-10-05T20:11:05","modified_gmt":"2025-10-05T20:11:05","slug":"fortes-da-una-vuelta-al-ruedo-de-mucho-peso-en-madrid","status":"publish","type":"post","link":"https:\/\/www.europesays.com\/es\/158412\/","title":{"rendered":"Fortes da una vuelta al ruedo de mucho peso en Madrid"},"content":{"rendered":"<p>Volv\u00eda este domingo Fortes a la plaza de Madrid tras la grata impresi\u00f3n causada en el ruedo vente\u00f1o el pasado mayo. El malague\u00f1o sali\u00f3 de  &#8230; Las Ventas con su cr\u00e9dito y su imagen reforzada cara a los aficionados despu\u00e9s de una seria y entregada actuaci\u00f3n ante dos toros exigentes y donde su actuaci\u00f3n fue premiada con una vuelta al ruedo de mucho peso y relevancia en una tarde donde V\u00edctor Hern\u00e1ndez vivi\u00f3 la cara y la cruz de la fiesta al cortar una oreja y ser cogido, mientras que se vio a un gris Uceda Leal. <\/p>\n<p class=\"v-p\">La predisposici\u00f3n de Fortes qued\u00f3 ya patente en el buen quite por ver\u00f3nicas que hizo al primer toro de Uceda Leal. El malague\u00f1o intent\u00f3 la ver\u00f3nica con m\u00e1s voluntad que lucimiento en el recibimiento al primero de su lote, un animal que sali\u00f3 distra\u00eddo y sin fijeza. Brind\u00f3 al p\u00fablico una faena iniciada de forma muy torera por bajo, donde dibuj\u00f3 una tanda con una rodilla en tierra que tuvo ligaz\u00f3n y poder. Las series se sucedieron principalmente con la diestra con firmeza y temple, logrando algunos buenos muletazos llevando muy largo al burel y enrosc\u00e1ndoselo en la cadera. Con la izquierda, el encastadito toro no fue claro. Con los aceros no estuvo acertado lo que le impidi\u00f3 un triunfo mayor; dej\u00f3 una media tendida, un pinchazo sin soltar, una estocada casi entera y tres descabellos. <\/p>\n<p class=\"v-p\">El quinto, de feas hechuras, sali\u00f3 sin entrega por lo que Fortes no pudo estirarse con el capote. Con el transcurrir de la lidia el toro fue a peor en sus condiciones y en el quite cogi\u00f3 feamente a V\u00edctor Hern\u00e1ndez. Con la plaza a\u00fan conmocionada por la cogida, Fortes se fue a la cara del toro y tir\u00f3 la moneda al aire jug\u00e1ndosela a carta cabal ante un animal incierto y con peligro al que le aguant\u00f3 las miradas y las coladas a base de valor y firmeza, fundamentalmente por el pit\u00f3n derecho ya que por el izquierdo no ten\u00eda ni un pase. Mat\u00f3 de una buena estocada. El p\u00fablico le premi\u00f3 con una atronadora ovaci\u00f3n y le oblig\u00f3 a dar la vuelta al ruedo.<\/p>\n<p><img decoding=\"async\" loading=\"lazy\" src=\"https:\/\/www.europesays.com\/es\/wp-content\/uploads\/2025\/10\/cogida-U02417067861USV-748x524@Diario Sur.jpg\" class=\"v-a-img\" width=\"748\" height=\"524\" alt=\"Momento de la cogida de V\u00edctor Hern\u00e1ndez.\" data-voc-vtm-id=\"in-text-traffic\"\/><\/p>\n<p>Momento de la cogida de V\u00edctor Hern\u00e1ndez.<\/p>\n<p>sur<\/p>\n<p><img loading=\"lazy\" decoding=\"async\" src=\"https:\/\/www.europesays.com\/es\/wp-content\/uploads\/2025\/10\/cogida-U02417067861USV-748x524@Diario Sur.jpg\" class=\"v-mdl__img-z\" width=\"748\" height=\"524\" alt=\"\"\/><\/p>\n<p class=\"v-p\">Los mejores muletazos de la tarde los dibuj\u00f3 V\u00edctor Hern\u00e1ndez al natural en el tercero de la tarde. Recibi\u00f3 el madrile\u00f1o a este toro con unas estimables ver\u00f3nicas. Buen quite de Uceda Leal por chicuelinas. Inici\u00f3 Hern\u00e1ndez la faena con cuatro estatuarios con las zapatillas asentadas, rematadas con un pase del desprecio. Tras un par de tandas por la derecha, se ech\u00f3 la muleta a la izquierda para dejar tres soberbias y excelsas tandas de naturales marcados por la pureza, la profundidad, el temple y la colocaci\u00f3n. Mat\u00f3 de una estocada algo desprendida y cort\u00f3 una oreja de ley. <\/p>\n<p class=\"v-p\">Uceda Leal dej\u00f3 algunas buenos detalles de su torer\u00eda en el primero de la tarde tanto con el capote como con la muleta en un trasteo a media altura. Mat\u00f3 de media, un descabello y una casi entera. Con el cuarto no se termin\u00f3 de confiar y abrevi\u00f3, entre algunas protestas, matando de una estocada trasera. El sexto fue un manso protestado de salida, con el que el madrile\u00f1o abrevi\u00f3. Lo mat\u00f3 de estocada. <\/p>\n<p class=\"v-p\"><strong>FICHA DEL FESTEJO<\/strong><\/p>\n<p class=\"v-p\"><strong>Lugar:<\/strong> Plaza de Las Ventas de Madrid. <\/p>\n<p class=\"v-p\"><strong>Ganader\u00eda:<\/strong> Se lidiaron reses de Puerto de San Lorenzo (1\u00ba, 2\u00ba y 6\u00ba) y Fuente Ymbro (3\u00ba, 4\u00ba, y 5\u00ba), bien presentados. Encastaditos primero y segundo; con clase el tercero -todos ellos aplaudidos en el arrastre-; manso con opciones el cuarto; con genio y peligro el quinto, pitado en al arrastre; y manso el sexto.<\/p>\n<p class=\"v-p\"><strong>Toreros:<\/strong> Uceda Leal (caldera y oro): ovaci\u00f3n, silencio y silencio en el que mat\u00f3 por Hern\u00e1ndez; Fortes (purisima y oro): ovaci\u00f3n tras aviso y vuelta; V\u00edctor Hern\u00e1ndez (pur\u00edsima y oro): oreja tras aviso y cogido. <\/p>\n<p class=\"v-p\"><strong>Incidencias:<\/strong> Domingo 5 de octubre. Feria de Oto\u00f1o. Casi lleno (20.439 espectadores, seg\u00fan la empresa) en tarde de temperatura agradable. Se desmonter\u00f3 Ra\u00fal Ruiz tras banderillear al segundo. En la enfermer\u00eda fue atendido V\u00edctor Hern\u00e1ndez de una cogida en \u00abla cara interna de la pierna izquierda con una trayectoria hacia afuera de 15 cent\u00edmetros que produce destrozos en la musculatura general. Pron\u00f3stico grave\u00bb, seg\u00fan el parte m\u00e9dico.<\/p>\n","protected":false},"excerpt":{"rendered":"Volv\u00eda este domingo Fortes a la plaza de Madrid tras la grata impresi\u00f3n causada en el ruedo vente\u00f1o&hellip;\n","protected":false},"author":2,"featured_media":158413,"comment_status":"","ping_status":"","sticky":false,"template":"","format":"standard","meta":{"footnotes":""},"categories":[91],"tags":[146,147,25,24,24265,205,853,20067,23,1357],"class_list":{"0":"post-158412","1":"post","2":"type-post","3":"status-publish","4":"format-standard","5":"has-post-thumbnail","7":"category-entretenimiento","8":"tag-entertainment","9":"tag-entretenimiento","10":"tag-es","11":"tag-espana","12":"tag-fortes","13":"tag-madrid","14":"tag-peso","15":"tag-ruedo","16":"tag-spain","17":"tag-vuelta"},"share_on_mastodon":{"url":"","error":""},"_links":{"self":[{"href":"https:\/\/www.europesays.com\/es\/wp-json\/wp\/v2\/posts\/158412","targetHints":{"allow":["GET"]}}],"collection":[{"href":"https:\/\/www.europesays.com\/es\/wp-json\/wp\/v2\/posts"}],"about":[{"href":"https:\/\/www.europesays.com\/es\/wp-json\/wp\/v2\/types\/post"}],"author":[{"embeddable":true,"href":"https:\/\/www.europesays.com\/es\/wp-json\/wp\/v2\/users\/2"}],"replies":[{"embeddable":true,"href":"https:\/\/www.europesays.com\/es\/wp-json\/wp\/v2\/comments?post=158412"}],"version-history":[{"count":0,"href":"https:\/\/www.europesays.com\/es\/wp-json\/wp\/v2\/posts\/158412\/revisions"}],"wp:featuredmedia":[{"embeddable":true,"href":"https:\/\/www.europesays.com\/es\/wp-json\/wp\/v2\/media\/158413"}],"wp:attachment":[{"href":"https:\/\/www.europesays.com\/es\/wp-json\/wp\/v2\/media?parent=158412"}],"wp:term":[{"taxonomy":"category","embeddable":true,"href":"https:\/\/www.europesays.com\/es\/wp-json\/wp\/v2\/categories?post=158412"},{"taxonomy":"post_tag","embeddable":true,"href":"https:\/\/www.europesays.com\/es\/wp-json\/wp\/v2\/tags?post=158412"}],"curies":[{"name":"wp","href":"https:\/\/api.w.org\/{rel}","templated":true}]}}