{"id":158417,"date":"2025-10-05T20:14:08","date_gmt":"2025-10-05T20:14:08","guid":{"rendered":"https:\/\/www.europesays.com\/es\/158417\/"},"modified":"2025-10-05T20:14:08","modified_gmt":"2025-10-05T20:14:08","slug":"el-primer-ministro-frances-anuncia-su-nuevo-gobierno-sobre-el-que-ya-se-cierne-la-amenaza-de-una-mocion-de-censura","status":"publish","type":"post","link":"https:\/\/www.europesays.com\/es\/158417\/","title":{"rendered":"El primer ministro franc\u00e9s anuncia su nuevo gobierno, sobre el que ya se cierne la amenaza de una moci\u00f3n de censura"},"content":{"rendered":"<p style=\"\">Veinticinco d\u00edas despu\u00e9s de ser nombrado primer ministro, <a href=\"https:\/\/www.abc.es\/internacional\/sebastien-lecornu-nuevo-primer-ministro-francia-20250909214419-nt.html\" target=\"_self\" data-voc-vtm-id=\"in-text-traffic\" title=\"S\u00e9bastien Lecornu\" data-mrf-link=\"www.abc.es\" rel=\"nofollow noopener\">S\u00e9bastien Lecornu<\/a> anunci\u00f3 la formaci\u00f3n de su gobierno a \u00faltima hora de la tarde del domingo, cuando la extrema derecha de Marine Le Pen y la totalidad de las izquierdas amenazan con una nueva censura parlamentaria,  &#8230; confirmando la hist\u00f3rica crisis pol\u00edtica de Francia, la m\u00e1s grave desde la fundaci\u00f3n de la V Rep\u00fablica, entre 1958 y 1962.<\/p>\n<p class=\"voc-p\" style=\"\"><strong>Se trata del tercer gobierno<\/strong>, en cuarentena, desde la catastr\u00f3fica convocatoria de Emmanuel Macron de elecciones anticipadas, el mes de junio del 2024. Macron tard\u00f3 tres meses en nombrar un primer jefe de gobierno, <a href=\"https:\/\/www.abc.es\/internacional\/michel-barnier-nuevo-primer-ministro-frances-hombre-20240905191646-nt.html\" target=\"_self\" data-voc-vtm-id=\"in-text-traffic\" title=\"Michel Barnier,\" data-mrf-link=\"www.abc.es\" rel=\"nofollow noopener\">Michel Barnier,<\/a> que solo dur\u00f3 tres meses, sin poder presentar unos presupuestos del Estado. Sigui\u00f3, el mes de diciembre pasado, Fran\u00e7ois Bayrou, que fue censurado nueves meses m\u00e1s tarde, sin poder presentar los presupuestos. Lecornu fue nombrado el 9 de septiembre. Cuatro semanas m\u00e1s tarde, se teme que pueda ser el jefe de gobierno m\u00e1s ef\u00edmero de la historia del R\u00e9gimen.<\/p>\n<p class=\"voc-p\" style=\"\">\u00abGran novedad\u00bb, <a href=\"https:\/\/www.abc.es\/noticias\/manuel-valls\/\" target=\"_self\" data-voc-vtm-id=\"in-text-traffic\" title=\"Manuel Valls\" data-mrf-link=\"www.abc.es\" rel=\"nofollow noopener\">Manuel Valls<\/a> entra en el nuevo Gobierno como ministro de Ultramar. Los conservadores Bruno Retailleau, G\u00e9rarld Darmanin y Rachida Datihan sido confirmados en los Ministerios de Interior, Justicia y Cultura. Entre otros nombramientos cabe destacar los de Bruno Le Maire, \u00c9ric Lombard, Elisabeth Borne, en los Ministerios de Defensa, Econom\u00eda y Educaci\u00f3n.<\/p>\n<p class=\"voc-p\" style=\"\">Se trata de una crisis y cambio de gobierno puramente \u00abcosm\u00e9ticos\u00bb. <\/p>\n<p class=\"voc-p\" style=\"\">Durante quince d\u00edas, Lecornu ha intentado negociar alguna forma de participaci\u00f3n del Partido Socialista. Finalmente, las negociaciones no dieron el resultado esperado. Y el nuevo Gobierno de Francia, bajo la presidencia de Emmanuel Macron, es un \u00abrefrito\u00bb formado con personalidades de centro-derecha y centristas reformistas que ya han sido ministros en varias ocasiones.<\/p>\n<p class=\"voc-p\" style=\"\">Lecornu debe presentar su programa de acci\u00f3n gubernamental entre el martes y el mi\u00e9rcoles, ante la Asamblea Nacional. Las oposiciones de extrema derecha, extrema izquierda y todas las izquierdas han reaccionado lanzando una primera advertencia: amenazan con presentar una moci\u00f3n de censura con relativa rapidez.<\/p>\n<p>\nViejos amigos de Macron\n<\/p>\n<p class=\"voc-p\" style=\"\"><a href=\"https:\/\/www.abc.es\/internacional\/jordan-bardella-delfin-pen-seduce-voto-joven-20250331170333-nt.html\" target=\"_self\" data-voc-vtm-id=\"in-text-traffic\" title=\"Jordan Bardella\" data-mrf-link=\"www.abc.es\" rel=\"nofollow noopener\">Jordan Bardella<\/a>, presidente de Agrupaci\u00f3n Nacional (AN, extrema derecha), el partido de Marine Le Pen, reaccion\u00f3 al nuevo gobierno de este modo: \u00abNo hay ning\u00fan signo de la ruptura que esperan los franceses. Es un gobierno de viejos amigos de Macron, navegando sin rumbo conocido, con un destino que no augura nada bueno\u00bb.<\/p>\n<p class=\"voc-p\" style=\"\"><strong>Jean-Luc M\u00e9lenchon,<\/strong> presidente de La Francia Insumisa (LFI, extrema izquierda), declar\u00f3: \u00abEse gobierno no puede aguantar. Es un gobierno de fantasmas insignificantes que no puede aguantar mucho tiempo\u00bb.<\/p>\n<p class=\"voc-p\" style=\"\"><strong>Olivier Faure<\/strong>, l\u00edder del PS, anuncia una \u00abaceleraci\u00f3n\u00bb y \u00abdescomposici\u00f3n\u00bb que pudiera consumarse de este modo, con relativa rapidez: \u00abMacron y Lecornu no proponen nada. Por nuestra parte, estamos dispuestos a tomar una decisi\u00f3n simple: votar la censura del gobierno, con rapidez. A la espera de la convocatoria de elecciones generales anticipadas. Los franceses est\u00e1n cansados y quieren una clarificaci\u00f3n. El nuevo gobierno no clarifica nada de nada\u00bb.<\/p>\n<p class=\"voc-p\" style=\"\">La crisis pol\u00edtica m\u00e1s grave desde la fundaci\u00f3n de la V Rep\u00fablica coincide con la degradaci\u00f3n hist\u00f3rica de la deuda p\u00fablica y los d\u00e9ficits, situando a Francia a la cabeza del \u00abpelot\u00f3n de los torpes\u00bb en la zona euro, amenazada, en cierta medida.<\/p>\n","protected":false},"excerpt":{"rendered":"Veinticinco d\u00edas despu\u00e9s de ser nombrado primer ministro, S\u00e9bastien Lecornu anunci\u00f3 la formaci\u00f3n de su gobierno a \u00faltima&hellip;\n","protected":false},"author":2,"featured_media":158418,"comment_status":"","ping_status":"","sticky":false,"template":"","format":"standard","meta":{"footnotes":""},"categories":[42],"tags":[4213,4187,17,18,3374,47184,13,14,1820,15176,11,61,62,63,64,19,20,7459,1351,9,10,15,16,524,977,57,12,21,22,65,66,67],"class_list":{"0":"post-158417","1":"post","2":"type-post","3":"status-publish","4":"format-standard","5":"has-post-thumbnail","7":"category-internacional","8":"tag-amenaza","9":"tag-anuncia","10":"tag-breaking-news","11":"tag-breakingnews","12":"tag-censura","13":"tag-cierne","14":"tag-featured-news","15":"tag-featurednews","16":"tag-frances","17":"tag-gabinete","18":"tag-headlines","19":"tag-internacional","20":"tag-international","21":"tag-international-news","22":"tag-internationalnews","23":"tag-latest-news","24":"tag-latestnews","25":"tag-ministro","26":"tag-mocion","27":"tag-news","28":"tag-noticias","29":"tag-noticias-destacadas","30":"tag-noticiasdestacadas","31":"tag-nuevo","32":"tag-primer","33":"tag-sobre","34":"tag-titulares","35":"tag-ultimas-noticias","36":"tag-ultimasnoticias","37":"tag-world","38":"tag-world-news","39":"tag-worldnews"},"share_on_mastodon":{"url":"","error":""},"_links":{"self":[{"href":"https:\/\/www.europesays.com\/es\/wp-json\/wp\/v2\/posts\/158417","targetHints":{"allow":["GET"]}}],"collection":[{"href":"https:\/\/www.europesays.com\/es\/wp-json\/wp\/v2\/posts"}],"about":[{"href":"https:\/\/www.europesays.com\/es\/wp-json\/wp\/v2\/types\/post"}],"author":[{"embeddable":true,"href":"https:\/\/www.europesays.com\/es\/wp-json\/wp\/v2\/users\/2"}],"replies":[{"embeddable":true,"href":"https:\/\/www.europesays.com\/es\/wp-json\/wp\/v2\/comments?post=158417"}],"version-history":[{"count":0,"href":"https:\/\/www.europesays.com\/es\/wp-json\/wp\/v2\/posts\/158417\/revisions"}],"wp:featuredmedia":[{"embeddable":true,"href":"https:\/\/www.europesays.com\/es\/wp-json\/wp\/v2\/media\/158418"}],"wp:attachment":[{"href":"https:\/\/www.europesays.com\/es\/wp-json\/wp\/v2\/media?parent=158417"}],"wp:term":[{"taxonomy":"category","embeddable":true,"href":"https:\/\/www.europesays.com\/es\/wp-json\/wp\/v2\/categories?post=158417"},{"taxonomy":"post_tag","embeddable":true,"href":"https:\/\/www.europesays.com\/es\/wp-json\/wp\/v2\/tags?post=158417"}],"curies":[{"name":"wp","href":"https:\/\/api.w.org\/{rel}","templated":true}]}}