{"id":158423,"date":"2025-10-05T20:17:08","date_gmt":"2025-10-05T20:17:08","guid":{"rendered":"https:\/\/www.europesays.com\/es\/158423\/"},"modified":"2025-10-05T20:17:08","modified_gmt":"2025-10-05T20:17:08","slug":"triunfo-de-prestigio-del-handbol-mallorca","status":"publish","type":"post","link":"https:\/\/www.europesays.com\/es\/158423\/","title":{"rendered":"Triunfo de prestigio del Handbol Mallorca"},"content":{"rendered":"<p><strong><a href=\"https:\/\/www.ultimahora.es\/etiqueta\/Handbol+Mallorca.html?utm_source=Inline-tag&amp;utm_medium=internal\" rel=\"nofollow noopener\" target=\"_blank\">Handbol Mallorca<\/a><\/strong> se ha impuesto este fin de semana a uno de los grandes favoritos a estar en la fase de ascenso, el <strong>Handbol Sant Joan<\/strong>, para <strong>cortar una racha de dos derrotas consecutivas<\/strong> y aplicarse una inyecci\u00f3n de confianza (28-23)<\/p>\n<p>Los hombres de<strong> Sergio Sevilla<\/strong> dominaron el partido desde el comienzo. Aunque Sant Joan respond\u00eda al intercambio de golpes, los mallorquines consegu\u00edan tomar ventaja en el marcador gracias al liderazgo en ataque de <strong>Guillem Fern\u00e1ndez<\/strong> y, en defensa, con <strong>Antonio Castro<\/strong> en la retaguardia, escoltado por <strong>Michel Soledad<\/strong>. El c\u00e1ntabro volv\u00eda a vestirse con la el\u00e1stica de Handbol Mallorca despu\u00e9s de unos meses fuera y el equipo se beneficiaba de su regreso.<\/p>\n<p>Mientras Handbol Sant Joan \u2014que contaba con jugadores de primer nivel como el veterano internacional chileno Feuchtmann o el argentino Cerrotta\u2014 intentaba mantener a los suyos en el partido. el Handbol Mallorca <strong>se bregaba en retaguardia<\/strong>, con un Jes\u00fas \u00c1ngel Luc\u00eda inspirado que convert\u00eda su porter\u00eda en un muro infranqueable. Al descanso, el luminoso reflejaba un 16-12 para los insulares.<\/p>\n<p>En el segundo acto, Handbol Sant Joan <strong>reaccionaba y comenzaba a dominar el juego<\/strong>, lo que generaba un poco de tensi\u00f3n en las filas mallorquinas. De hecho, los alicantinos llegaban a igualar la contienda en varios parciales e incluso en el minuto 15 del segundo tiempo consegu\u00edan un marcador parcial de 0-2.<\/p>\n<p>Sergio Sevilla paraba el juego con un tiempo muerto para arengar a sus jugadores y les recordaba que era importante mantener la intensidad mostrada durante todo el encuentro. Tras el time-out, Handbol Mallorca no perd\u00eda la compostura y aparec\u00eda <strong>Kike Moreno<\/strong> para marcar varios goles importantes en el tramo final del partido, mientras <strong>Jes\u00fas \u00c1ngel Lucia<\/strong> en la porter\u00eda y los defensas, se crec\u00edan para impedir que los puntos salieran de Mallorca.<\/p>\n","protected":false},"excerpt":{"rendered":"Handbol Mallorca se ha impuesto este fin de semana a uno de los grandes favoritos a estar en&hellip;\n","protected":false},"author":2,"featured_media":158424,"comment_status":"","ping_status":"","sticky":false,"template":"","format":"standard","meta":{"footnotes":""},"categories":[278],"tags":[376,313,1916,168,25,24,329,375,20812,1915,23,167,327,1794,1917],"class_list":{"0":"post-158423","1":"post","2":"type-post","3":"status-publish","4":"format-standard","5":"has-post-thumbnail","7":"category-balonmano","8":"tag-balonmano","9":"tag-ciclismo","10":"tag-deporte-balear","11":"tag-deportes","12":"tag-es","13":"tag-espana","14":"tag-golf","15":"tag-handball","16":"tag-handbol-mallorca","17":"tag-otros-deportes","18":"tag-spain","19":"tag-sports","20":"tag-tenis","21":"tag-vela","22":"tag-voleibol"},"share_on_mastodon":{"url":"","error":""},"_links":{"self":[{"href":"https:\/\/www.europesays.com\/es\/wp-json\/wp\/v2\/posts\/158423","targetHints":{"allow":["GET"]}}],"collection":[{"href":"https:\/\/www.europesays.com\/es\/wp-json\/wp\/v2\/posts"}],"about":[{"href":"https:\/\/www.europesays.com\/es\/wp-json\/wp\/v2\/types\/post"}],"author":[{"embeddable":true,"href":"https:\/\/www.europesays.com\/es\/wp-json\/wp\/v2\/users\/2"}],"replies":[{"embeddable":true,"href":"https:\/\/www.europesays.com\/es\/wp-json\/wp\/v2\/comments?post=158423"}],"version-history":[{"count":0,"href":"https:\/\/www.europesays.com\/es\/wp-json\/wp\/v2\/posts\/158423\/revisions"}],"wp:featuredmedia":[{"embeddable":true,"href":"https:\/\/www.europesays.com\/es\/wp-json\/wp\/v2\/media\/158424"}],"wp:attachment":[{"href":"https:\/\/www.europesays.com\/es\/wp-json\/wp\/v2\/media?parent=158423"}],"wp:term":[{"taxonomy":"category","embeddable":true,"href":"https:\/\/www.europesays.com\/es\/wp-json\/wp\/v2\/categories?post=158423"},{"taxonomy":"post_tag","embeddable":true,"href":"https:\/\/www.europesays.com\/es\/wp-json\/wp\/v2\/tags?post=158423"}],"curies":[{"name":"wp","href":"https:\/\/api.w.org\/{rel}","templated":true}]}}