{"id":158425,"date":"2025-10-05T20:18:14","date_gmt":"2025-10-05T20:18:14","guid":{"rendered":"https:\/\/www.europesays.com\/es\/158425\/"},"modified":"2025-10-05T20:18:14","modified_gmt":"2025-10-05T20:18:14","slug":"clemente-y-alvaro-burdiel-la-juventud-pide-paso-en-las-rozas","status":"publish","type":"post","link":"https:\/\/www.europesays.com\/es\/158425\/","title":{"rendered":"Clemente y \u00c1lvaro Burdiel, la juventud pide paso en Las Rozas"},"content":{"rendered":"<p>Bien presentado Morito, al que Clemente salud\u00f3 genuflexo, rodilla en tierra en el tercio, hasta ir ganando terreno hacia el centro. Pronto, sin embargo, el toro dej\u00f3 ver sus escasas fuerzas en el \u00fanico encuentro, breve, con el caballo. Tras banderillas, el presidente orden\u00f3 su devoluci\u00f3n y en su lugar sali\u00f3 Botijero, de Yerbabuena. El sobrero no se defini\u00f3 en el capote y tom\u00f3 un puyazo breve, pero sus condiciones resultaron tanto o m\u00e1s endebles que las de Morito. Las ca\u00eddas fueron constantes, imposibilitando el lucimiento. Clemente lo intent\u00f3, con voluntad y oficio, pero sin fortuna posible. Eso s\u00ed, la estocada fue recia y efectiva, y el toro cay\u00f3 pronto. Silencio para el matador y pitos para el toro.<\/p>\n<p>El cuarto, como sus hermanos, correcto de presencia y con fuerzas medidas. Pas\u00f3 algo m\u00e1s por el caballo y, ya en faena, Clemente lo cit\u00f3 en el centro con la mano derecha por delante, dejando la muleta en la cara para ligar los muletazos. Fue imponiendo su mando sin forzar, y al natural logr\u00f3 dos buenos, abajo y adentro, insistiendo por el pit\u00f3n m\u00e1s claro del toro.\u00a0Exprimiendo todo lo que hab\u00eda dentro, firm\u00f3 un bonito y aplaudido \u201ctres en uno\u201d. Cerr\u00f3 con manoletinas y una estocada entera que tir\u00f3 al toro sin puntilla. Dos orejas para Clemente y aplausos en el arrastre para Aviador.<\/p>\n<p>Correcto de presencia el segundo, de Brazuelas, que tampoco andaba sobrado de fuerzas, aunque aguant\u00f3 el recibo de Alejandro Mora con el percal y un paso por el caballo de tr\u00e1mite. Sin m\u00e1s pre\u00e1mbulos, Mora se fue al centro del ruedo y cit\u00f3 al natural, sin exigir de m\u00e1s a la embestida.\u00a0Las ganas del torero y el poco fondo del astado se cruzaron en una faena sostenida a base de voluntad, con algunos momentos logrados por el lado derecho. Puso todo de su parte el matador, pero el acero termin\u00f3 por malograr la obra: solo al tercer intento entr\u00f3 la espada.<\/p>\n<p>El quinto, Inclusero \u2014vaya tarde de nombres\u2014, result\u00f3 un toro precioso de capa, negro salpicado y con m\u00e1s trap\u00edo que sus hermanos. Mora lo salud\u00f3 con ver\u00f3nicas, y el animal cumpli\u00f3 en el puyazo. Despu\u00e9s lleg\u00f3 un quite apretado por chicuelinas del propio matador.\u00a0Brind\u00f3 Mora al p\u00fablico y el toro, de inicio, se vino arriba, embistiendo por los dos pitones, con mejor tranco por el izquierdo. Pero en un pase cambiado sufri\u00f3 una lesi\u00f3n en la pata derecha y qued\u00f3 cojo, truncando la que promet\u00eda ser la mejor faena de la tarde. El buen Inclusero, el de mayor presencia y calidad, termin\u00f3 con pinchazo y estocada. Silencio para el matador y ovaci\u00f3n para el toro en el arrastre.<\/p>\n<p>Bien presentado Miserable \u2014vaya nombre\u2014 al que Burdiel recibi\u00f3 con dos tandas de ver\u00f3nicas que fueron aplaudidas. El torero orden\u00f3 castigo breve en el caballo, pues pronto se not\u00f3 que las fuerzas empezaban a restar a la bonita presencia del casta\u00f1o. Sin embargo, \u00c1lvaro intuy\u00f3 posibilidades y brind\u00f3 al respetable.\u00a0Arranc\u00f3 con ayudados por alto y el de la firma, para despu\u00e9s asentarse en el platillo con la mano derecha, templando y dominando. Supo dejar reposar al toro y sacar el natural sin forzar, midiendo en todo momento los tiempos. La estocada result\u00f3 casi entera, algo perpendicular, y el puntillero tard\u00f3 en acertar. Son\u00f3 un aviso y todo qued\u00f3 en palmas para el matador.<\/p>\n<p>Y sali\u00f3 Le\u00f3n, correcto de presencia como todo el encierro, para cerrar la feria. \u00c1lvaro lo recibi\u00f3 a la ver\u00f3nica hasta el centro del ruedo, pidiendo despu\u00e9s a su picador que midiera el castigo. Buena la disposici\u00f3n del matador desde el principio, aunque el toro pronto se fue quedando corto.\u00a0A base de insistencia, logr\u00f3 muletazos interesantes por ambos pitones, intentando suplir con entrega la chispa que al toro le faltaba. No se guard\u00f3 nada \u00c1lvaro, apret\u00f3 hasta el final y coron\u00f3 su faena con una estocada efectiva que le vali\u00f3 las dos orejas.<\/p>\n<p><strong>Las Rozas.<\/strong> Domingo, 5 de octubre de 2025. Toros de <strong>Brazuelas,<\/strong> el primero devuelto y sustituido por el sobrero de Yerbabuena, correctos de presentaci\u00f3n y en general buenos para el torero, el mejor el quinto, Inclusero.\u00a0<strong>Clemente<\/strong>, silencio y dos orejas; <strong>Alejandro Mora<\/strong>, silencio en ambos; y <strong>\u00c1lvaro Burdiel<\/strong>, palmas tras aviso y dos orejas. <strong>Entrada<\/strong>: Un tercio.<\/p>\n","protected":false},"excerpt":{"rendered":"Bien presentado Morito, al que Clemente salud\u00f3 genuflexo, rodilla en tierra en el tercio, hasta ir ganando terreno&hellip;\n","protected":false},"author":2,"featured_media":158426,"comment_status":"","ping_status":"","sticky":false,"template":"","format":"standard","meta":{"footnotes":""},"categories":[277],"tags":[373,168,25,24,46904,23,167,374,444],"class_list":{"0":"post-158425","1":"post","2":"type-post","3":"status-publish","4":"format-standard","5":"has-post-thumbnail","7":"category-toreo","8":"tag-bullfighting","9":"tag-deportes","10":"tag-es","11":"tag-espana","12":"tag-las-rozas","13":"tag-spain","14":"tag-sports","15":"tag-toreo","16":"tag-toros"},"share_on_mastodon":{"url":"","error":""},"_links":{"self":[{"href":"https:\/\/www.europesays.com\/es\/wp-json\/wp\/v2\/posts\/158425","targetHints":{"allow":["GET"]}}],"collection":[{"href":"https:\/\/www.europesays.com\/es\/wp-json\/wp\/v2\/posts"}],"about":[{"href":"https:\/\/www.europesays.com\/es\/wp-json\/wp\/v2\/types\/post"}],"author":[{"embeddable":true,"href":"https:\/\/www.europesays.com\/es\/wp-json\/wp\/v2\/users\/2"}],"replies":[{"embeddable":true,"href":"https:\/\/www.europesays.com\/es\/wp-json\/wp\/v2\/comments?post=158425"}],"version-history":[{"count":0,"href":"https:\/\/www.europesays.com\/es\/wp-json\/wp\/v2\/posts\/158425\/revisions"}],"wp:featuredmedia":[{"embeddable":true,"href":"https:\/\/www.europesays.com\/es\/wp-json\/wp\/v2\/media\/158426"}],"wp:attachment":[{"href":"https:\/\/www.europesays.com\/es\/wp-json\/wp\/v2\/media?parent=158425"}],"wp:term":[{"taxonomy":"category","embeddable":true,"href":"https:\/\/www.europesays.com\/es\/wp-json\/wp\/v2\/categories?post=158425"},{"taxonomy":"post_tag","embeddable":true,"href":"https:\/\/www.europesays.com\/es\/wp-json\/wp\/v2\/tags?post=158425"}],"curies":[{"name":"wp","href":"https:\/\/api.w.org\/{rel}","templated":true}]}}