{"id":158431,"date":"2025-10-05T20:28:08","date_gmt":"2025-10-05T20:28:08","guid":{"rendered":"https:\/\/www.europesays.com\/es\/158431\/"},"modified":"2025-10-05T20:28:08","modified_gmt":"2025-10-05T20:28:08","slug":"el-universo-intimo-de-andres-di-tella-en-prueba-de-camara","status":"publish","type":"post","link":"https:\/\/www.europesays.com\/es\/158431\/","title":{"rendered":"El universo \u00edntimo de Andr\u00e9s Di Tella en \u00abPrueba de c\u00e1mara\u00bb"},"content":{"rendered":"<p>\n                        domingo 05 de octubre de 2025<\/p>\n<p>El jueves 9 de octubre a las 18 h, <a href=\"http:\/\/editorialentropia.com.ar\/\" target=\"_blank\" rel=\"noopener nofollow\">Editorial Entrop\u00eda<\/a> realizar\u00e1 en Libros de Pasaje (Thames 1762 &#8211; CABA) la presentaci\u00f3n de <strong>Prueba de c\u00e1mara<\/strong>, el nuevo libro de Andr\u00e9s Di Tella. Acompa\u00f1ar\u00e1n al autor la escritora Mercedes Halfon y los m\u00fasicos Tatiana Ivancovich e Isa\u00edas Maiola Wheeler, quienes interpretar\u00e1n canciones mencionadas en el texto.<\/p>\n<p>En este trabajo, Di Tella traslada a la palabra escrita el tono \u00edntimo y exploratorio que caracteriza su cine documental. El libro se mueve entre la autobiograf\u00eda y la novela, construyendo un retrato fragmentario de la infancia, la amistad y la identidad.<\/p>\n<p class=\"noticia-relacionada noEditable\" data-id=\"17716\"> <b placeholder=\"\">Lee tambi\u00e9n: Cr\u00edtica de \u00abMixtape La Pampa\u00bb: Andr\u00e9s Di Tella tras los pasos de William Henry Hudson<\/b> <\/p>\n<p>En <strong>Prueba de c\u00e1mara<\/strong>, el autor revisita su pasado a trav\u00e9s de lugares, personas y momentos que marcaron su formaci\u00f3n. Londres, Buenos Aires, Montpellier y Oxford aparecen como escenarios donde se cruzan la historia personal y la historia pol\u00edtica.<\/p>\n<p>El relato gira en torno a un enigma: la figura del mejor amigo de la infancia, Georges-Henri, que reaparece a\u00f1os despu\u00e9s transformado en alguien irreconocible. A partir de esa ausencia, Di Tella indaga en la imposibilidad de reconstruir la memoria sin ficci\u00f3n.<\/p>\n<p><img decoding=\"async\" src=\"https:\/\/www.europesays.com\/es\/wp-content\/uploads\/2025\/10\/1759696088_846_xs.webp.webp\" alt=\"\" width=\"372\" height=\"576\" loading=\"lazy\"\/><\/p>\n<p>Como en sus pel\u00edculas <strong>La televisi\u00f3n y yo<\/strong>, <strong>327 cuadernos<\/strong> o <strong>Diarios<\/strong>, el autor trabaja sobre el registro del yo como una forma de observaci\u00f3n. La escritura se convierte aqu\u00ed en una prolongaci\u00f3n de la c\u00e1mara, una herramienta para pensar la identidad a trav\u00e9s de lo que el tiempo desdibuja.<\/p>\n<p class=\"noticia-relacionada noEditable\" data-id=\"2854\"> <b placeholder=\"\">Lee tambi\u00e9n: Cr\u00edtica de \u00ab327 cuadernos\u00bb: Mi sombra y yo<\/b> <\/p>\n<p>Andr\u00e9s Di Tella, referente del cine documental argentino, explora en este libro la relaci\u00f3n entre la memoria y la representaci\u00f3n, los mismos temas que atraviesan su filmograf\u00eda. Su obra \u2014que incluye t\u00edtulos como <strong>Montoneros, una historia<\/strong> (1995), <strong>Ficci\u00f3n privada <\/strong>(2019) y <strong>Mixtape La Pampa<\/strong> (2023)\u2014 ha sido reconocida por su mirada personal sobre lo colectivo.<\/p>\n<p>La publicaci\u00f3n de <strong>Prueba de c\u00e1mara<\/strong> contin\u00faa un recorrido iniciado con <strong>Cuadernos <\/strong>(2020) y <strong>Una pel\u00edcula es todo el cine<\/strong> (2025), consolidando a Di Tella como una voz singular en la literatura argentina contempor\u00e1nea.<\/p>\n","protected":false},"excerpt":{"rendered":"domingo 05 de octubre de 2025 El jueves 9 de octubre a las 18 h, Editorial Entrop\u00eda realizar\u00e1&hellip;\n","protected":false},"author":2,"featured_media":158432,"comment_status":"","ping_status":"","sticky":false,"template":"","format":"standard","meta":{"footnotes":""},"categories":[172],"tags":[224,146,147,25,24,225,23],"class_list":{"0":"post-158431","1":"post","2":"type-post","3":"status-publish","4":"format-standard","5":"has-post-thumbnail","7":"category-libros","8":"tag-books","9":"tag-entertainment","10":"tag-entretenimiento","11":"tag-es","12":"tag-espana","13":"tag-libros","14":"tag-spain"},"share_on_mastodon":{"url":"","error":""},"_links":{"self":[{"href":"https:\/\/www.europesays.com\/es\/wp-json\/wp\/v2\/posts\/158431","targetHints":{"allow":["GET"]}}],"collection":[{"href":"https:\/\/www.europesays.com\/es\/wp-json\/wp\/v2\/posts"}],"about":[{"href":"https:\/\/www.europesays.com\/es\/wp-json\/wp\/v2\/types\/post"}],"author":[{"embeddable":true,"href":"https:\/\/www.europesays.com\/es\/wp-json\/wp\/v2\/users\/2"}],"replies":[{"embeddable":true,"href":"https:\/\/www.europesays.com\/es\/wp-json\/wp\/v2\/comments?post=158431"}],"version-history":[{"count":0,"href":"https:\/\/www.europesays.com\/es\/wp-json\/wp\/v2\/posts\/158431\/revisions"}],"wp:featuredmedia":[{"embeddable":true,"href":"https:\/\/www.europesays.com\/es\/wp-json\/wp\/v2\/media\/158432"}],"wp:attachment":[{"href":"https:\/\/www.europesays.com\/es\/wp-json\/wp\/v2\/media?parent=158431"}],"wp:term":[{"taxonomy":"category","embeddable":true,"href":"https:\/\/www.europesays.com\/es\/wp-json\/wp\/v2\/categories?post=158431"},{"taxonomy":"post_tag","embeddable":true,"href":"https:\/\/www.europesays.com\/es\/wp-json\/wp\/v2\/tags?post=158431"}],"curies":[{"name":"wp","href":"https:\/\/api.w.org\/{rel}","templated":true}]}}