{"id":158437,"date":"2025-10-05T20:34:09","date_gmt":"2025-10-05T20:34:09","guid":{"rendered":"https:\/\/www.europesays.com\/es\/158437\/"},"modified":"2025-10-05T20:34:09","modified_gmt":"2025-10-05T20:34:09","slug":"paloma-cuevas-la-invitada-de-boda-ideal-del-2025-con-vestido-de-firma-espanola","status":"publish","type":"post","link":"https:\/\/www.europesays.com\/es\/158437\/","title":{"rendered":"Paloma Cuevas, la invitada de boda ideal del 2025 con vestido de firma espa\u00f1ola"},"content":{"rendered":"<p data-journey-content=\"true\" data-node-id=\"2\" class=\"css-6wxqfj emevuu60\">\u00daltimamente, <strong data-node-id=\"2.1\"><a href=\"https:\/\/www.elle.com\/es\/star-style\/el-estilo-de\/a68017060\/paloma-cuevas-vestido-camisero-invitada-firma-espanola\/\" data-vars-ga-outbound-link=\"https:\/\/www.elle.com\/es\/star-style\/el-estilo-de\/a68017060\/paloma-cuevas-vestido-camisero-invitada-firma-espanola\/\" data-vars-ga-ux-element=\"Hyperlink\" data-vars-ga-call-to-action=\"Paloma Cuevas\" data-node-id=\"2.1.0\" class=\"body-link css-103hk4r emevuu60\" rel=\"nofollow noopener\" target=\"_blank\">Paloma Cuevas<\/a><\/strong> no para de conquistarnos con sus propuestas estil\u00edsticas, y eso que, supuestamente, lleva una vida completamente alejada de los focos. <\/p>\n<p data-journey-content=\"true\" data-node-id=\"3\" class=\"css-6wxqfj emevuu60\">Primero nos sorprendi\u00f3 a todos en la cena previa al desfile de Carolina Herrera en Madrid, luego nos conquist\u00f3 con un look de invitada ideal y, pocos d\u00edas m\u00e1s tarde, volvi\u00f3 a hacer lo mismo con el que describimos como <a href=\"https:\/\/www.elle.com\/es\/star-style\/el-estilo-de\/a68075075\/paloma-cuevas-look-entretiempo-vaqueros-negros-otono-53-anos\/\" data-vars-ga-outbound-link=\"https:\/\/www.elle.com\/es\/star-style\/el-estilo-de\/a68075075\/paloma-cuevas-look-entretiempo-vaqueros-negros-otono-53-anos\/\" data-vars-ga-ux-element=\"Hyperlink\" data-vars-ga-call-to-action=\"&quot;el look de entretiempo perfecto&quot;\" data-node-id=\"3.1.0\" class=\"body-link css-103hk4r emevuu60\" rel=\"nofollow noopener\" target=\"_blank\">\u00abel look de entretiempo perfecto\u00bb<\/a>. Sin embargo, esta vez la dise\u00f1adora ha ido un paso m\u00e1s all\u00e1 y nos ha cautivado con<strong data-node-id=\"3.3\"> su <a href=\"https:\/\/www.elle.com\/es\/moda\/noticias\/a68088590\/mejores-looks-invitada-boda-otono-alta-sociedad-espanola\/\" data-vars-ga-outbound-link=\"https:\/\/www.elle.com\/es\/moda\/noticias\/a68088590\/mejores-looks-invitada-boda-otono-alta-sociedad-espanola\/\" data-vars-ga-ux-element=\"Hyperlink\" data-vars-ga-call-to-action=\"mejor look de invitada de boda\" data-node-id=\"3.3.1\" class=\"body-link css-103hk4r emevuu60\" rel=\"nofollow noopener\" target=\"_blank\">mejor look de invitada de boda<\/a><\/strong> hasta la fecha. Un look digno de matr\u00edcula de honor que, como no pod\u00eda ser de otra manera, pertenece a la popular <strong data-node-id=\"3.5\">firma espa\u00f1ola Rosa Clar\u00e1.<\/strong> Marca para la que dise\u00f1a.<\/p>\n<p>Paloma Cuevas, espectacular con vestido de invitada de boda de Rosa Clar\u00e1<\/p>\n<p data-journey-content=\"true\" data-node-id=\"5\" class=\"css-6wxqfj emevuu60\">Por supuesto, no es la primera vez que Cuevas aposta por un dise\u00f1o de la famosa<strong data-node-id=\"5.1\"> <a href=\"https:\/\/www.elle.com\/es\/moda\/noticias\/a64606212\/vestidos-novia-2025-2026-transparencias-boho-americanas-volumen-encaje\/\" data-vars-ga-outbound-link=\"https:\/\/www.elle.com\/es\/moda\/noticias\/a64606212\/vestidos-novia-2025-2026-transparencias-boho-americanas-volumen-encaje\/\" data-vars-ga-ux-element=\"Hyperlink\" data-vars-ga-call-to-action=\"marca de novias\" data-node-id=\"5.1.1\" class=\"body-link css-103hk4r emevuu60\" rel=\"nofollow noopener\" target=\"_blank\">marca de novias<\/a><\/strong> para sus eventos m\u00e1s importantes. De hecho, nos atrever\u00edamos a decir que casi siempre apuesta por sus dise\u00f1os cuando se trata de ocasiones especiales. No obstante, este que ha llevado este fin de semana es otro nivel.<\/p>\n<p><img draggable=\"true\" alt=\"paloma cuevas vestido invitada boda\" title=\"Paloma Cuevas vestido invitada boda\" loading=\"lazy\" width=\"1125\" height=\"1732\" decoding=\"async\" data-nimg=\"1\" style=\"color:transparent;width:100%;height:auto;\"   src=\"https:\/\/www.europesays.com\/es\/wp-content\/uploads\/2025\/10\/paloma-cuevas-invitada-boda-rosa-clara-elle-68e298cdbaae5.jpg\" class=\"css-0 e1g79fud0\"\/><a target=\"_blank\" rel=\"noopener nofollow\" data-theme-key=\"base-link\" href=\"https:\/\/pinterest.com\/pin\/create\/button\/?url=https:\/\/www.elle.com\/es\/star-style\/el-estilo-de\/a68834328\/paloma-cuevas-vestido-invitada-firma-espanola-rosa-clara-novias\/&amp;description=- ElleSpain&amp;media=https:\/\/hips.hearstapps.com\/hmg-prod\/images\/paloma-cuevas-invitada-boda-rosa-clara-elle-68e298cdbaae5.jpg?resize=1600:*\" class=\"pinterest css-on9hn5 e1c1bym14\"><img decoding=\"async\" data-dynamic-svg=\"true\" src=\"https:\/\/www.elle.com\/_assets\/design-tokens\/fre\/static\/icons\/social\/pinterest.e8cf655.svg?primary=%2523ffffff\" loading=\"lazy\" data-testid=\"dynamic-svg-base\" height=\"auto\" width=\"auto\" alt=\"pinterest\" class=\"css-4lml0h e1mlxuuw1\"\/><\/a><\/p>\n<p>@palomacuevasofficial\/\/Instagram<\/p>\n<p data-journey-content=\"true\" data-node-id=\"8\" class=\"css-6wxqfj emevuu60\"><strong data-node-id=\"8.0\">Largo, en color rosa pastel, con escote palabra de honor y con motivos florales en relieve. <\/strong>As\u00ed era el espectacular <strong data-node-id=\"8.2\">vestido de invitada <\/strong>que alz\u00f3 a Paloma Cuevas como la invitada m\u00e1s elegante del oto\u00f1o. Una pieza elegante, femenina, glamurosa y, sobre todo, muy especial, que seguro desear\u00e1n tener todas aquellas afortunadas que cuenten con una boda o evento especial en los pr\u00f3ximos meses.<\/p>\n<p data-journey-content=\"true\" data-node-id=\"9\" class=\"css-6wxqfj emevuu60\">Se trata de un<strong data-node-id=\"9.1\"> vestido con corte &#8216;A&#8217; <\/strong>que resulta muy favorecedor para cualquier tipo de silueta. Adem\u00e1s, el dise\u00f1o combinaba a la perfecci\u00f3n romanticismo y sofisticaci\u00f3n. <\/p>\n<p data-journey-content=\"true\" data-node-id=\"10\" class=\"css-6wxqfj emevuu60\">Paloma lo remat\u00f3 con unos pendientes joya en burdeos, una cola baja perfectamente ondulada y un maquillaje en tonos rosados a juego con el dise\u00f1o. Un acierto total que vuelve a posicionar a la dise\u00f1adora como una de las mujeres m\u00e1s elegantes de nuestro pa\u00eds.<\/p>\n<p><img src=\"https:\/\/www.europesays.com\/es\/wp-content\/uploads\/2025\/10\/1759696449_639_5d174fc2-88a3-4418-a5b3-be884db3ec5f_1678984174.file\" alt=\"Headshot of Laura Soria\" title=\"Headshot of Laura Soria\" width=\"100%\" height=\"100%\" decoding=\"async\" loading=\"lazy\" class=\"css-o0wq4v ev8dhu53\"\/><\/p>\n<p>Laura Soria Onieva es experta en moda, tendencias, alfombras rojas y &#8216;celebrities&#8217;. Como apasionada del periodismo y la comunicaci\u00f3n, siempre est\u00e1 atenta a las \u00faltimas novedades del sector. Entiende la moda como una v\u00eda de expresi\u00f3n y siempre busca entender la filosof\u00eda que transmiten los estilismos de las famosas.<\/p>\n<p>La b\u00fasqueda constante de inspiraci\u00f3n la convierte en una prescriptora de futuras tendencias de temporada. As\u00ed, no hay prenda o estilo que se le escape en Instagram y TikTok. Experta en recrear los mejores looks de las famosas e influencers con prendas de las firmas &#8216;low cost&#8217; m\u00e1s exitosas como Zara, Mango, Stradivarius&#8230; As\u00ed como de las firmas espa\u00f1olas que debes tener s\u00ed o s\u00ed en tu radar para que puedas vestir a la \u00faltima. Para ella no hay tendencia imposible: transparencias, aberturas complicadas, brillos, lentejuelas&#8230; Buscar\u00e1 todos los trucos de la mano de las expertas para ense\u00f1ar c\u00f3mo lucirlas sin caer en el error.<\/p>\n<p>Laura Soria se gradu\u00f3 en el doble grado de Periodismo y Comunicaci\u00f3n Audiovisual en la Universidad Rey Juan Carlos y, desde el inicio, ha conseguido experiencia en distintos sectores: radio, televisi\u00f3n, peri\u00f3dico digital&#8230; Actualmente se dedica a la que es su verdadera pasi\u00f3n, el periodismo de moda, como colaboradora de moda y actualidad en la revista ELLE.<\/p>\n<p>Sus constantes ganas de aprender, y su alma inquieta, la han empujado a especializarse a\u00fan m\u00e1s en el mundillo con distintos cursos, destacando el de Marketing Digital y Comunicaci\u00f3n de Moda y Lujo. \u00a0\u00a0<\/p>\n","protected":false},"excerpt":{"rendered":"\u00daltimamente, Paloma Cuevas no para de conquistarnos con sus propuestas estil\u00edsticas, y eso que, supuestamente, lleva una vida&hellip;\n","protected":false},"author":2,"featured_media":158438,"comment_status":"","ping_status":"","sticky":false,"template":"","format":"standard","meta":{"footnotes":""},"categories":[91],"tags":[253,146,147,25,24,23],"class_list":{"0":"post-158437","1":"post","2":"type-post","3":"status-publish","4":"format-standard","5":"has-post-thumbnail","7":"category-entretenimiento","8":"tag-discover","9":"tag-entertainment","10":"tag-entretenimiento","11":"tag-es","12":"tag-espana","13":"tag-spain"},"share_on_mastodon":{"url":"","error":""},"_links":{"self":[{"href":"https:\/\/www.europesays.com\/es\/wp-json\/wp\/v2\/posts\/158437","targetHints":{"allow":["GET"]}}],"collection":[{"href":"https:\/\/www.europesays.com\/es\/wp-json\/wp\/v2\/posts"}],"about":[{"href":"https:\/\/www.europesays.com\/es\/wp-json\/wp\/v2\/types\/post"}],"author":[{"embeddable":true,"href":"https:\/\/www.europesays.com\/es\/wp-json\/wp\/v2\/users\/2"}],"replies":[{"embeddable":true,"href":"https:\/\/www.europesays.com\/es\/wp-json\/wp\/v2\/comments?post=158437"}],"version-history":[{"count":0,"href":"https:\/\/www.europesays.com\/es\/wp-json\/wp\/v2\/posts\/158437\/revisions"}],"wp:featuredmedia":[{"embeddable":true,"href":"https:\/\/www.europesays.com\/es\/wp-json\/wp\/v2\/media\/158438"}],"wp:attachment":[{"href":"https:\/\/www.europesays.com\/es\/wp-json\/wp\/v2\/media?parent=158437"}],"wp:term":[{"taxonomy":"category","embeddable":true,"href":"https:\/\/www.europesays.com\/es\/wp-json\/wp\/v2\/categories?post=158437"},{"taxonomy":"post_tag","embeddable":true,"href":"https:\/\/www.europesays.com\/es\/wp-json\/wp\/v2\/tags?post=158437"}],"curies":[{"name":"wp","href":"https:\/\/api.w.org\/{rel}","templated":true}]}}