{"id":158457,"date":"2025-10-05T20:51:11","date_gmt":"2025-10-05T20:51:11","guid":{"rendered":"https:\/\/www.europesays.com\/es\/158457\/"},"modified":"2025-10-05T20:51:11","modified_gmt":"2025-10-05T20:51:11","slug":"la-feria-del-libro-celebra-a-cristina-bajo-a-30-anos-de-como-vivido-cien-veces-municipalidad-de-cordoba","status":"publish","type":"post","link":"https:\/\/www.europesays.com\/es\/158457\/","title":{"rendered":"La Feria del Libro celebra a Cristina Bajo a 30 a\u00f1os de \u201cComo vivido cien veces\u201d \u2022 Municipalidad de C\u00f3rdoba."},"content":{"rendered":"<ul>\n<li><strong>El sitio web \u201cBabilonia Literaria\u201d prepar\u00f3 una fiesta para conmemorar los 30 a\u00f1os de la publicaci\u00f3n de \u201cComo vivido cien veces\u201d.<\/strong><\/li>\n<li><strong>Ser\u00e1 este domingo, a las 17:30, con la participaci\u00f3n de Florencia Vercellone y la escritora Fern\u00e1ndez\u00a0 P\u00e9rez.<\/strong><\/li>\n<\/ul>\n<p>En la carpa azul, denominada \u201cJulio Carri P\u00e9rez\u201d, de la Feria del Libro C\u00f3rdoba 2025 habr\u00e1 una fiesta literaria para recordar una obra que marc\u00f3 un quiebre en la vida de la escritora cordobesa Cristina Bajo, lo que tambi\u00e9n repercuti\u00f3 en el g\u00e9nero hist\u00f3rico a nivel nacional.<\/p>\n<p>Las organizadoras, Fer P\u00e9rez y Florencia Vercellone, aseguran que es \u201cideal para fans de la saga de los Osorio\u201d. Habr\u00e1 juegos, debates y premios. La entrada es gratuita hasta agotar la capacidad de la sala.<\/p>\n<p>Ser\u00e1n evocados los personajes y las escenas m\u00e1s emblem\u00e1ticas de la historia, poniendo a prueba el fanatismo por la obra que aport\u00f3 mucho para que la Novela Hist\u00f3rica se convirtiera en un \u201cboom\u201d, dejando de ser un estilo de consumo delimitado.<\/p>\n<p>Cristina Bajo ten\u00eda m\u00e1s de 60 a\u00f1os cuando Ediciones del Boulevard se decidi\u00f3 a publicar su manuscrito que estuvo guardado mucho tiempo en un caj\u00f3n. La primera tirada fue local y con dinero anticipado de los que adquir\u00edan el primer ejemplar, y ah\u00ed comenz\u00f3 el boca a boca imparable.<\/p>\n","protected":false},"excerpt":{"rendered":"El sitio web \u201cBabilonia Literaria\u201d prepar\u00f3 una fiesta para conmemorar los 30 a\u00f1os de la publicaci\u00f3n de \u201cComo&hellip;\n","protected":false},"author":2,"featured_media":158458,"comment_status":"","ping_status":"","sticky":false,"template":"","format":"standard","meta":{"footnotes":""},"categories":[172],"tags":[224,146,147,25,24,225,23],"class_list":{"0":"post-158457","1":"post","2":"type-post","3":"status-publish","4":"format-standard","5":"has-post-thumbnail","7":"category-libros","8":"tag-books","9":"tag-entertainment","10":"tag-entretenimiento","11":"tag-es","12":"tag-espana","13":"tag-libros","14":"tag-spain"},"share_on_mastodon":{"url":"","error":""},"_links":{"self":[{"href":"https:\/\/www.europesays.com\/es\/wp-json\/wp\/v2\/posts\/158457","targetHints":{"allow":["GET"]}}],"collection":[{"href":"https:\/\/www.europesays.com\/es\/wp-json\/wp\/v2\/posts"}],"about":[{"href":"https:\/\/www.europesays.com\/es\/wp-json\/wp\/v2\/types\/post"}],"author":[{"embeddable":true,"href":"https:\/\/www.europesays.com\/es\/wp-json\/wp\/v2\/users\/2"}],"replies":[{"embeddable":true,"href":"https:\/\/www.europesays.com\/es\/wp-json\/wp\/v2\/comments?post=158457"}],"version-history":[{"count":0,"href":"https:\/\/www.europesays.com\/es\/wp-json\/wp\/v2\/posts\/158457\/revisions"}],"wp:featuredmedia":[{"embeddable":true,"href":"https:\/\/www.europesays.com\/es\/wp-json\/wp\/v2\/media\/158458"}],"wp:attachment":[{"href":"https:\/\/www.europesays.com\/es\/wp-json\/wp\/v2\/media?parent=158457"}],"wp:term":[{"taxonomy":"category","embeddable":true,"href":"https:\/\/www.europesays.com\/es\/wp-json\/wp\/v2\/categories?post=158457"},{"taxonomy":"post_tag","embeddable":true,"href":"https:\/\/www.europesays.com\/es\/wp-json\/wp\/v2\/tags?post=158457"}],"curies":[{"name":"wp","href":"https:\/\/api.w.org\/{rel}","templated":true}]}}