{"id":158468,"date":"2025-10-05T21:00:12","date_gmt":"2025-10-05T21:00:12","guid":{"rendered":"https:\/\/www.europesays.com\/es\/158468\/"},"modified":"2025-10-05T21:00:12","modified_gmt":"2025-10-05T21:00:12","slug":"siria-vota-en-sus-primeras-y-cuestionadas-elecciones-legislativas-tras-la-caida-de-la-dictadura-de-bashar-al-assad","status":"publish","type":"post","link":"https:\/\/www.europesays.com\/es\/158468\/","title":{"rendered":"Siria vota en sus primeras, y cuestionadas, elecciones legislativas tras la ca\u00edda de la dictadura de Bashar al Assad"},"content":{"rendered":"<p class=\"voc-p\" style=\"\">El presidente de Siria, <a href=\"https:\/\/www.abc.es\/internacional\/qaeda-intervenir-onu-historia-presidente-siria-eeuu-20250925193745-nt.html\" target=\"_self\" data-voc-vtm-id=\"in-text-traffic\" title=\"Ahmed al Shara\" data-mrf-link=\"www.abc.es\" rel=\"nofollow noopener\">Ahmed al Shara<\/a>, ha depositado este domingo en la capital del pa\u00eds, Damasco, su voto para las elecciones legislativas en una jornada que ha descrito como un \u00abmomento hist\u00f3rico\u00bb en el proceso de transici\u00f3n nacional tras d\u00e9cadas de dictadura de la familia <a href=\"https:\/\/www.abc.es\/noticias\/bashar-al-assad\/\" target=\"_self\" data-voc-vtm-id=\"in-text-traffic\" title=\"Al Assad\" data-mrf-link=\"www.abc.es\" rel=\"nofollow noopener\">Al Assad<\/a>, en medio de cr\u00edticas a la votaci\u00f3n por su car\u00e1cter indirecto y al boicot de destacados actores pol\u00edtico-militares del pa\u00eds.<\/p>\n<p class=\"voc-p\" style=\"\">Antes de dirigirse a votar, el antiguo l\u00edder yihadista se ha paseado por el colegio electoral de la principal biblioteca de la capital para examinar el proceso. \u00abEste momento hist\u00f3rico para los sirios es extremadamente importante en estos momentos\u00bb, ha declarado en comentarios recogidos por la agencia oficial de noticias SANA, \u00aby todos los sirios deben reconstruir su pa\u00eds\u00bb.<\/p>\n<p class=\"voc-p\" style=\"\">El proceso ha sido enormemente cuestionado porque <strong>no se desarrollar\u00e1 a trav\u00e9s de un voto directo<\/strong>. En realidad, dos tercios de los elegidos para el nuevo Parlamento ser\u00e1n nombrados por comit\u00e9s electorales instaurados por circunscripciones, mientras que el tercio restante ser\u00e1 designado a dedo por el presidente de transici\u00f3n.<\/p>\n<p class=\"voc-p\" style=\"\">Adem\u00e1s, hay que tener en cuenta que fuerzas tan influyentes como la administraci\u00f3n kurda del noreste del pa\u00eds y<a href=\"https:\/\/www.abc.es\/internacional\/ejercito-retira-sueida-tras-peticion-eeuu-reducir-20250717094309-nt.html\" target=\"_self\" data-voc-vtm-id=\"in-text-traffic\" title=\" la comunidad drusa de Sueida,\" data-mrf-link=\"www.abc.es\" rel=\"nofollow noopener\"> la comunidad drusa de Sueida,<\/a> en el sur, <strong>han decidido no participar<\/strong> en estos comicios al entenderlos como una farsa de Al Shara y un ataque al esp\u00edritu de las dif\u00edciles negociaciones de integraci\u00f3n nacional.<\/p>\n<p class=\"voc-p\" style=\"\">El Gobierno sirio acab\u00f3 admitiendo la imposiblidad de celebrar los comicios y enmarc\u00f3 la crisis electoral como \u00abun asunto soberano que s\u00f3lo puede celebrarse en zonas bajo pleno control del gobierno\u00bb, explic\u00f3 en su momento el portavoz de la Comisi\u00f3n, Nawar Najmeh, sobre la situaci\u00f3n.<\/p>\n<p class=\"voc-p\" style=\"\">Al Shara ha defendido la importancia de celebrar estos comicios lo antes posible -los primeros desde que su organizaci\u00f3n yihadista, ahora disuelta, encabezara la ofensiva final de diciembre del a\u00f1o pasado que desemboc\u00f3 en <a href=\"https:\/\/www.abc.es\/internacional\/caida-assad-duro-golpe-putin-debilitado-guerra-20241208122603-nt.html\" target=\"_self\" data-voc-vtm-id=\"in-text-traffic\" title=\"la huida del pa\u00eds del entonces presidente, Bashar al Assad\" data-mrf-link=\"www.abc.es\" rel=\"nofollow noopener\">la huida del pa\u00eds del entonces presidente, Bashar al Assad<\/a>, para acelerar el proceso de transici\u00f3n que le exige la comunidad internacional a trav\u00e9s de la r\u00e1pida declaraci\u00f3n de las leyes necesarias a este respecto.<\/p>\n<p class=\"voc-p\" style=\"\">\u00abHay muchos asuntos pendientes en Siria que debemos resolver. Hemos sabido aprovechar la oportunidad lo m\u00e1s r\u00e1pido posible para llenar este importante vac\u00edo en la representaci\u00f3n popular en el Parlamento y asegurar que las leyes avanzan con rapidez\u00bb, ha explicado.<\/p>\n<p>Reportar un error<\/p>\n","protected":false},"excerpt":{"rendered":"El presidente de Siria, Ahmed al Shara, ha depositado este domingo en la capital del pa\u00eds, Damasco, su&hellip;\n","protected":false},"author":2,"featured_media":158469,"comment_status":"","ping_status":"","sticky":false,"template":"","format":"standard","meta":{"footnotes":""},"categories":[42],"tags":[47188,47187,17,18,4357,47186,1471,4374,13,14,11,61,62,63,64,19,20,46893,9,10,15,16,1640,32787,12,575,21,22,40526,65,66,67],"class_list":{"0":"post-158468","1":"post","2":"type-post","3":"status-publish","4":"format-standard","5":"has-post-thumbnail","7":"category-internacional","8":"tag-assad","9":"tag-bashar","10":"tag-breaking-news","11":"tag-breakingnews","12":"tag-caida","13":"tag-cuestionadas","14":"tag-dictadura","15":"tag-elecciones","16":"tag-featured-news","17":"tag-featurednews","18":"tag-headlines","19":"tag-internacional","20":"tag-international","21":"tag-international-news","22":"tag-internationalnews","23":"tag-latest-news","24":"tag-latestnews","25":"tag-legislativas","26":"tag-news","27":"tag-noticias","28":"tag-noticias-destacadas","29":"tag-noticiasdestacadas","30":"tag-primeras","31":"tag-siria","32":"tag-titulares","33":"tag-tras","34":"tag-ultimas-noticias","35":"tag-ultimasnoticias","36":"tag-vota","37":"tag-world","38":"tag-world-news","39":"tag-worldnews"},"share_on_mastodon":{"url":"","error":""},"_links":{"self":[{"href":"https:\/\/www.europesays.com\/es\/wp-json\/wp\/v2\/posts\/158468","targetHints":{"allow":["GET"]}}],"collection":[{"href":"https:\/\/www.europesays.com\/es\/wp-json\/wp\/v2\/posts"}],"about":[{"href":"https:\/\/www.europesays.com\/es\/wp-json\/wp\/v2\/types\/post"}],"author":[{"embeddable":true,"href":"https:\/\/www.europesays.com\/es\/wp-json\/wp\/v2\/users\/2"}],"replies":[{"embeddable":true,"href":"https:\/\/www.europesays.com\/es\/wp-json\/wp\/v2\/comments?post=158468"}],"version-history":[{"count":0,"href":"https:\/\/www.europesays.com\/es\/wp-json\/wp\/v2\/posts\/158468\/revisions"}],"wp:featuredmedia":[{"embeddable":true,"href":"https:\/\/www.europesays.com\/es\/wp-json\/wp\/v2\/media\/158469"}],"wp:attachment":[{"href":"https:\/\/www.europesays.com\/es\/wp-json\/wp\/v2\/media?parent=158468"}],"wp:term":[{"taxonomy":"category","embeddable":true,"href":"https:\/\/www.europesays.com\/es\/wp-json\/wp\/v2\/categories?post=158468"},{"taxonomy":"post_tag","embeddable":true,"href":"https:\/\/www.europesays.com\/es\/wp-json\/wp\/v2\/tags?post=158468"}],"curies":[{"name":"wp","href":"https:\/\/api.w.org\/{rel}","templated":true}]}}