{"id":158470,"date":"2025-10-05T21:01:25","date_gmt":"2025-10-05T21:01:25","guid":{"rendered":"https:\/\/www.europesays.com\/es\/158470\/"},"modified":"2025-10-05T21:01:25","modified_gmt":"2025-10-05T21:01:25","slug":"no-sale-de-casa-el-temor-esta","status":"publish","type":"post","link":"https:\/\/www.europesays.com\/es\/158470\/","title":{"rendered":"\u00abNo sale de casa; el temor est\u00e1\u00bb"},"content":{"rendered":"<p>05\/10\/2025<br \/>\n<br \/><strong><br \/>\nActualizado a las 03:46h.<br \/>\n<\/strong><\/p>\n<p class=\"voc-p\" style=\"\">En la aldea de San Pedro, en el concello orensano de A Bola, los vecinos se cuentan con los dedos de la mano. Todos se conocen, desde hace d\u00e9cadas, casi como si de una peque\u00f1a familia se tratase. El \u00fanico historial oculto en esta comunidad bien avenida es el de un nuevo habitante que aterriz\u00f3 el pasado febrero y al que todos, sin dudarlo, tendieron la mano. Su nombre lo precede, aunque borrado por a\u00f1os a la sombra. Antonio Gali Balaguer, valenciano de 73 a\u00f1os, es un asesino en serie que empez\u00f3 a matar en los ochenta y que ha pasado m\u00e1s a\u00f1os entre rejas que en libertad. Los \u00faltimos veinte estuvo ingresado en la c\u00e1rcel de A Lama por asesinar a una prostituta en Orense. Antes hab\u00eda acabado con la vida de una ni\u00f1a de 11 a\u00f1os, amiga de una de sus hijas, a la que agredi\u00f3 sexualmente en Zaragoza para despu\u00e9s asfixiarla en una ba\u00f1era. En su curr\u00edculum tambi\u00e9n figura otro crimen, su primer asesinato, el de un pastor que era marido de una mujer con la que Gali mantuvo una relaci\u00f3n sentimental. Tr\u00e1fico de drogas, robos y violaciones a menores acaban de completar un pasado que la puesta en libertad de este convicto ha desempolvado, desatando la tensi\u00f3n en su nuevo hogar.<\/p>\n<p class=\"voc-p\" style=\"\">Las primeras semanas del ex reo en San Pedro pasaron desapercibidas para sus habitantes, m\u00e1s all\u00e1 de la ayuda desinteresada que empezaron a prestar a un septuagenario que entr\u00f3 a vivir en una casa sin ning\u00fan tipo de comodidades, con el tejado ca\u00eddo y las tuber\u00edas rotas. En estos primeros compases de su vida en la calle, a Gali le ayudaron a adecentar la estancia, le cargaron varias veces la bater\u00eda del coche y hasta le intentaron conseguir una nevera para que los alimentos no se le pudrieran. La liebre salt\u00f3 cuando moviendo papeles en la mancomunidad para ayudarle con el frigor\u00edfico, su expediente se hizo p\u00fablico. \u00abSali\u00f3 la ficha de qui\u00e9n era, ser\u00eda mayo o junio, y a ra\u00edz de eso ya avisaron a la alcaldesa\u00bb detalla a ABC una de las vecinas de la localidad, que junto a otros habitantes apunta las claves de la llegada de este controvertido residente. \u00abA partir de ese momento, hay gente que no quiso saber m\u00e1s de \u00e9l\u00bb comenta evidenciando lo que supone tener a un asesino en la puerta de al lado. \u00abNo sabemos c\u00f3mo lleg\u00f3 aqu\u00ed, suponemos que se vino a pasar lo que le queda de vida\u00bb comenta otro lugare\u00f1o, que matiza la relaci\u00f3n de los vecinos con Gali. \u00ab\u00c9l \u2014arranca\u2014 no quiso amistad con nadie, desde el primer d\u00eda se cerr\u00f3 bastante\u00bb. Ahora, con la atenci\u00f3n puesta sobre \u00e9l, casi no sale de casa. Apenas una hora a la semana para hacer la compra. \u00abSube las bolsas con una cuerda porque sali\u00f3 con las piernas rotas de la c\u00e1rcel, lleva dos muletas y no se maneja, f\u00edsicamente no vale para nada porque tiene las piernas destrozadas\u00bb explica otro vecino, que incluso recuerda que han tenido que ayudarlo a levantarse varias veces de la calle. \u00abCon esa edad no se va a reinsertar y el temor est\u00e1\u00bb resuelve un tercero que, pese a todo, censura los \u00abbulos\u00bb que se han lanzado en las \u00faltimas semanas. <\/p>\n<p class=\"voc-p\" style=\"\">\u00abMi nieta \u2014lo releva una vecina\u2014 lleg\u00f3 diciendo que ten\u00eda miedo de venir a la aldea porque en Celanova dicen que va en coche por los parques mirando a los ni\u00f1os, y eso es falso, es una mentira porque nosotros lo vemos y no sale de casa. Antes se asomaba a la ventana y se pon\u00eda ah\u00ed fuera, pero ya ni eso\u00bb intenta aclarar. Adem\u00e1s, una patrulla de la Guardia Civil suele pasar a diario por la aldea. Entre el recelo por su pasado y la consciencia de que \u00abha cumplido con la justicia\u00bb, en San Pedro conviven con un dilema que mantiene a los vecinos divididos. Unos no quieren saber nada de un hombre capaz de violar y matar; otros explican que \u00abes una persona que ya pag\u00f3 con lo que pag\u00f3, y ya bastante tiene viviendo como vive\u00bb. <\/p>\n<p>\nSu perfil en prisi\u00f3n\n<\/p>\n<p class=\"voc-p\" style=\"\">Hasta su llegada a A Bola, Gali Balaguer pas\u00f3 dos d\u00e9cadas encerrado, sin permiso alguno, en la prisi\u00f3n de A Lama. De su vida intramuros, los funcionarios consultados por ABC hablan de un preso \u00abejemplar\u00bb y \u00abcamale\u00f3nico\u00bb que siempre estuvo en los llamados m\u00f3dulos de respeto y convivencia. \u00abEs un tipo de interno muy peligroso delincuencialmente, pero que en la c\u00e1rcel sabe esconderse para no llamar la atenci\u00f3n\u00bb analizan. El trato de Gali con los funcionarios siempre fue bueno, hasta el punto de que era normal que ocupase puestos de confianza, sin desafiar las jerarqu\u00edas carcelarias. Una de sus caracter\u00edsticas, explican quienes pasaron los \u00faltimos a\u00f1os con \u00e9l, es que le gustaba tener a otros internos bajo sus \u00f3rdenes, \u00abbuscaba a presos vulnerables intelectualmente y se rodeaba de ellos, los hac\u00eda sus perros falderos\u00bb indican.<\/p>\n<p class=\"voc-p\" style=\"\">Las cr\u00f3nicas de la \u00e9poca conservan el momento en el que un tribunal popular declar\u00f3 a Gali culpable de su \u00faltimo crimen. \u00abEscuch\u00f3 la sentencia mirando al frente, pero gir\u00f3 la cabeza hacia la portavoz del jurado cuando pronunci\u00f3 la palabra &#8216;asesinato&#8217;. Y al levantarse para abandonar la sala, susurr\u00f3 un &#8216;me cago en la puta&#8217;\u00bb. El veredicto no advirti\u00f3 arrepentimiento en el procesado, al que calificaron de \u00abpersona s\u00e1dica\u00bb. Cumplida su pena, Antonio Gali Balaguer, el que fuera uno de los criminales m\u00e1s peligrosos de Espa\u00f1a, estrena libertad en una aldea dividida. <\/p>\n<p>Reportar un error<\/p>\n","protected":false},"excerpt":{"rendered":"05\/10\/2025 Actualizado a las 03:46h. En la aldea de San Pedro, en el concello orensano de A Bola,&hellip;\n","protected":false},"author":2,"featured_media":158471,"comment_status":"","ping_status":"","sticky":false,"template":"","format":"standard","meta":{"footnotes":""},"categories":[8],"tags":[23872,19521,17,18,385,25,24,13,14,11,19,20,9,10,15,16,5150,156,23,23609,12,21,22],"class_list":{"0":"post-158470","1":"post","2":"type-post","3":"status-publish","4":"format-standard","5":"has-post-thumbnail","7":"category-espana","8":"tag-aldea","9":"tag-asesino","10":"tag-breaking-news","11":"tag-breakingnews","12":"tag-casa","13":"tag-es","14":"tag-espana","15":"tag-featured-news","16":"tag-featurednews","17":"tag-headlines","18":"tag-latest-news","19":"tag-latestnews","20":"tag-news","21":"tag-noticias","22":"tag-noticias-destacadas","23":"tag-noticiasdestacadas","24":"tag-sale","25":"tag-serie","26":"tag-spain","27":"tag-temor","28":"tag-titulares","29":"tag-ultimas-noticias","30":"tag-ultimasnoticias"},"share_on_mastodon":{"url":"","error":""},"_links":{"self":[{"href":"https:\/\/www.europesays.com\/es\/wp-json\/wp\/v2\/posts\/158470","targetHints":{"allow":["GET"]}}],"collection":[{"href":"https:\/\/www.europesays.com\/es\/wp-json\/wp\/v2\/posts"}],"about":[{"href":"https:\/\/www.europesays.com\/es\/wp-json\/wp\/v2\/types\/post"}],"author":[{"embeddable":true,"href":"https:\/\/www.europesays.com\/es\/wp-json\/wp\/v2\/users\/2"}],"replies":[{"embeddable":true,"href":"https:\/\/www.europesays.com\/es\/wp-json\/wp\/v2\/comments?post=158470"}],"version-history":[{"count":0,"href":"https:\/\/www.europesays.com\/es\/wp-json\/wp\/v2\/posts\/158470\/revisions"}],"wp:featuredmedia":[{"embeddable":true,"href":"https:\/\/www.europesays.com\/es\/wp-json\/wp\/v2\/media\/158471"}],"wp:attachment":[{"href":"https:\/\/www.europesays.com\/es\/wp-json\/wp\/v2\/media?parent=158470"}],"wp:term":[{"taxonomy":"category","embeddable":true,"href":"https:\/\/www.europesays.com\/es\/wp-json\/wp\/v2\/categories?post=158470"},{"taxonomy":"post_tag","embeddable":true,"href":"https:\/\/www.europesays.com\/es\/wp-json\/wp\/v2\/tags?post=158470"}],"curies":[{"name":"wp","href":"https:\/\/api.w.org\/{rel}","templated":true}]}}