{"id":158492,"date":"2025-10-05T21:23:12","date_gmt":"2025-10-05T21:23:12","guid":{"rendered":"https:\/\/www.europesays.com\/es\/158492\/"},"modified":"2025-10-05T21:23:12","modified_gmt":"2025-10-05T21:23:12","slug":"militares-de-venezuela-se-alistan-para-estado-de-excepcion-dw-05-10-2025","status":"publish","type":"post","link":"https:\/\/www.europesays.com\/es\/158492\/","title":{"rendered":"Militares de Venezuela se alistan para estado de excepci\u00f3n \u2013 DW \u2013 05\/10\/2025"},"content":{"rendered":"<p>La Fuerza Armada de <a class=\"internal-link\" href=\"https:\/\/www.dw.com\/es\/venezuela\/t-17410652\" rel=\"nofollow noopener\" target=\"_blank\">Venezuela<\/a> se prepara frente a <a class=\"internal-link\" href=\"https:\/\/www.dw.com\/es\/maduro-listo-para-decretar-estado-de-excepci\u00f3n-en-venezuela\/a-74182131\" rel=\"nofollow noopener\" target=\"_blank\">un posible estado de conmoci\u00f3n exterior<\/a> si el pa\u00eds es \u00abagredida militarmente\u00bb, dijeron altos mandos militares venezolanos, que este s\u00e1bado (04.10.2025) supervisaron ejercicios de comunicaciones ante un eventual conflicto b\u00e9lico con Estados Unidos.<\/p>\n<p>Los militares compartieron con <a class=\"internal-link\" href=\"https:\/\/www.dw.com\/es\/las-milicias-civiles-con-las-que-maduro-quiere-plantar-cara-a-ee-uu\/a-74100943\" rel=\"nofollow noopener\" target=\"_blank\">milicianos y l\u00edderes comunitarios afines al chavismo<\/a> estrategias para comunicarse en caso de una invasi\u00f3n extranjera, mientras se preparan para la posible declaratoria de estado de excepci\u00f3n que le otorgar\u00eda poderes especiales a\u00a0<a class=\"internal-link\" href=\"https:\/\/www.dw.com\/es\/nicol\u00e1s-maduro\/t-17409336\" rel=\"nofollow noopener\" target=\"_blank\">Nicol\u00e1s Maduro<\/a>declarado presidente por el \u00f3rgano electoral de Venezuela tras las cuestionadas elecciones de 2024.<\/p>\n<p><a class=\"internal-link\" href=\"https:\/\/www.dw.com\/es\/venezuela-exige-a-eeuu-cesar-postura-guerrerista\/a-74224636\" rel=\"nofollow noopener\" target=\"_blank\">Washington despleg\u00f3 desde agosto buques y aviones de guerra<\/a> en el Caribe que justifica con una lucha contra narcotraficantes.<\/p>\n<p>El mandatario estadounidense Donald <a class=\"internal-link\" href=\"https:\/\/www.dw.com\/es\/venezuela-califica-de-gran-farsa-las-acusaciones-de-eeuu\/a-73925938\" rel=\"nofollow noopener\" target=\"_blank\">Trump acusa a Maduro de presuntos nexos con el narcotr\u00e1fico<\/a> y desde el pasado 2 de septiembre fuerzas militares de su pa\u00eds han destruido al menos cinco embarcaciones de presuntos traficantes venezolanos con saldo de 21 muertos.<\/p>\n<p>El ministro de Defensa venezolano, Vladimir Padrino L\u00f3pez, indic\u00f3 que en los \u00faltimos 45 d\u00edas\u00a0<a class=\"internal-link\" href=\"https:\/\/www.dw.com\/es\/maduro-env\u00eda-militares-a-entrenar-al-pueblo-en-uso-de-armas\/a-74053310\" rel=\"nofollow noopener\" target=\"_blank\">Venezuela ha puesto en pr\u00e1ctica planes de defensa<\/a> de acuerdo \u00aba la progresividad de la agresi\u00f3n de la amenaza militar\u00bb de Estados Unidos.<\/p>\n<p>Ofensiva permanente<\/p>\n<p>Afirm\u00f3 que los ejercicios ejecutados cada s\u00e1bado son parte de la ofensiva permanente.<\/p>\n<p>\u00abEstamos prepar\u00e1ndonos para una posible eventualidad, un posible estado de excepci\u00f3n\u00bb, afirm\u00f3 por su parte el general Domingo Hern\u00e1ndez L\u00e1rez, jefe del Comando Estrat\u00e9gico Operacional, brazo log\u00edstico de la Fuerza Armada venezolana.<\/p>\n<p>Hern\u00e1ndez L\u00e1rez dijo que se preparan ante cualquier orden de Maduro como comandante en jefe de la Fuerza Armada de \u00abun estado de excepci\u00f3n que ser\u00eda el paso de la paz a una transici\u00f3n hacia el per\u00edodo de la guerra\u00bb.<\/p>\n<p>\u00abTambores, humo o lo que sea, pero debemos mantenernos comunicados\u00bb, brome\u00f3 el presidente del Parlamento, Jorge Rodr\u00edguez, presente en uno de los puntos para los ejercicios.<\/p>\n<p>Padrino L\u00f3pez le habl\u00f3 a trav\u00e9s de un radio transmisor a uno de los grupos apostados en una plaza de Caracas.<\/p>\n<p>\u00abEstas comunicaciones tienen que ser a trav\u00e9s de todos los medios disponibles, hasta llegar al mensajero, al estafeta\u00bb, instruy\u00f3.<\/p>\n<p>La televisi\u00f3n estatal mostr\u00f3 im\u00e1genes de equipos de radio y otros instrumentos de comunicaci\u00f3n.<\/p>\n<p>\u00abTenemos que convertirnos en una red popular, de radio bemba (boca a boca)\u00bb, afirm\u00f3 el ministro de Interior, Diosdado Cabello, desde la localidad costera de la Guaira, a 25 minutos por tierra de Caracas.<\/p>\n<p>jc (afp, El Universal, VTV)<\/p>\n","protected":false},"excerpt":{"rendered":"La Fuerza Armada de Venezuela se prepara frente a un posible estado de conmoci\u00f3n exterior si el pa\u00eds&hellip;\n","protected":false},"author":2,"featured_media":158493,"comment_status":"","ping_status":"","sticky":false,"template":"","format":"standard","meta":{"footnotes":""},"categories":[42],"tags":[17,18,13,14,11,61,62,63,64,19,20,9,10,15,16,12,21,22,65,66,67],"class_list":{"0":"post-158492","1":"post","2":"type-post","3":"status-publish","4":"format-standard","5":"has-post-thumbnail","7":"category-internacional","8":"tag-breaking-news","9":"tag-breakingnews","10":"tag-featured-news","11":"tag-featurednews","12":"tag-headlines","13":"tag-internacional","14":"tag-international","15":"tag-international-news","16":"tag-internationalnews","17":"tag-latest-news","18":"tag-latestnews","19":"tag-news","20":"tag-noticias","21":"tag-noticias-destacadas","22":"tag-noticiasdestacadas","23":"tag-titulares","24":"tag-ultimas-noticias","25":"tag-ultimasnoticias","26":"tag-world","27":"tag-world-news","28":"tag-worldnews"},"share_on_mastodon":{"url":"","error":""},"_links":{"self":[{"href":"https:\/\/www.europesays.com\/es\/wp-json\/wp\/v2\/posts\/158492","targetHints":{"allow":["GET"]}}],"collection":[{"href":"https:\/\/www.europesays.com\/es\/wp-json\/wp\/v2\/posts"}],"about":[{"href":"https:\/\/www.europesays.com\/es\/wp-json\/wp\/v2\/types\/post"}],"author":[{"embeddable":true,"href":"https:\/\/www.europesays.com\/es\/wp-json\/wp\/v2\/users\/2"}],"replies":[{"embeddable":true,"href":"https:\/\/www.europesays.com\/es\/wp-json\/wp\/v2\/comments?post=158492"}],"version-history":[{"count":0,"href":"https:\/\/www.europesays.com\/es\/wp-json\/wp\/v2\/posts\/158492\/revisions"}],"wp:featuredmedia":[{"embeddable":true,"href":"https:\/\/www.europesays.com\/es\/wp-json\/wp\/v2\/media\/158493"}],"wp:attachment":[{"href":"https:\/\/www.europesays.com\/es\/wp-json\/wp\/v2\/media?parent=158492"}],"wp:term":[{"taxonomy":"category","embeddable":true,"href":"https:\/\/www.europesays.com\/es\/wp-json\/wp\/v2\/categories?post=158492"},{"taxonomy":"post_tag","embeddable":true,"href":"https:\/\/www.europesays.com\/es\/wp-json\/wp\/v2\/tags?post=158492"}],"curies":[{"name":"wp","href":"https:\/\/api.w.org\/{rel}","templated":true}]}}