{"id":158506,"date":"2025-10-05T21:42:13","date_gmt":"2025-10-05T21:42:13","guid":{"rendered":"https:\/\/www.europesays.com\/es\/158506\/"},"modified":"2025-10-05T21:42:13","modified_gmt":"2025-10-05T21:42:13","slug":"amadem-alerta-sobre-la-vulnerabilidad-en-la-adolescencia-y-la-influencia-negativa-de-las-redes-sociales-noticias-de-xabia-javea","status":"publish","type":"post","link":"https:\/\/www.europesays.com\/es\/158506\/","title":{"rendered":"Amadem alerta sobre la vulnerabilidad en la adolescencia y la influencia negativa de las redes sociales | Noticias de X\u00e0bia \/ J\u00e1vea"},"content":{"rendered":"<p style=\"text-align:justify;\">La ONG para la Salud Mental de La Marina, Amadem, ha lanzado un mensaje de advertencia sobre la creciente vulnerabilidad de los adolescentes en el contexto actual. Seg\u00fan explica su psic\u00f3loga, Luisina Daives, esta etapa de crecimiento es especialmente sensible porque el cerebro y la personalidad a\u00fan se encuentran en pleno desarrollo, lo que hace que los j\u00f3venes sean m\u00e1s influenciables a est\u00edmulos externos como modas, modelos sociales e incluso los mensajes que circulan en redes sociales.<\/p>\n<p style=\"text-align:justify;\">\u00a0<\/p>\n<p style=\"text-align:justify;\">Daives se\u00f1ala que la baja tolerancia a la frustraci\u00f3n y la falta de maduraci\u00f3n de la funci\u00f3n ejecutiva (ubicada en el l\u00f3bulo prefrontal, encargada del control de impulsos, la resoluci\u00f3n de problemas y la planificaci\u00f3n) dificultan que los adolescentes gestionen adecuadamente situaciones de estr\u00e9s. \u201cEn estas edades no tienen ese freno y ese control emocional para poder canalizar situaciones de estr\u00e9s y buscar una soluci\u00f3n al problema\u201d, advierte.<\/p>\n<p style=\"text-align:justify;\">\u00a0<\/p>\n<p style=\"text-align:justify;\">La psic\u00f3loga alerta sobre el impacto del consumo desmedido de redes sociales, donde los j\u00f3venes se exponen a mensajes y modelos poco saludables. \u201cAcceden a informaci\u00f3n de personas muy j\u00f3venes tambi\u00e9n, que pueden estar mal emocionalmente y dar malas ideas. Modelos o influencers que determinan c\u00f3mo la persona adolescente tiene que vestir, ser, tener\u2026 puede llegar a ser letal si no existen herramientas internas de afrontamiento\u201d, explica.<\/p>\n<p style=\"text-align:justify;\">\u00a0<\/p>\n<p style=\"text-align:justify;\">Daives subraya que la combinaci\u00f3n de factores como la baja autoestima, la falta de l\u00edmites, los hogares conflictivos o los malos h\u00e1bitos puede \u201cminar progresivamente la salud mental\u201d de los adolescentes. Ante esta situaci\u00f3n, insiste en la importancia de la prevenci\u00f3n y de la implicaci\u00f3n de familias, profesionales y de la sociedad en su conjunto.<\/p>\n<p style=\"text-align:justify;\">\u00a0<\/p>\n<p style=\"text-align:justify;\">\u201cLo que est\u00e1 pasando es realmente alarmante, y se podr\u00eda prevenir much\u00edsimo si tom\u00e1ramos conciencia del perjuicio que les ocasionamos a las personas m\u00e1s j\u00f3venes cuando no ponemos l\u00edmites\u201d, concluye la psic\u00f3loga.<\/p>\n<p style=\"text-align:justify;\">\u00a0<\/p>\n","protected":false},"excerpt":{"rendered":"La ONG para la Salud Mental de La Marina, Amadem, ha lanzado un mensaje de advertencia sobre la&hellip;\n","protected":false},"author":2,"featured_media":158507,"comment_status":"","ping_status":"","sticky":false,"template":"","format":"standard","meta":{"footnotes":""},"categories":[92],"tags":[47206,47202,25,47207,24,165,47203,166,4474,47204,47205,23,47208],"class_list":{"0":"post-158506","1":"post","2":"type-post","3":"status-publish","4":"format-standard","5":"has-post-thumbnail","7":"category-salud","8":"tag-actividades-amadem","9":"tag-amadem","10":"tag-es","11":"tag-espacio-amadem","12":"tag-espana","13":"tag-health","14":"tag-ong-para-la-salud-mental-marina-alta","15":"tag-salud","16":"tag-salud-mental","17":"tag-salud-mental-amadem","18":"tag-salud-mental-marina-alta","19":"tag-spain","20":"tag-talleres-amadem"},"share_on_mastodon":{"url":"","error":""},"_links":{"self":[{"href":"https:\/\/www.europesays.com\/es\/wp-json\/wp\/v2\/posts\/158506","targetHints":{"allow":["GET"]}}],"collection":[{"href":"https:\/\/www.europesays.com\/es\/wp-json\/wp\/v2\/posts"}],"about":[{"href":"https:\/\/www.europesays.com\/es\/wp-json\/wp\/v2\/types\/post"}],"author":[{"embeddable":true,"href":"https:\/\/www.europesays.com\/es\/wp-json\/wp\/v2\/users\/2"}],"replies":[{"embeddable":true,"href":"https:\/\/www.europesays.com\/es\/wp-json\/wp\/v2\/comments?post=158506"}],"version-history":[{"count":0,"href":"https:\/\/www.europesays.com\/es\/wp-json\/wp\/v2\/posts\/158506\/revisions"}],"wp:featuredmedia":[{"embeddable":true,"href":"https:\/\/www.europesays.com\/es\/wp-json\/wp\/v2\/media\/158507"}],"wp:attachment":[{"href":"https:\/\/www.europesays.com\/es\/wp-json\/wp\/v2\/media?parent=158506"}],"wp:term":[{"taxonomy":"category","embeddable":true,"href":"https:\/\/www.europesays.com\/es\/wp-json\/wp\/v2\/categories?post=158506"},{"taxonomy":"post_tag","embeddable":true,"href":"https:\/\/www.europesays.com\/es\/wp-json\/wp\/v2\/tags?post=158506"}],"curies":[{"name":"wp","href":"https:\/\/api.w.org\/{rel}","templated":true}]}}