{"id":158513,"date":"2025-10-05T21:46:13","date_gmt":"2025-10-05T21:46:13","guid":{"rendered":"https:\/\/www.europesays.com\/es\/158513\/"},"modified":"2025-10-05T21:46:13","modified_gmt":"2025-10-05T21:46:13","slug":"fbi-desmantela-supuesto-plan-de-lavado-de-dinero-vinculado-a-los-hijos-de-maduro","status":"publish","type":"post","link":"https:\/\/www.europesays.com\/es\/158513\/","title":{"rendered":"FBI desmantela supuesto plan de lavado de dinero vinculado a los hijos de Maduro"},"content":{"rendered":"<p>Los \u00c1ngeles (EE.UU.) (EFE).- Dos hombres en Miami, Florida, han sido acusados en relaci\u00f3n con un supuesto plan de lavado de dinero vinculado a los hijos de Nicol\u00e1s Maduro, tras una investigaci\u00f3n del FBI, seg\u00fan inform\u00f3 este s\u00e1bado la cadena FOX.<\/p>\n<p>Arick Komarczyk y su socio Irazmar Carbajal habr\u00edan abierto cuentas bancarias en Estados Unidos para los hijos del gobernante venezolano y sus socios, tras recibir transferencias bancarias de particulares y empresas en Venezuela, de acuerdo a informaci\u00f3n del FBI citada por la televisora.<\/p>\n<p>Las autoridades federales pusieron en la mira a los acusados desde 2019. Tres a\u00f1os m\u00e1s tarde, una operaci\u00f3n encubierta revel\u00f3 que Komarczyk y Carbajal acordaron transferir 100.000 d\u00f3lares que se creen eran fondos sancionados pertenecientes a miembros del gobierno venezolano.<\/p>\n<p><img loading=\"lazy\" data-recalc-dims=\"1\" decoding=\"async\" width=\"900\" height=\"600\" src=\"https:\/\/www.europesays.com\/es\/wp-content\/uploads\/2025\/10\/FBI-hijos-Maduro-2.webp\" alt=\"FBI hijos Maduro\" class=\"wp-image-2196123\" style=\"width:980px;height:auto\"  \/>Fotograf\u00eda de archivo cedida por Prensa del Palacio de Miraflores del presidente de Venezuela, Nicol\u00e1s Maduro, y la primera dama, Cilia Flores. EFE\/ Prensa Del Palacio De Miraflores<\/p>\n<p>El FBI afirm\u00f3 que los hombres lograron ingresar cerca de 25.000 d\u00f3lares a Estados Unidos. Se cree que la operaci\u00f3n implic\u00f3 una red de blanqueo de dinero de varios pa\u00edses.<\/p>\n<p>El FBI se\u00f1ala los v\u00ednculos con Maduro<\/p>\n<p>A Kormarczyk se le acus\u00f3 el pasado 25 de septiembre en una corte de Miami (Florida) de lavado de dinero y conspiraci\u00f3n para realizar transferencias de dinero sin licencia, mientras que Carbajal enfrenta cargos de conspiraci\u00f3n para realizar transferencias de dinero sin licencia.<\/p>\n<p>A Carbajal, de nacionalidad uruguaya, se le detuvo cuando viajaba en un vuelo de deportaci\u00f3n de Rep\u00fablica Dominicana que hizo escala en Estados Unidos.<\/p>\n<p>Por su parte Kormarczyk permanece libre, las autoridades consideran que se encuentra en Venezuela.<\/p>\n<p><img data-recalc-dims=\"1\" loading=\"lazy\" decoding=\"async\" width=\"900\" height=\"630\" src=\"https:\/\/www.europesays.com\/es\/wp-content\/uploads\/2025\/10\/FBI-hijos-Maduro-3.webp\" alt=\"FBI hijos Maduro\" class=\"wp-image-2196132\" style=\"width:980px;height:auto\"  \/>El director del FBI, Kash Patel, en una fotograf\u00eda de archivo. EFE\/ Jim Lo Scalzo<\/p>\n<p>El director del FBI, Kash Patel, dijo a la televisora que las tramas de lavado de dinero vinculadas a Maduro <a href=\"https:\/\/efe.com\/espana\/2024-04-05\/registros-madrid-blanqueo-dinero-venezuela\/\" target=\"_blank\" rel=\"noreferrer noopener nofollow\">eran \u00absalvavidas criminales\u00bb para su r\u00e9gimen.<\/a><\/p>\n<p>Patel comparti\u00f3 este s\u00e1bado la exclusiva de FOX junto a un mensaje en el que aseguraba que Maduro es un \u201ccorrupto y un \u201cdictador narcoterrorista\u201d y que EE.UU. \u201cno ser\u00e1 un refugio seguro\u201d para su dinero.<\/p>\n<p>El jueves pasado los dos senadores por Florida, los republicanos Rick Scott y Ashley Moody, presentaron un proyecto de ley para duplicar a cien millones de d\u00f3lares la recompensa por la captura del mandatario de Venezuela, y otra medida que prohibir\u00eda negocios con empresas vinculadas a su gobierno.<\/p>\n","protected":false},"excerpt":{"rendered":"Los \u00c1ngeles (EE.UU.) (EFE).- Dos hombres en Miami, Florida, han sido acusados en relaci\u00f3n con un supuesto plan&hellip;\n","protected":false},"author":2,"featured_media":158514,"comment_status":"","ping_status":"","sticky":false,"template":"","format":"standard","meta":{"footnotes":""},"categories":[42],"tags":[17,18,115,13,14,582,11,61,62,63,64,19,20,9,10,15,16,952,12,21,22,1192,65,66,67],"class_list":{"0":"post-158513","1":"post","2":"type-post","3":"status-publish","4":"format-standard","5":"has-post-thumbnail","7":"category-internacional","8":"tag-breaking-news","9":"tag-breakingnews","10":"tag-eeuu","11":"tag-featured-news","12":"tag-featurednews","13":"tag-gobierno","14":"tag-headlines","15":"tag-internacional","16":"tag-international","17":"tag-international-news","18":"tag-internationalnews","19":"tag-latest-news","20":"tag-latestnews","21":"tag-news","22":"tag-noticias","23":"tag-noticias-destacadas","24":"tag-noticiasdestacadas","25":"tag-politica","26":"tag-titulares","27":"tag-ultimas-noticias","28":"tag-ultimasnoticias","29":"tag-venezuela","30":"tag-world","31":"tag-world-news","32":"tag-worldnews"},"share_on_mastodon":{"url":"","error":""},"_links":{"self":[{"href":"https:\/\/www.europesays.com\/es\/wp-json\/wp\/v2\/posts\/158513","targetHints":{"allow":["GET"]}}],"collection":[{"href":"https:\/\/www.europesays.com\/es\/wp-json\/wp\/v2\/posts"}],"about":[{"href":"https:\/\/www.europesays.com\/es\/wp-json\/wp\/v2\/types\/post"}],"author":[{"embeddable":true,"href":"https:\/\/www.europesays.com\/es\/wp-json\/wp\/v2\/users\/2"}],"replies":[{"embeddable":true,"href":"https:\/\/www.europesays.com\/es\/wp-json\/wp\/v2\/comments?post=158513"}],"version-history":[{"count":0,"href":"https:\/\/www.europesays.com\/es\/wp-json\/wp\/v2\/posts\/158513\/revisions"}],"wp:featuredmedia":[{"embeddable":true,"href":"https:\/\/www.europesays.com\/es\/wp-json\/wp\/v2\/media\/158514"}],"wp:attachment":[{"href":"https:\/\/www.europesays.com\/es\/wp-json\/wp\/v2\/media?parent=158513"}],"wp:term":[{"taxonomy":"category","embeddable":true,"href":"https:\/\/www.europesays.com\/es\/wp-json\/wp\/v2\/categories?post=158513"},{"taxonomy":"post_tag","embeddable":true,"href":"https:\/\/www.europesays.com\/es\/wp-json\/wp\/v2\/tags?post=158513"}],"curies":[{"name":"wp","href":"https:\/\/api.w.org\/{rel}","templated":true}]}}