{"id":158515,"date":"2025-10-05T21:47:08","date_gmt":"2025-10-05T21:47:08","guid":{"rendered":"https:\/\/www.europesays.com\/es\/158515\/"},"modified":"2025-10-05T21:47:08","modified_gmt":"2025-10-05T21:47:08","slug":"el-equipo-de-investigacion-de-la-mano-de-irulegi-completamente-sorprendidos-y-desconcertados","status":"publish","type":"post","link":"https:\/\/www.europesays.com\/es\/158515\/","title":{"rendered":"El equipo de investigaci\u00f3n de la mano de Irulegi: \u201cCompletamente sorprendidos y desconcertados\u201d"},"content":{"rendered":"<p>\n        El equipo de investigaci\u00f3n de la mano de Irulegi, de la Sociedad de Ciencias Aranzadi, ha expresado este domingo su sorpresa y desconcierto ante la <a href=\"https:\/\/www.noticiasdenavarra.com\/sociedad\/2025\/10\/05\/revista-historica-retira-ultimo-numero-10170904.html\" title=\"portada de la revista de Desperta Ferro en su \u00faltimo n\u00famero Vascones\" class=\"link copy\" rel=\"nofollow noopener\" target=\"_blank\">portada de la revista de Desperta Ferro en su \u00faltimo n\u00famero Vascones<\/a>, que ha sido retirada al incluirse la palabra Espa\u00f1a en un ornamento inspirado en la mano de Irulegi.\u00a0\n<\/p>\n<p class=\"article-body__text \">\n        \u201cLas personas que componemos el equipo de investigaci\u00f3n de Irulegi <strong>nos hemos sentido completamente sorprendidos y desconcertados<\/strong> por la portada de la revista\u201d, afirma el arque\u00f3logo Juantxo Agirre-Mauleon, en nombre del equipo de investigaci\u00f3n de la <a href=\"https:\/\/www.noticiasdenavarra.com\/sociedad\/2024\/02\/14\/navarra-declara-mano-irulegi-interes-7871752.html\" title=\"mano de Irulegi\" class=\"link copy\" rel=\"nofollow noopener\" target=\"_blank\">mano de Irulegi<\/a>, para a\u00f1adir que \u201cla imagen de <strong>la portada no se corresponde con la rigurosidad metodol\u00f3gica de los autores<\/strong> y esto no son formas, ni es adecuado para una revista de divulgaci\u00f3n cient\u00edfica como Desperta Ferro\u201d.\n<\/p>\n<p>  Contenidos en la revista<\/p>\n<p class=\"article-body__text \">\n        \u201cMiembros del equipo de investigaci\u00f3n de la mano de Irulegi tambi\u00e9n <strong>hemos participado con art\u00edculos cient\u00edficos en el interior<\/strong> de dicha revista. De hecho, son <strong>trabajos escritos con rigor por parte de gran parte de los investigadores<\/strong> que en la actualidad son referentes en la investigaci\u00f3n de esta materia\u201d, se\u00f1ala Agirre-Maule\u00f3n, que recuerda y destaca \u201cla rigurosidad con que se han investigado y divulgado los resultados sobre la mano de Irulegi por parte de la comunidad cient\u00edfica y su gesti\u00f3n por parte las instituciones p\u00fablicas\u201d.<\/p>\n","protected":false},"excerpt":{"rendered":"El equipo de investigaci\u00f3n de la mano de Irulegi, de la Sociedad de Ciencias Aranzadi, ha expresado este&hellip;\n","protected":false},"author":2,"featured_media":158516,"comment_status":"","ping_status":"","sticky":false,"template":"","format":"standard","meta":{"footnotes":""},"categories":[8],"tags":[17,18,12399,622,25,24,13,14,11,1294,47209,19,20,3238,9,10,15,16,23,12,21,22],"class_list":{"0":"post-158515","1":"post","2":"type-post","3":"status-publish","4":"format-standard","5":"has-post-thumbnail","7":"category-espana","8":"tag-breaking-news","9":"tag-breakingnews","10":"tag-completamente","11":"tag-equipo","12":"tag-es","13":"tag-espana","14":"tag-featured-news","15":"tag-featurednews","16":"tag-headlines","17":"tag-investigacion","18":"tag-irulegi","19":"tag-latest-news","20":"tag-latestnews","21":"tag-mano","22":"tag-news","23":"tag-noticias","24":"tag-noticias-destacadas","25":"tag-noticiasdestacadas","26":"tag-spain","27":"tag-titulares","28":"tag-ultimas-noticias","29":"tag-ultimasnoticias"},"share_on_mastodon":{"url":"","error":""},"_links":{"self":[{"href":"https:\/\/www.europesays.com\/es\/wp-json\/wp\/v2\/posts\/158515","targetHints":{"allow":["GET"]}}],"collection":[{"href":"https:\/\/www.europesays.com\/es\/wp-json\/wp\/v2\/posts"}],"about":[{"href":"https:\/\/www.europesays.com\/es\/wp-json\/wp\/v2\/types\/post"}],"author":[{"embeddable":true,"href":"https:\/\/www.europesays.com\/es\/wp-json\/wp\/v2\/users\/2"}],"replies":[{"embeddable":true,"href":"https:\/\/www.europesays.com\/es\/wp-json\/wp\/v2\/comments?post=158515"}],"version-history":[{"count":0,"href":"https:\/\/www.europesays.com\/es\/wp-json\/wp\/v2\/posts\/158515\/revisions"}],"wp:featuredmedia":[{"embeddable":true,"href":"https:\/\/www.europesays.com\/es\/wp-json\/wp\/v2\/media\/158516"}],"wp:attachment":[{"href":"https:\/\/www.europesays.com\/es\/wp-json\/wp\/v2\/media?parent=158515"}],"wp:term":[{"taxonomy":"category","embeddable":true,"href":"https:\/\/www.europesays.com\/es\/wp-json\/wp\/v2\/categories?post=158515"},{"taxonomy":"post_tag","embeddable":true,"href":"https:\/\/www.europesays.com\/es\/wp-json\/wp\/v2\/tags?post=158515"}],"curies":[{"name":"wp","href":"https:\/\/api.w.org\/{rel}","templated":true}]}}