{"id":158517,"date":"2025-10-05T21:48:22","date_gmt":"2025-10-05T21:48:22","guid":{"rendered":"https:\/\/www.europesays.com\/es\/158517\/"},"modified":"2025-10-05T21:48:22","modified_gmt":"2025-10-05T21:48:22","slug":"paco-morales-superbike-francisco-javier-ruiz-supersport-lucas-mohedano-ss300-y-fabio-merola-pre-moto3-ganadores-hoy-en-la-copa-de-espana-de-velocidad","status":"publish","type":"post","link":"https:\/\/www.europesays.com\/es\/158517\/","title":{"rendered":"Paco Morales (Superbike), Francisco Javier Ruiz (Supersport), Lucas Mohedano (SS300) y Fabio Merola (Pre moto3), ganadores hoy en la Copa de Espa\u00f1a de Velocidad"},"content":{"rendered":"<p><img loading=\"lazy\" decoding=\"async\" style=\"display:none;\" class=\"alignnone size-medium\" src=\"https:\/\/www.europesays.com\/es\/wp-content\/uploads\/2025\/10\/noticia_268.jpg\" width=\"600\" height=\"409\"\/>Miguel Angel Barrera por partida doble en Fuerza Libre e Ignacio Ruiz y Juan de Dios Donaire se alzan con el triunfo en las mangas del Crit\u00e9rium andaluz <\/p>\n<p><b>*En las copas amateurs de Easy Race era Abian Santana el vendedor, mientras Juan Antonio Alonso hac\u00eda lo propio en la BMW RR Iberia Cup. Mario Ruiz, se adjudicaba el triunfo en R4C Kawasaki. <\/b><\/p>\n<p><b>*Pr\u00f3xima prueba en el circuito, Campeonato del mundo Motul de Superbike, d\u00edas 17 al 19 de octubre<\/b><\/p>\n<p><b>5 de octubre de 2025.<\/b> La niebla se convert\u00eda en protagonista del inicio de la jornada dominical de la Copa de Espa\u00f1a de Velocidad, segunda prueba puntuable de la temporada que hoy llegaba a su fin en el Circuito de Jerez-\u00c1ngel Nieto tras la disputa de un total de 9 carreras. Y es que imped\u00eda comenzar en tiempo el programa horario que establec\u00eda entrenamientos cronometrados a partir de las nueve para las clases del Crit\u00e9rium-Fuerza Libre y BMW RR Iberia Cup que hoy entraban en escena.<\/p>\n<p>Pero este peque\u00f1o retraso no impidi\u00f3 disfrutar una vez la niebla disip\u00f3 de una excelente jornada de motociclismo con carreras algunas de ellas muy emocionantes. La primera de ellas, la clase de SS300 en la que se impon\u00eda finalmente Lucas Mohedano, seguido de Ruben Montero y Alejandro Barco, victoria que serv\u00edan en bandeja tanto Jos\u00e9 Manuel Osuna, piloto andaluz del mundial de Supersport 300, como Uriel Hidalgo, tambi\u00e9n involucrado en esta categor\u00eda mundialista, que tuvieron un mano a mano durante toda la carrera que les serv\u00eda como entrenamientos preparando la gran final del WorldSSP300 en este mismo escenario en dos semanas, retir\u00e1ndose ambos en la vuelta final para dejar a los protagonistas de esta Copa luchar por el triunfo que se adjudicaba Lucas Mohedano. Alberto Risue\u00f1o por su parte, consegu\u00eda la victoria para el certamen regional andaluz. Por su parte, en la clase de PreMoto3 era, al igual que ayer, Fabio Merola quien se adjudicaba el triunfo. <\/p>\n<p>Paco Morales y Daniel S\u00e1ez, los mismos protagonistas de ayer quienes volv\u00edan a disputar un mano a mano en la categor\u00eda de Superbike, una prueba que finalmente se decantaba a favor de Morales no sin antes batallar durante toda la carrera con S\u00e1ez con el que intercambi\u00f3 el liderato para finalmente conseguir la segunda plaza. Tercero en el podio jerezano era Samuel D\u00edaz, mientras Alberto Urkijo lograba la victoria en la clase Yamaha R1, siendo Daniel Torre\u00f1o el ganador de la categor\u00eda para el certamen andaluz. <\/p>\n<p>Francisco Javier Ruiz, volv\u00eda a dominar la categor\u00eda de Supersport en una prueba en la que tuvo la oposici\u00f3n durante todas las vueltas de Javier del Olmo, si bien, este entraba en boxes en la vuelta final dejando el camino expedito a Ruiz que lograba un nuevo triunfo tanto en la copa como para el certamen andaluz. Martin Jes\u00fas y Jordi Losada copaban las restantes plazas de p\u00f3dium, siendo este \u00faltimo tambi\u00e9n el vencedor de la Copa Yamaha R-6.<\/p>\n<p>Miguel Angel Barrera lograba el doblete en ambas mangas de la categor\u00eda del andaluz \u2018Fuerza Libre\u2019 acompa\u00f1\u00e1ndole en el p\u00f3dium Adrian Gonz\u00e1lez y Pablo Garcia en la primera manga y Francisco Sanz y Adri\u00e1n Gonz\u00e1lez en la segunda. Por su parte, en la clase Crit\u00e9rium se impon\u00eda Ignacio Ruiz con Juan de Dios Donaire, segundo, y Antonio Baca en tercer lugar, mientras el jerezano Donaire lograba imponerse en la segunda manga con Baca y Ruiz tras \u00e9l. <\/p>\n<p>En las copas amateurs Easy Race-Dunlop RR Cup, eran Abian Santana el vencedor en la general Scratch, seguido de Juan Antonio Ram\u00edrez y Diego Bellas, mientras en la BMW RR Iberia Cup, era Juan Antonio Alonso el vencedor de las dos mangas disputadas. En la categor\u00eda R4C Kawasaki venc\u00eda finalmente Mario Ruiz.<\/p>\n<p><b>Pr\u00f3xima cita, Campeonato del Mundo Motul de Superbike, d\u00edas 17 al 19 de octubre<\/b><\/p>\n<p>La prueba final de temporada del Campeonato del Mundo Motul de Superbike ser\u00e1 el pr\u00f3ximo evento en el circuito.<br \/>El mundial de Superbike, llegar\u00e1 a Jerez con todas las categor\u00edas en liza, es decir, Superbike, Supersport, Supersport300 y mundial femenino en una final en la que a buen seguro se decidir\u00e1n algunos t\u00edtulos y se coronar\u00e1n a los nuevos campeones. <br \/>Las entradas est\u00e1n a la venta en la web del circuito:  <a target=\"_blank\" rel=\"nofollow noopener\" href=\"http:\/\/www.circuitodejerez.com\">www.circuitodejerez.com<\/a><\/p>\n<p><img loading=\"lazy\" decoding=\"async\" style=\"width: 100%;\" class=\"alignnone size-medium\" src=\"https:\/\/www.europesays.com\/es\/wp-content\/uploads\/2025\/10\/noticia_destacada_268.jpg\" width=\"600\" height=\"409\"\/><\/p>\n","protected":false},"excerpt":{"rendered":"Miguel Angel Barrera por partida doble en Fuerza Libre e Ignacio Ruiz y Juan de Dios Donaire se&hellip;\n","protected":false},"author":2,"featured_media":158518,"comment_status":"","ping_status":"","sticky":false,"template":"","format":"standard","meta":{"footnotes":""},"categories":[5],"tags":[17,18,25,24,13,14,11,19,20,9,10,15,16,23,12,21,22],"class_list":{"0":"post-158517","1":"post","2":"type-post","3":"status-publish","4":"format-standard","5":"has-post-thumbnail","7":"category-titulares","8":"tag-breaking-news","9":"tag-breakingnews","10":"tag-es","11":"tag-espana","12":"tag-featured-news","13":"tag-featurednews","14":"tag-headlines","15":"tag-latest-news","16":"tag-latestnews","17":"tag-news","18":"tag-noticias","19":"tag-noticias-destacadas","20":"tag-noticiasdestacadas","21":"tag-spain","22":"tag-titulares","23":"tag-ultimas-noticias","24":"tag-ultimasnoticias"},"share_on_mastodon":{"url":"","error":""},"_links":{"self":[{"href":"https:\/\/www.europesays.com\/es\/wp-json\/wp\/v2\/posts\/158517","targetHints":{"allow":["GET"]}}],"collection":[{"href":"https:\/\/www.europesays.com\/es\/wp-json\/wp\/v2\/posts"}],"about":[{"href":"https:\/\/www.europesays.com\/es\/wp-json\/wp\/v2\/types\/post"}],"author":[{"embeddable":true,"href":"https:\/\/www.europesays.com\/es\/wp-json\/wp\/v2\/users\/2"}],"replies":[{"embeddable":true,"href":"https:\/\/www.europesays.com\/es\/wp-json\/wp\/v2\/comments?post=158517"}],"version-history":[{"count":0,"href":"https:\/\/www.europesays.com\/es\/wp-json\/wp\/v2\/posts\/158517\/revisions"}],"wp:featuredmedia":[{"embeddable":true,"href":"https:\/\/www.europesays.com\/es\/wp-json\/wp\/v2\/media\/158518"}],"wp:attachment":[{"href":"https:\/\/www.europesays.com\/es\/wp-json\/wp\/v2\/media?parent=158517"}],"wp:term":[{"taxonomy":"category","embeddable":true,"href":"https:\/\/www.europesays.com\/es\/wp-json\/wp\/v2\/categories?post=158517"},{"taxonomy":"post_tag","embeddable":true,"href":"https:\/\/www.europesays.com\/es\/wp-json\/wp\/v2\/tags?post=158517"}],"curies":[{"name":"wp","href":"https:\/\/api.w.org\/{rel}","templated":true}]}}