{"id":158523,"date":"2025-10-05T21:55:07","date_gmt":"2025-10-05T21:55:07","guid":{"rendered":"https:\/\/www.europesays.com\/es\/158523\/"},"modified":"2025-10-05T21:55:07","modified_gmt":"2025-10-05T21:55:07","slug":"la-reflexion-de-sainz-tras-una-de-sus-mejores-carreras-de-la-temporada-hemos-sido-los-unicos","status":"publish","type":"post","link":"https:\/\/www.europesays.com\/es\/158523\/","title":{"rendered":"La reflexi\u00f3n de Sainz tras una de sus mejores carreras de la temporada: \u00abHemos sido los \u00fanicos&#8230;\u00bb"},"content":{"rendered":"<p class=\"L6-news-detail__text\"><b><a title=\"Carlos Sainz\" href=\"https:\/\/www.lasexta.com\/noticias\/deportes\/motor\/formula1\/carlos-sainz-confia-remontada-singapur-duro-golpe-pero_2025100568e248ff6c793a7e698f3f6a.html\" target=\"_blank\" rel=\"nofollow noopener\">Carlos Sainz<\/a><\/b> se ha ido del circuito de Marina Bay con una recompensa completamente inesperada. El piloto de <b><a title=\"Williams\" href=\"https:\/\/www.lasexta.com\/noticias\/deportes\/motor\/formula1\/sainz-lanza-seria-peticion-williams-gusto-rumbo-que-seguimos-segunda-sesion_2025100368e01058771e4a2d532d3ce2.html\" target=\"_blank\" rel=\"nofollow noopener\">Williams<\/a><\/b> recib\u00eda durante la jornada del s\u00e1bado la mala noticia de que iba a tener que salir desde el &#8216;pitlane&#8217;. En un trazado como el de <b>Singapur<\/b>, salir tan atr\u00e1s puede ser casi definitivo.<\/p>\n<p class=\"L6-news-detail__text\">Sin embargo, Carlos no atendi\u00f3 a las predicciones que apuntaban lo complicado que era adelantar, confi\u00f3 en la remontada, y tras una carrera perfecta, se termin\u00f3 metiendo en la <b>zona de puntos<\/b>. Tras la euforia del podio conseguido en Azerbaiy\u00e1n, <b>Sainz<\/b> prolong\u00f3 la buena din\u00e1mica con una actuaci\u00f3n magn\u00edfica en Singapur.<\/p>\n<p class=\"L6-news-detail__text\">Tras la carrera, Carlos reconoci\u00f3 el buen funcionamiento del <b>Williams<\/b>: \u00abCon las malas noticias tras la clasificaci\u00f3n, si desde el 13\u00ba pod\u00eda a\u00fan pensar en los puntos, saliendo 18\u00ba ten\u00eda todav\u00eda menos esperanzas. Conseguimos sumar uno en un Singapur dif\u00edcil, aburrido, en el que no pas\u00f3 nada, pero ten\u00edamos <b>tanto ritmo que pudimos remontar<\/b> en la zona media, fuimos <b>los \u00fanicos<\/b> que lo conseguimos\u00bb.<\/p>\n<p class=\"L6-news-detail__text\">Sainz se\u00f1al\u00f3 la clave decisi\u00f3n que tom\u00f3 con la escuder\u00eda antes de la carrera y que termin\u00f3 siendo decisiva: \u00abPuse el blando al final y estaba volando con la evoluci\u00f3n de la pista. La <b>clave de mi carrera fue extender el medio<\/b> y hacer que pareciera un duro\u00bb.<\/p>\n<p class=\"L6-news-detail__text\">\u00abTen\u00eda muy buen ritmo al final de ese \u2018stint\u2019 y luego <b>encontramos un par de segundos m\u00e1s<\/b> por vuelta con el blando\u00bb, reconoci\u00f3 Carlos en unas declaraciones para los medios presente en Marina Bay.<\/p>\n<p class=\"L6-support-news-video__title\">Entrevista &#8216;Jugones&#8217;<\/p>\n<p>            <a href=\"https:\/\/www.lasexta.com\/noticias\/deportes\/motor\/lamento-marc-marquez-peor-momento-tome-decision-volver-precipitadamente_2025093068dbdfa0f10d3f067829a331.html\" class=\"L6-news__link\" rel=\"nofollow noopener\" target=\"_blank\"><br \/>\n                El lamento de Marc M\u00e1rquez en su peor momento: \u00abTom\u00e9 la decisi\u00f3n de volver precipitadamente&#8230;\u00bb<\/p>\n<p class=\"recirculation-video-desc\">El campe\u00f3n de MotoGP recuerda en &#8216;Jugones&#8217; el calvario de lesiones que vivi\u00f3 durante su etapa con Honda: \u00abTom\u00e9 la decisi\u00f3n de volver precipitadamente&#8230;\u00bb.<\/p>\n<p>            <\/a><\/p>\n","protected":false},"excerpt":{"rendered":"Carlos Sainz se ha ido del circuito de Marina Bay con una recompensa completamente inesperada. El piloto de&hellip;\n","protected":false},"author":2,"featured_media":122894,"comment_status":"","ping_status":"","sticky":false,"template":"","format":"standard","meta":{"footnotes":""},"categories":[270],"tags":[168,25,24,306,271,272,23,167],"class_list":{"0":"post-158523","1":"post","2":"type-post","3":"status-publish","4":"format-standard","5":"has-post-thumbnail","7":"category-formula-1","8":"tag-deportes","9":"tag-es","10":"tag-espana","11":"tag-f1","12":"tag-formula-1","13":"tag-formula1","14":"tag-spain","15":"tag-sports"},"share_on_mastodon":{"url":"","error":""},"_links":{"self":[{"href":"https:\/\/www.europesays.com\/es\/wp-json\/wp\/v2\/posts\/158523","targetHints":{"allow":["GET"]}}],"collection":[{"href":"https:\/\/www.europesays.com\/es\/wp-json\/wp\/v2\/posts"}],"about":[{"href":"https:\/\/www.europesays.com\/es\/wp-json\/wp\/v2\/types\/post"}],"author":[{"embeddable":true,"href":"https:\/\/www.europesays.com\/es\/wp-json\/wp\/v2\/users\/2"}],"replies":[{"embeddable":true,"href":"https:\/\/www.europesays.com\/es\/wp-json\/wp\/v2\/comments?post=158523"}],"version-history":[{"count":0,"href":"https:\/\/www.europesays.com\/es\/wp-json\/wp\/v2\/posts\/158523\/revisions"}],"wp:featuredmedia":[{"embeddable":true,"href":"https:\/\/www.europesays.com\/es\/wp-json\/wp\/v2\/media\/122894"}],"wp:attachment":[{"href":"https:\/\/www.europesays.com\/es\/wp-json\/wp\/v2\/media?parent=158523"}],"wp:term":[{"taxonomy":"category","embeddable":true,"href":"https:\/\/www.europesays.com\/es\/wp-json\/wp\/v2\/categories?post=158523"},{"taxonomy":"post_tag","embeddable":true,"href":"https:\/\/www.europesays.com\/es\/wp-json\/wp\/v2\/tags?post=158523"}],"curies":[{"name":"wp","href":"https:\/\/api.w.org\/{rel}","templated":true}]}}