{"id":158530,"date":"2025-10-05T22:06:10","date_gmt":"2025-10-05T22:06:10","guid":{"rendered":"https:\/\/www.europesays.com\/es\/158530\/"},"modified":"2025-10-05T22:06:10","modified_gmt":"2025-10-05T22:06:10","slug":"el-desgarrador-mensaje-de-gema-aldon-sobre-su-maternidad-prometo-que-esto-acabara","status":"publish","type":"post","link":"https:\/\/www.europesays.com\/es\/158530\/","title":{"rendered":"El desgarrador mensaje de Gema Ald\u00f3n sobre su maternidad: \u00abPrometo que esto acabar\u00e1\u00bb"},"content":{"rendered":"<p data-journey-content=\"true\" data-node-id=\"3\" class=\"css-6wxqfj emevuu60\">Gema Ald\u00f3n, hija de <a href=\"https:\/\/diezminutos.es\/ana-maria-aldon\" target=\"_blank\" data-node-id=\"3.1\" class=\"css-177bzfx emevuu60\" rel=\"nofollow noopener\">Ana Mar\u00eda Ald\u00f3n<\/a> ha compartido un desgarrador v\u00eddeo en redes donde expresa su sufrimiento por la situaci\u00f3n que vive con el padre de su hija, Nicole, de seis a\u00f1os. <strong data-node-id=\"3.3\">\u201cTe amo con el alma, te prometo que esto acabar\u00e1 pronto\u201d,<\/strong> escribe junto a las im\u00e1genes. <\/p>\n<p data-journey-content=\"true\" data-node-id=\"6\" class=\"css-6wxqfj emevuu60\">La que fuera concursante de <a href=\"https:\/\/diezminutos.es\/supervivientes-television\" target=\"_blank\" data-node-id=\"6.1\" class=\"css-177bzfx emevuu60\" rel=\"nofollow noopener\">Supervivientes<\/a> ha recurrido a sus redes sociales para desahogarse en uno de los momentos m\u00e1s dif\u00edciles de su maternidad. La hija de Ana Mar\u00eda ha publicado <strong data-node-id=\"6.3\">un v\u00eddeo en el que muestra su tristeza y frustraci\u00f3n<\/strong> por la situaci\u00f3n que atraviesa con <a href=\"https:\/\/www.diezminutos.es\/famosos-corazon\/famosos-espanoles\/a46394760\/gema-aldon-reaccion-llorar-ana-maria-aldon-gh-duo\/\" target=\"_blank\" data-vars-ga-outbound-link=\"https:\/\/www.diezminutos.es\/famosos-corazon\/famosos-espanoles\/a46394760\/gema-aldon-reaccion-llorar-ana-maria-aldon-gh-duo\/\" data-vars-ga-ux-element=\"Hyperlink\" data-vars-ga-call-to-action=\"el padre de su hija, Nicole, de tan solo seis a\u00f1os\" data-node-id=\"6.5\" class=\"body-link css-177bzfx emevuu60\" rel=\"nofollow noopener\">el padre de su hija, Nicole, de tan solo seis a\u00f1os<\/a>.<\/p>\n<p><img draggable=\"true\" alt=\"gema aldon hija nicole\" title=\"gema aldon hija nicole\" loading=\"lazy\" width=\"1422\" height=\"2526\" decoding=\"async\" data-nimg=\"1\" style=\"color:transparent;width:100%;height:auto;\"   src=\"https:\/\/www.europesays.com\/es\/wp-content\/uploads\/2025\/10\/gemaaldon-hija-nicole-68e2abb18d0fe.jpg\" class=\"css-0 e1g79fud0\"\/><\/p>\n<p>Instagram<\/p>\n<p data-journey-content=\"true\" data-node-id=\"9\" class=\"css-6wxqfj emevuu60\">En el v\u00eddeo, Gema acompa\u00f1a una serie de im\u00e1genes con una frase que refleja su estado emocional: \u201c<strong data-node-id=\"9.1\">Elijan muy bien con qui\u00e9n tener hijos, <\/strong>para no tener que verlos llorar por una maldita custodia compartida. Te amo con el alma, te prometo que esto acabar\u00e1 pronto.\u201d<\/p>\n<p>Una relaci\u00f3n marcada por el conflicto<\/p>\n<p data-journey-content=\"true\" data-node-id=\"14\" class=\"css-6wxqfj emevuu60\">Seg\u00fan ha contado en distintas ocasiones, la relaci\u00f3n entre Gema Ald\u00f3n y el padre de su hija fue \u201ct\u00f3xica\u201d y termin\u00f3 hace a\u00f1os. Desde entonces, apenas mantienen contacto y la comunicaci\u00f3n, cuando la hay, suele ser tensa. <strong data-node-id=\"14.1\">\u201cHablar con \u00e9l sin discutir es tarea imposible\u201d,<\/strong> reconoc\u00eda en una entrevista anterior.<\/p>\n<p data-journey-content=\"true\" data-node-id=\"16\" class=\"css-6wxqfj emevuu60\">Este nuevo mensaje p\u00fablico vuelve a poner de manifiesto la<strong data-node-id=\"16.1\"> <a href=\"https:\/\/www.diezminutos.es\/teleprograma\/programas-tv\/a43204004\/gema-aldon-llora-hija-supervivientes\/\" target=\"_blank\" data-vars-ga-outbound-link=\"https:\/\/www.diezminutos.es\/teleprograma\/programas-tv\/a43204004\/gema-aldon-llora-hija-supervivientes\/\" data-vars-ga-ux-element=\"Hyperlink\" data-vars-ga-call-to-action=\"preocupaci\u00f3n de Gema por el bienestar de la peque\u00f1a Nicole,\" data-node-id=\"16.1.1\" class=\"body-link css-177bzfx emevuu60\" rel=\"nofollow noopener\">preocupaci\u00f3n de Gema por el bienestar de la peque\u00f1a Nicole,<\/a><\/strong> a la que cr\u00eda pr\u00e1cticamente sola, con el apoyo de su madre, y con la que mantiene un v\u00ednculo muy estrecho. <\/p>\n<p>Un coraz\u00f3n que no encuentra calma<\/p>\n<p data-journey-content=\"true\" data-node-id=\"19\" class=\"css-6wxqfj emevuu60\">En el plano sentimental, Gema tampoco atraviesa su mejor momento. Hace un a\u00f1o rompi\u00f3 con su \u00faltima pareja conocida, <strong data-node-id=\"19.1\">una relaci\u00f3n que <a href=\"https:\/\/www.diezminutos.es\/teleprograma\/programas-tv\/a43285663\/gema-aldon-jhohan-andres-flechazo-supervivientes\/\" target=\"_blank\" data-vars-ga-outbound-link=\"https:\/\/www.diezminutos.es\/teleprograma\/programas-tv\/a43285663\/gema-aldon-jhohan-andres-flechazo-supervivientes\/\" data-vars-ga-ux-element=\"Hyperlink\" data-vars-ga-call-to-action=\"no ten\u00eda nada que ver con el padre de su hija.\" data-node-id=\"19.1.1\" class=\"body-link css-177bzfx emevuu60\" rel=\"nofollow noopener\">no ten\u00eda nada que ver con el padre de su hija.<\/a> <\/strong>Desde entonces, no ha vuelto a confirmar ninguna nueva ilusi\u00f3n amorosa y se ha centrado en su papel como madre y en su trabajo. <\/p>\n<p data-journey-content=\"true\" data-node-id=\"21\" class=\"css-6wxqfj emevuu60\">Con este gesto, <strong data-node-id=\"21.1\">la hija de Ana Mar\u00eda Ald\u00f3n vuelve a mostrar su lado m\u00e1s humano y vulnerable<\/strong>, recordando que detr\u00e1s de la exposici\u00f3n p\u00fablica hay una madre joven que lucha cada d\u00eda por el bienestar de su hija.<\/p>\n<p><img src=\"https:\/\/www.europesays.com\/es\/wp-content\/uploads\/2025\/10\/1759701970_448_323095e3-d675-4360-ad79-c3a735f161a1_1681830139.file\" alt=\"Headshot of Aroa D\u00edaz\" title=\"Headshot of Aroa D\u00edaz\" width=\"100%\" height=\"100%\" decoding=\"async\" loading=\"lazy\" class=\"css-o0wq4v ev8dhu53\"\/><\/p>\n<p>Aroa D\u00edaz es experta en realities, televisi\u00f3n y actualidad en general. No hay momento del d\u00eda en el que no tenga encendida la televisi\u00f3n conociendo los \u00faltimos desvelos de los famosos, disfrutando de los realities como Supervivientes o de los concursos m\u00e1s rocambolescos. Las \u00faltimas novedades de los famosos del coraz\u00f3n son su perdici\u00f3n y la actualidad de las Casas Reales, su gran pasi\u00f3n. \u00a0\u00a0<\/p>\n<p>En sus ratos libres disfruta de las pel\u00edculas y series de moda, y bucea por los cat\u00e1logos de las plataformas de podcast buscando nuevas entrevistas y charlas de famosos.<\/p>\n<p>Adem\u00e1s, no ha parado de formarse en todos los aspectos convirti\u00e9ndose en una periodista 360: locuci\u00f3n, doblaje, grabaci\u00f3n de v\u00eddeo, periodismo m\u00f3vil, producci\u00f3n de podcast y SEO. Actualmente est\u00e1 form\u00e1ndose en el M\u00e1ster universitario de Periodismo y Comunicaci\u00f3n Digital: Datos y Nuevas Narrativas de la UOC.<\/p>\n<p>Graduada en periodismo por la Universidad Rey Juan Carlos, no ha parado de trabajar desde que obtuvo su t\u00edtulo all\u00e1 por el 2013. Despu\u00e9s de un breve impass en Palma de Mallorca, volvi\u00f3 a Legan\u00e9s donde arranc\u00f3 su experiencia con Legan\u00e9s Activo. En este tiempo he pasado por las redacciones de varios medios recayendo finalmente en Hearst Espa\u00f1a (Telenovela, Qu\u00e9 me dices y Diez Minutos). Tambi\u00e9n tiene experiencia en diferentes radios. \u00a0<\/p>\n","protected":false},"excerpt":{"rendered":"Gema Ald\u00f3n, hija de Ana Mar\u00eda Ald\u00f3n ha compartido un desgarrador v\u00eddeo en redes donde expresa su sufrimiento&hellip;\n","protected":false},"author":2,"featured_media":158531,"comment_status":"","ping_status":"","sticky":false,"template":"","format":"standard","meta":{"footnotes":""},"categories":[91],"tags":[253,146,147,25,24,23],"class_list":{"0":"post-158530","1":"post","2":"type-post","3":"status-publish","4":"format-standard","5":"has-post-thumbnail","7":"category-entretenimiento","8":"tag-discover","9":"tag-entertainment","10":"tag-entretenimiento","11":"tag-es","12":"tag-espana","13":"tag-spain"},"share_on_mastodon":{"url":"","error":""},"_links":{"self":[{"href":"https:\/\/www.europesays.com\/es\/wp-json\/wp\/v2\/posts\/158530","targetHints":{"allow":["GET"]}}],"collection":[{"href":"https:\/\/www.europesays.com\/es\/wp-json\/wp\/v2\/posts"}],"about":[{"href":"https:\/\/www.europesays.com\/es\/wp-json\/wp\/v2\/types\/post"}],"author":[{"embeddable":true,"href":"https:\/\/www.europesays.com\/es\/wp-json\/wp\/v2\/users\/2"}],"replies":[{"embeddable":true,"href":"https:\/\/www.europesays.com\/es\/wp-json\/wp\/v2\/comments?post=158530"}],"version-history":[{"count":0,"href":"https:\/\/www.europesays.com\/es\/wp-json\/wp\/v2\/posts\/158530\/revisions"}],"wp:featuredmedia":[{"embeddable":true,"href":"https:\/\/www.europesays.com\/es\/wp-json\/wp\/v2\/media\/158531"}],"wp:attachment":[{"href":"https:\/\/www.europesays.com\/es\/wp-json\/wp\/v2\/media?parent=158530"}],"wp:term":[{"taxonomy":"category","embeddable":true,"href":"https:\/\/www.europesays.com\/es\/wp-json\/wp\/v2\/categories?post=158530"},{"taxonomy":"post_tag","embeddable":true,"href":"https:\/\/www.europesays.com\/es\/wp-json\/wp\/v2\/tags?post=158530"}],"curies":[{"name":"wp","href":"https:\/\/api.w.org\/{rel}","templated":true}]}}