{"id":158532,"date":"2025-10-05T22:07:08","date_gmt":"2025-10-05T22:07:08","guid":{"rendered":"https:\/\/www.europesays.com\/es\/158532\/"},"modified":"2025-10-05T22:07:08","modified_gmt":"2025-10-05T22:07:08","slug":"final-fantasy-vii-square-enix-explica-por-que-el-remake-viene-en-forma-de-trilogia","status":"publish","type":"post","link":"https:\/\/www.europesays.com\/es\/158532\/","title":{"rendered":"Final\u00a0Fantasy VII: Square Enix explica por qu\u00e9 el remake viene en forma de trilog\u00eda"},"content":{"rendered":"<p>\u00a1Traemos interesantes declaraciones de cara al estreno de <strong>Final<\/strong>\u00a0<strong>Fantasy VII Remake Intergrade, que llega el 22 de enero de 2026 a Nintendo Switch 2<\/strong>! Vuelve a llegarnos informaci\u00f3n tras el\u00a0<a href=\"https:\/\/www.nintenderos.com\/2024\/06\/rumor-filtrados-nuevos-detalles-de-final-fantasy-ix-remake\/\" rel=\"nofollow noopener\" target=\"_blank\">\u00faltimo set de detalles del remake de la novena entrega<\/a>, y esta vez traemos m\u00e1s novedades que interesar\u00e1n a los fans de\u00a0<strong>Final Fantasy<\/strong>. Nos llegan tras las \u00faltimas entregas de\u00a0<a href=\"https:\/\/www.nintenderos.com\/2024\/10\/el-creador-de-final-fantasy-siente-que-engano-a-nintendo-con-playstation-y-final-fantasy-vii\/\" rel=\"nofollow noopener\" target=\"_blank\">Final Fantasy VII<\/a>.<\/p>\n<p>En este caso, tras el\u00a0<a href=\"https:\/\/www.nintenderos.com\/nintendo-switch-2\/final-fantasy-vii-remake-intergrade-se-luce-en-este-gameplay-del-modo-portatil-de-nintendo-switch-2\/\" rel=\"nofollow noopener\" target=\"_blank\">gameplay en Switch 2<\/a>, as\u00ed como\u00a0<a href=\"https:\/\/www.nintenderos.com\/nintendo-switch-2\/square-enix-confirma-los-fps-oficiales-de-final-fantasy-vii-remake-intergrade-en-nintendo-switch-2\/\" rel=\"nofollow noopener\" target=\"_blank\">los FPS en esta consola<\/a>, parece que tenemos\u00a0<strong>m\u00e1s detalles del futuro de estre proyecto de Square Enix<\/strong>. Square Enix ha confirmado que la trilog\u00eda completa de Final Fantasy VII Remake\u00a0<a href=\"https:\/\/www.nintenderos.com\/nintendo-switch-2\/final-fantasy-vii-remake-intergrade-confirma-la-trilogia-completa-en-nintendo-switch-2-game-key-card-y-precio\/\" rel=\"nofollow noopener\" target=\"_blank\">llegar\u00e1<\/a>\u00a0a\u00a0<strong>Nintendo Switch 2<\/strong>. Tambi\u00e9n\u00a0<a href=\"https:\/\/www.nintenderos.com\/nintendo-switch-2\/final-fantasy-vii-remake-intergrade-confirma-la-trilogia-completa-en-nintendo-switch-2-game-key-card-y-precio\/\" rel=\"nofollow noopener\" target=\"_blank\">ofreci\u00f3<\/a>\u00a0el precio del primer remake junto a la confirmaci\u00f3n de que es game key card y ahora tenemos m\u00e1s detalles.<\/p>\n<p>Nos llegan justo despu\u00e9s de\u00a0<a href=\"https:\/\/www.nintenderos.com\/nintendo-switch-2\/final-fantasy-vii-remake-intergrade-confirma-su-enorme-tamano-de-descarga-regalo-por-compra-temprana-y-mas-detalles-en-nintendo-switch-2\/\" rel=\"nofollow noopener\" target=\"_blank\">conocer<\/a>\u00a0regalo por compra anticipada y su enorme\u00a0<a href=\"https:\/\/www.nintenderos.com\/nintendo-switch-2\/final-fantasy-vii-remake-intergrade-confirma-su-enorme-tamano-de-descarga-regalo-por-compra-temprana-y-mas-detalles-en-nintendo-switch-2\" rel=\"nofollow noopener\" target=\"_blank\">tama\u00f1o de descarga<\/a>\u00a0y\u00a0<a href=\"https:\/\/www.nintenderos.com\/nintendo-switch-2\/final-fantasy-vii-remake-intergrade-confirma-estas-nuevas-funciones-en-nintendo-switch-2\/\" rel=\"nofollow noopener\" target=\"_blank\">funciones en Switch 2<\/a>. Tambi\u00e9n tenemos\u00a0<a href=\"https:\/\/www.nintenderos.com\/nintendo-switch-2\/final-fantasy-vii-remake-intergrade-confirma-demo-para-nintendo-switch-2\/\" rel=\"nofollow noopener\" target=\"_blank\">demo confirmada<\/a> y ahora hemos conocido que Square Enix decidi\u00f3 dividir la historia original en tres juegos <strong>para hacer justicia a la magnitud del t\u00edtulo cl\u00e1sico de PlayStation<\/strong>, aprovechando la tecnolog\u00eda moderna para profundizar en los personajes, sus relaciones y la evoluci\u00f3n del viaje de Cloud y sus aliados.<\/p>\n<p>Otros contenidos en esta categor\u00eda:<\/p>\n<p>En una entrevista interna <a href=\"https:\/\/www.square-enix-games.com\/en_GB\/news\/final-fantasy-vii-remake-intergrade-interview\" class=\"external\" rel=\"nofollow noopener\" target=\"_blank\">con el director Naoki Hamaguchi<\/a> hemos conocido estas palabras:\u00a0<\/p>\n<blockquote>\n<p>El Final Fantasy VII original era incre\u00edblemente ambicioso en cuanto a su escala, desde su argumento hasta la forma en que se presentaban sus personajes y su extenso mundo. Al rehacerlo con tecnolog\u00eda y gr\u00e1ficos modernos, consideramos que, para hacerle justicia a un juego tan masivo, deb\u00edamos dividir la historia en tres segmentos tem\u00e1ticos que se alinearan con la narrativa.<\/p>\n<p>La estructura de la trilog\u00eda fue perfecta porque nos permiti\u00f3 representar adecuadamente el crecimiento de Cloud y sus aliados, las relaciones que se desarrollan entre ellos y el drama que enfrentan.<\/p>\n<p>Esta primera entrega de la trilog\u00eda, Final Fantasy VII Remake, se ambienta en el entorno cerrado de Midgar. Presenta al personaje principal, Cloud, y a sus aliados, y el inicio de su viaje.<\/p>\n<p>El segundo juego, Final Fantasy VII Rebirth, expande enormemente el mundo y se centra en las relaciones entre Cloud y los dem\u00e1s personajes. Estos v\u00ednculos se profundizan a medida que sus sentimientos chocan y se entrelazan.<\/p>\n<p>Para la tercera y \u00faltima parte, que actualmente est\u00e1 en desarrollo, estamos trabajando para reunir todas las historias contadas hasta ahora para una culminaci\u00f3n \u00e9pica que dejar\u00e1 una impresi\u00f3n duradera en los jugadores.<\/p>\n<\/blockquote>\n<p>\u00bfQu\u00e9 pens\u00e1is vosotros de estas novedades confirmadas? No dud\u00e9is en dejarlo en los comentarios. Para terminar, tambi\u00e9n pod\u00e9is encontrar\u00a0<a href=\"https:\/\/www.nintenderos.com\/?s=Final+Fantasy\" rel=\"nofollow noopener\" target=\"_blank\">nuestra cobertura completa sobre Final Fantasy aqu\u00ed<\/a>.<\/p>\n<p><a class=\"external\" href=\"https:\/\/gonintendo.com\/contents\/53409-square-enix-explains-why-final-fantasy-vii-is-being-remade-as-a-trilogy\" rel=\"nofollow noopener\" target=\"_blank\">V\u00eda<\/a>.<\/p>\n","protected":false},"excerpt":{"rendered":"\u00a1Traemos interesantes declaraciones de cara al estreno de Final\u00a0Fantasy VII Remake Intergrade, que llega el 22 de enero&hellip;\n","protected":false},"author":2,"featured_media":158533,"comment_status":"","ping_status":"","sticky":false,"template":"","format":"standard","meta":{"footnotes":""},"categories":[81],"tags":[119,123,124,25,24,35216,47210,7226,117,121,122,23,18190,118,120],"class_list":{"0":"post-158532","1":"post","2":"type-post","3":"status-publish","4":"format-standard","5":"has-post-thumbnail","7":"category-ciencia-y-tecnologia","8":"tag-ciencia","9":"tag-ciencia-y-tecnologia","10":"tag-cienciaytecnologia","11":"tag-es","12":"tag-espana","13":"tag-final-fantasy","14":"tag-final-fantasy-vii","15":"tag-remake","16":"tag-science","17":"tag-science-and-technology","18":"tag-scienceandtechnology","19":"tag-spain","20":"tag-square-enix","21":"tag-technology","22":"tag-tecnologia"},"share_on_mastodon":{"url":"","error":""},"_links":{"self":[{"href":"https:\/\/www.europesays.com\/es\/wp-json\/wp\/v2\/posts\/158532","targetHints":{"allow":["GET"]}}],"collection":[{"href":"https:\/\/www.europesays.com\/es\/wp-json\/wp\/v2\/posts"}],"about":[{"href":"https:\/\/www.europesays.com\/es\/wp-json\/wp\/v2\/types\/post"}],"author":[{"embeddable":true,"href":"https:\/\/www.europesays.com\/es\/wp-json\/wp\/v2\/users\/2"}],"replies":[{"embeddable":true,"href":"https:\/\/www.europesays.com\/es\/wp-json\/wp\/v2\/comments?post=158532"}],"version-history":[{"count":0,"href":"https:\/\/www.europesays.com\/es\/wp-json\/wp\/v2\/posts\/158532\/revisions"}],"wp:featuredmedia":[{"embeddable":true,"href":"https:\/\/www.europesays.com\/es\/wp-json\/wp\/v2\/media\/158533"}],"wp:attachment":[{"href":"https:\/\/www.europesays.com\/es\/wp-json\/wp\/v2\/media?parent=158532"}],"wp:term":[{"taxonomy":"category","embeddable":true,"href":"https:\/\/www.europesays.com\/es\/wp-json\/wp\/v2\/categories?post=158532"},{"taxonomy":"post_tag","embeddable":true,"href":"https:\/\/www.europesays.com\/es\/wp-json\/wp\/v2\/tags?post=158532"}],"curies":[{"name":"wp","href":"https:\/\/api.w.org\/{rel}","templated":true}]}}