{"id":158536,"date":"2025-10-05T22:09:07","date_gmt":"2025-10-05T22:09:07","guid":{"rendered":"https:\/\/www.europesays.com\/es\/158536\/"},"modified":"2025-10-05T22:09:07","modified_gmt":"2025-10-05T22:09:07","slug":"el-periodista-carlos-de-barron-relata-a-la-ser-los-malos-tratos-de-israel-a-la-flotilla-el-trato-desde-el-primer-minuto-ha-sido-inhumano-hora-25-fin-de-semana","status":"publish","type":"post","link":"https:\/\/www.europesays.com\/es\/158536\/","title":{"rendered":"El periodista Carlos de Barr\u00f3n relata a la SER los malos tratos de Israel a la Flotilla: \u00abEl trato desde el primer minuto ha sido inhumano\u00bb | Hora 25 Fin de Semana"},"content":{"rendered":"<p class=\"loc\">Madrid<\/p>\n<p>El primer grupo con 21 espa\u00f1oles de la Flotilla detenida por Israel ha llegado este domingo a Espa\u00f1a. Entre una multitud que les ha recibido con v\u00edtores y gritos, los miembros se han reunido con familiares y allegados y han contado desde el aeropuerto Adolfo Su\u00e1rez Madrid-Barajas los malos tratos recibidos por parte de Israel. <\/p>\n<p>\u00abEl trato desde el primer minuto ha sido inhumano\u00bb, ha contado a la SER el periodista Carlos de Barr\u00f3n, que ha reconocido haber vivido \u00abuna experiencia completamente traum\u00e1tica\u00bb. <\/p>\n<p>\u00abHab\u00eda una clara intenci\u00f3n de humillarnos y deshumanizarnos\u00bb, ha afirmado de Barr\u00f3n. El periodista ha asegurado que tanto \u00e9l como muchos de sus compa\u00f1eros no han contado con bebida y alimentos en buen estado durante los d\u00edas que han permanecido detenidos. <\/p>\n<p>\u00abEl agua que beb\u00edamos no era potable, la comida que nos daban estaba caducada y el maltrato psicol\u00f3gico y f\u00edsico que hemos sufrido muchos de nosotros ha sido muy duro y muy dif\u00edcil de llevar\u00bb, ha explicado.<\/p>\n<p>\u00abCuando varios presos han solicitado insulina para dos personas con diabetes la respuesta ha sido: \u00abNo hay doctores para animales como vosotros\u00bb, ha a\u00f1adido el periodista.<\/p>\n<p>Documentos firmados por Israel<\/p>\n<p>Los miembros de la Flotilla han denunciado, adem\u00e1s, que las autoridades israel\u00edes les han suplantado la identidad \u00aben la cara\u00bb al firmar unos documentos en los que reconoc\u00edan, entre otras cosas, que eran los capitanes de los barcos. <\/p>\n<p>\u00abHa habido varios intentos en los que acud\u00edan a nuestras celdas a que firm\u00e1semos documentos, algunos en hebreo y otros en ingl\u00e9s, de los cuales no ten\u00edamos constancia de qu\u00e9 significaban\u00bb, ha asegurado el periodista.<\/p>\n<p>El \u00faltimo intento, seg\u00fan ha contado de Barr\u00f3n, ha ocurrido este mismo domingo. \u00abCuando est\u00e1bamos en el furg\u00f3n policial, nos han dado un documento que nos obligaban a firmar\u00bb, ha dicho. <\/p>\n<p>\u00abDec\u00edan que \u00e9ramos los capitanes de los barcos y que asum\u00edamos que todo lo que hab\u00edamos hecho era ilegal\u00bb, ha a\u00f1adido. \u00abNos hemos negado en rotundo a firmarlos y hemos visto c\u00f3mo el polic\u00eda que ten\u00edamos delante se ha puesto a firmarlos en nuestro nombre\u00bb, ha afirmado de Barr\u00f3n. <\/p>\n","protected":false},"excerpt":{"rendered":"Madrid El primer grupo con 21 espa\u00f1oles de la Flotilla detenida por Israel ha llegado este domingo a&hellip;\n","protected":false},"author":2,"featured_media":158537,"comment_status":"","ping_status":"","sticky":false,"template":"","format":"standard","meta":{"footnotes":""},"categories":[42],"tags":[17,18,47211,47212,45640,13,14,11,61,62,63,64,19,20,9,10,15,16,36667,12,21,22,65,66,67],"class_list":{"0":"post-158536","1":"post","2":"type-post","3":"status-publish","4":"format-standard","5":"has-post-thumbnail","7":"category-internacional","8":"tag-breaking-news","9":"tag-breakingnews","10":"tag-civil-conflict","11":"tag-demonstrations","12":"tag-domestic-politics","13":"tag-featured-news","14":"tag-featurednews","15":"tag-headlines","16":"tag-internacional","17":"tag-international","18":"tag-international-news","19":"tag-internationalnews","20":"tag-latest-news","21":"tag-latestnews","22":"tag-news","23":"tag-noticias","24":"tag-noticias-destacadas","25":"tag-noticiasdestacadas","26":"tag-riots","27":"tag-titulares","28":"tag-ultimas-noticias","29":"tag-ultimasnoticias","30":"tag-world","31":"tag-world-news","32":"tag-worldnews"},"share_on_mastodon":{"url":"","error":""},"_links":{"self":[{"href":"https:\/\/www.europesays.com\/es\/wp-json\/wp\/v2\/posts\/158536","targetHints":{"allow":["GET"]}}],"collection":[{"href":"https:\/\/www.europesays.com\/es\/wp-json\/wp\/v2\/posts"}],"about":[{"href":"https:\/\/www.europesays.com\/es\/wp-json\/wp\/v2\/types\/post"}],"author":[{"embeddable":true,"href":"https:\/\/www.europesays.com\/es\/wp-json\/wp\/v2\/users\/2"}],"replies":[{"embeddable":true,"href":"https:\/\/www.europesays.com\/es\/wp-json\/wp\/v2\/comments?post=158536"}],"version-history":[{"count":0,"href":"https:\/\/www.europesays.com\/es\/wp-json\/wp\/v2\/posts\/158536\/revisions"}],"wp:featuredmedia":[{"embeddable":true,"href":"https:\/\/www.europesays.com\/es\/wp-json\/wp\/v2\/media\/158537"}],"wp:attachment":[{"href":"https:\/\/www.europesays.com\/es\/wp-json\/wp\/v2\/media?parent=158536"}],"wp:term":[{"taxonomy":"category","embeddable":true,"href":"https:\/\/www.europesays.com\/es\/wp-json\/wp\/v2\/categories?post=158536"},{"taxonomy":"post_tag","embeddable":true,"href":"https:\/\/www.europesays.com\/es\/wp-json\/wp\/v2\/tags?post=158536"}],"curies":[{"name":"wp","href":"https:\/\/api.w.org\/{rel}","templated":true}]}}