{"id":158548,"date":"2025-10-05T22:20:19","date_gmt":"2025-10-05T22:20:19","guid":{"rendered":"https:\/\/www.europesays.com\/es\/158548\/"},"modified":"2025-10-05T22:20:19","modified_gmt":"2025-10-05T22:20:19","slug":"el-partidazo-de-la-jornada-el-calasanz-b-no-se-guarda-ningun-gol-en-su-estreno-liguero-ante-el-salamanca-ff","status":"publish","type":"post","link":"https:\/\/www.europesays.com\/es\/158548\/","title":{"rendered":"El partidazo de la jornada: el Calasanz B no se guarda ning\u00fan gol en su estreno liguero ante el Salamanca FF"},"content":{"rendered":"<p class=\"v-mdl-ath__p v-mdl-ath__p--6\">\nMartes, 30 de septiembre 2025, 12:38<\/p>\n<p class=\"v-p\">El Grupo 2 de la <strong>Tercera Divisi\u00f3n benjam\u00edn Grupo 2<\/strong> dio el pistoletazo de salida con el <strong>Calasanz B<\/strong> y el <strong>Salamanca FF<\/strong> vi\u00e9ndose las caras. Los locales, llamados a hacer grandes cosas en la temporada, impusieron su ley desde el principio, aunque el Salamanca FF, sin cambios, se lo puso muy complicado y ofreci\u00f3 varias cosas positivas pese al resultado final. Y es que, el <strong>cuadro visitante acab\u00f3 pagando el cansancio por no contar con m\u00e1s mimbres en el banquillo<\/strong>.<\/p>\n<p class=\"v-p\">Por su parte, el Calasanz B tambi\u00e9n cont\u00f3 con un verdadero artillero entre sus filas. <strong>Dar\u00edo Garc\u00eda<\/strong> quiere pelear por el pichichi de la competici\u00f3n, y as\u00ed lo confirm\u00f3 desde el primer d\u00eda con <strong>seis goles en su cuenta particular<\/strong>. <strong>Manuel Villar<\/strong> tampoco se qued\u00f3 atr\u00e1s con un <strong>&#8216;hat trick&#8217;<\/strong>, y <strong>Dar\u00edo<\/strong> y <strong>\u00c1ngel Mart\u00edn<\/strong> marcaron los goles restantes con un tanto para cada uno.<\/p>\n<p class=\"v-p\">El reloj marc\u00f3 las 9 de la ma\u00f1ana, y en el municipal de Chamber\u00ed regres\u00f3 el aroma a f\u00fatbol base. Con todos los j\u00f3venes en sus puestos, el Calasanz B y el Salamanca FF comenzaron su andadura en la competici\u00f3n. <strong>Dar\u00edo Garc\u00eda puso punto final a unos primeros compases de gran igualdad<\/strong>, cuando, en el minuto 3 de juego, marc\u00f3 el primero en un <strong>saque de esquina directo a porter\u00eda<\/strong>.<\/p>\n<p class=\"v-p\">El gol no descompuso al Salamanca FF, que lo intent\u00f3 a trav\u00e9s de Cecilia, pero un serio <strong>Sergio Ferrero pon\u00eda el candado<\/strong> en la porter\u00eda del Calasanz. El Salamanca FF segu\u00eda intentando hacer da\u00f1o mientras <strong>Eliane se hac\u00eda enorme en la porter\u00eda ante las acometidas locales<\/strong>. Hasta que, antes del descanso, <strong>Manuel <\/strong><strong>Villar<\/strong> zanj\u00f3 las opciones visitantes con dos goles antes del descanso. Primero, con una carambola que acab\u00f3 sonriendo al Calasanz, y despu\u00e9s, con un disparo que cogi\u00f3 a contrapi\u00e9 a la guardameta visitante. Con <strong>3-0 se cerr\u00f3 un primer tiempo en el que el Salamanca FF hizo m\u00e9ritos para estrenar su casillero de goles<\/strong>, pero no encontr\u00f3 el acierto.<\/p>\n<p class=\"v-p\">Tras el paso por vestuarios, <strong>el Calasanz meti\u00f3 una marcha m\u00e1s<\/strong> cuando empezaron a caer las fuerzas en el Salamanca FF que, sin cambios, no se pod\u00eda detener ni un segundo a descansar. As\u00ed, <strong>los locales marcaron 5 goles en diez minutos<\/strong> para finiquitar el partido. La lluvia de goles, <strong>la gran mayor\u00eda de gran calidad<\/strong>, se detuvo con los tres \u00faltimos tantos en el tramo final en lo que fue <strong>un d\u00eda donde el Calasanz no se guard\u00f3 ni un solo tanto<\/strong>.<\/p>\n<p>Sala de prensa<\/p>\n<p><img decoding=\"async\" loading=\"lazy\" src=\"https:\/\/www.europesays.com\/es\/wp-content\/uploads\/2025\/10\/collallalallaa_20250930104613-U71571505810Zdq-650x455@Gaceta Salamanca.jpg\" class=\"v-a-img\" width=\"650\" height=\"455\" alt=\"\" data-voc-vtm-id=\"in-text-traffic\"\/><\/p>\n<p><img loading=\"lazy\" decoding=\"async\" src=\"https:\/\/www.europesays.com\/es\/wp-content\/uploads\/2025\/10\/collallalallaa_20250930104613-U71571505810Zdq-650x455@Gaceta Salamanca.jpg\" class=\"v-mdl__img-z\" width=\"650\" height=\"455\" alt=\"\"\/><\/p>\n<p>V\u00edctor Mart\u00edn y Alba de Arriba<\/p>\n<p class=\"v-p\">\n<strong><br \/>\nV\u00edctor Mart\u00edn (delegado del Calasanz B)<br \/>\n<\/strong><br \/>\n: \u00abLos chicos estaban muy ilusionados por volver a la competici\u00f3n y lo han demostrado\u00bb.\n<\/p>\n<p class=\"v-p\">\n<strong><br \/>\nAlba de Arriba (entrenadora del Salamanca FF)<br \/>\n<\/strong><br \/>\n: \u00abSe ha visto mucha mejor\u00eda desde que empezamos y nos quedamos con eso\u00bb.\n<\/p>\n<p>Reporta un error<\/p>\n","protected":false},"excerpt":{"rendered":"Martes, 30 de septiembre 2025, 12:38 El Grupo 2 de la Tercera Divisi\u00f3n benjam\u00edn Grupo 2 dio el&hellip;\n","protected":false},"author":2,"featured_media":158549,"comment_status":"","ping_status":"","sticky":false,"template":"","format":"standard","meta":{"footnotes":""},"categories":[268],"tags":[1575,47216,168,25,24,1055,280,282,3689,17935,293,11452,10732,28952,3614,281,23,167],"class_list":{"0":"post-158548","1":"post","2":"type-post","3":"status-publish","4":"format-standard","5":"has-post-thumbnail","7":"category-futbol","8":"tag-ante","9":"tag-calasanz","10":"tag-deportes","11":"tag-es","12":"tag-espana","13":"tag-estreno","14":"tag-football","15":"tag-futbol","16":"tag-gol","17":"tag-guarda","18":"tag-jornada","19":"tag-liguero","20":"tag-ningun","21":"tag-partidazo","22":"tag-salamanca","23":"tag-soccer","24":"tag-spain","25":"tag-sports"},"share_on_mastodon":{"url":"","error":""},"_links":{"self":[{"href":"https:\/\/www.europesays.com\/es\/wp-json\/wp\/v2\/posts\/158548","targetHints":{"allow":["GET"]}}],"collection":[{"href":"https:\/\/www.europesays.com\/es\/wp-json\/wp\/v2\/posts"}],"about":[{"href":"https:\/\/www.europesays.com\/es\/wp-json\/wp\/v2\/types\/post"}],"author":[{"embeddable":true,"href":"https:\/\/www.europesays.com\/es\/wp-json\/wp\/v2\/users\/2"}],"replies":[{"embeddable":true,"href":"https:\/\/www.europesays.com\/es\/wp-json\/wp\/v2\/comments?post=158548"}],"version-history":[{"count":0,"href":"https:\/\/www.europesays.com\/es\/wp-json\/wp\/v2\/posts\/158548\/revisions"}],"wp:featuredmedia":[{"embeddable":true,"href":"https:\/\/www.europesays.com\/es\/wp-json\/wp\/v2\/media\/158549"}],"wp:attachment":[{"href":"https:\/\/www.europesays.com\/es\/wp-json\/wp\/v2\/media?parent=158548"}],"wp:term":[{"taxonomy":"category","embeddable":true,"href":"https:\/\/www.europesays.com\/es\/wp-json\/wp\/v2\/categories?post=158548"},{"taxonomy":"post_tag","embeddable":true,"href":"https:\/\/www.europesays.com\/es\/wp-json\/wp\/v2\/tags?post=158548"}],"curies":[{"name":"wp","href":"https:\/\/api.w.org\/{rel}","templated":true}]}}