{"id":158550,"date":"2025-10-05T22:27:22","date_gmt":"2025-10-05T22:27:22","guid":{"rendered":"https:\/\/www.europesays.com\/es\/158550\/"},"modified":"2025-10-05T22:27:22","modified_gmt":"2025-10-05T22:27:22","slug":"pau-lopez-silencia-a-puado-para-que-el-betis-se-imponga-al-espanyol-futbol-deportes","status":"publish","type":"post","link":"https:\/\/www.europesays.com\/es\/158550\/","title":{"rendered":"Pau L\u00f3pez silencia a Puado para que el Betis se imponga al Espanyol | F\u00fatbol | Deportes"},"content":{"rendered":"<p><a href=\"https:\/\/resultados.elpais.com\/deportivos\/futbol\/primera\/2025_2026\/directo\/regular_a_8_68644b77633b848\" rel=\"nofollow noopener\" target=\"_blank\">Directo<\/a><\/p>\n<p class=\"\">En un duelo sin pausa ni sentimentalismos, e<a href=\"https:\/\/elpais.com\/deportes\/futbol\/2025-09-19\/el-betis-aplasta-a-la-real-en-un-gran-segundo-tiempo.html\" target=\"_blank\" rel=\"noreferrer nofollow noopener\" title=\"https:\/\/elpais.com\/deportes\/futbol\/2025-09-19\/el-betis-aplasta-a-la-real-en-un-gran-segundo-tiempo.html\">l Betis le borr\u00f3 el invicto al Espanyol en Cornell\u00e0<\/a> y ya se cuela entre los cuatro mejores equipos de La Liga. Una victoria, en cualquier caso, que casi se viste de empate si no hubiera sido porque Pau L\u00f3pez, criado en la cantera blanquiazul, detuvo el penalti de Puado en la \u00faltima jugada. M\u00e9rito de Pau L\u00f3pez, tambi\u00e9n de Cucho Hern\u00e1ndez y Abde, que dejaron en nada la bonita diada de Pol Lozano.<\/p>\n<p><img alt=\"Espanyol\" decoding=\"auto\" class=\"_re lazyload a_m-h\" height=\"80\" width=\"80\" src=\"https:\/\/www.europesays.com\/es\/wp-content\/uploads\/2025\/10\/8.png\" loading=\"lazy\"\/><\/p>\n<p>1<\/p>\n<p>2<\/p>\n<p><img alt=\"Betis\" decoding=\"auto\" class=\"_re lazyload a_m-h\" height=\"80\" width=\"80\" src=\"https:\/\/www.europesays.com\/es\/wp-content\/uploads\/2025\/10\/171.png\" loading=\"lazy\"\/><\/p>\n<p><b>Goles<\/b> 1-0 min. 15: Pol Lozano. 1-1 min. 54: Cucho Hern\u00e1ndez. 1-2 min. 62: Abde.<\/p>\n<p><b>\u00c1rbitro<\/b> Iosu Galech Apeztegu\u00eda<\/p>\n<p>Tarjetas amarillas Pere Milla (min. 27), Fornals (min. 33), Antony (min. 44), Giovani Lo Celso (min. 100), Chimy \u00c1vila (min. 101) y Pau L\u00f3pez (min. 102)<\/p>\n<p class=\"\">A cambio de construir, sin ritmo en la circulaci\u00f3n del bal\u00f3n \u2014m\u00e9rito de un Espanyol siempre intenso\u2014, el Betis entendi\u00f3 que ten\u00eda que priorizar la velocidad antes que la paciencia. Y eso que, de entrada, Abde y Antony estaban apagados en Cornell\u00e0, alejados por la zaga blanquiazul del \u00e1rea de Dimitrievski. La versatilidad de los muchachos de Manuel Pellegrini tuvo premio en un campo duro, sobre todo ante un equipo igual de duro, <a href=\"https:\/\/elpais.com\/deportes\/futbol\/2025-09-20\/la-resurreccion-del-espanyol-ante-el-reto-historico-del-bernabeu.html\" target=\"_blank\" rel=\"noreferrer nofollow noopener\" title=\"https:\/\/elpais.com\/deportes\/futbol\/2025-09-20\/la-resurreccion-del-espanyol-ante-el-reto-historico-del-bernabeu.html\">como el de Manolo Gonz\u00e1lez<\/a>.<\/p>\n<p class=\"\">No hab\u00eda ganado el Betis fuera de Sevilla, ni hab\u00eda perdido el Espanyol en Cornell\u00e0. Y parec\u00eda que este domingo no se romper\u00eda la racha. El cuadro blanquiazul sali\u00f3 a atorar al Betis. Nada nuevo en el modelo de juego del Espanyol, esta temporada reforzado en el estilo y en la plantilla, abrazado por una afici\u00f3n entusiasmada con los muchachos de Manolo Gonz\u00e1lez.<\/p>\n<p class=\"\">Y, por mucho que asustara el curr\u00edculo del Betis de Pellegrini, el Espanyol no estaba dispuesto a recular. Incluso amag\u00f3 con hacerle pagar el desgaste de competir en la Europa League, despu\u00e9s de que, tras el gol de Pol Lozano, Puado acariciara el 2-0 antes del descanso.<\/p>\n<p class=\"\">Ocurri\u00f3, sin embargo, que cuando parec\u00eda agrandarse en ataque, el Espanyol se despist\u00f3 en defensa. Dej\u00f3 solo en el \u00e1rea al tipo al que m\u00e1s atenci\u00f3n hab\u00eda que prestarle: Cucho Hern\u00e1ndez. El delantero firm\u00f3 de cabeza el empate, su cuarta diana consecutiva en La Liga. No se conform\u00f3 el Betis. Hoy se siente un equipo de Europa; su presente est\u00e1 en la Europa League, pero su futuro lo quiere en la Champions. Pocas sociedades mejores en un Betis que no quiere conocer su techo que la de Fornals y Abde.<\/p>\n<p class=\"\">Faltaba en el Betis un protagonista m\u00e1s en Cornell\u00e0. Y era el que nadie esperaba, al menos para la hinchada del Espanyol. Cuando la aguja del reloj marcaba que ya no hab\u00eda tiempo para m\u00e1s (minuto 100), en un duelo entre canteranos blanquiazules, Pau L\u00f3pez le detuvo el penalti a Puado. Extra\u00f1a manera de celebrar del portero \u2014se llev\u00f3 las manos a las orejas\u2014, en una ya habitual forma de entender el f\u00fatbol del Betis. <\/p>\n","protected":false},"excerpt":{"rendered":"Directo En un duelo sin pausa ni sentimentalismos, el Betis le borr\u00f3 el invicto al Espanyol en Cornell\u00e0&hellip;\n","protected":false},"author":2,"featured_media":158551,"comment_status":"","ping_status":"","sticky":false,"template":"","format":"standard","meta":{"footnotes":""},"categories":[93],"tags":[1540,168,1539,25,24,282,1538,1210,11783,10286,23,167],"class_list":{"0":"post-158550","1":"post","2":"type-post","3":"status-publish","4":"format-standard","5":"has-post-thumbnail","7":"category-deportes","8":"tag-competiciones","9":"tag-deportes","10":"tag-entrenadores","11":"tag-es","12":"tag-espana","13":"tag-futbol","14":"tag-futbolistas","15":"tag-laliga-ea-sports","16":"tag-rcd-espanyol","17":"tag-real-betis","18":"tag-spain","19":"tag-sports"},"share_on_mastodon":{"url":"","error":""},"_links":{"self":[{"href":"https:\/\/www.europesays.com\/es\/wp-json\/wp\/v2\/posts\/158550","targetHints":{"allow":["GET"]}}],"collection":[{"href":"https:\/\/www.europesays.com\/es\/wp-json\/wp\/v2\/posts"}],"about":[{"href":"https:\/\/www.europesays.com\/es\/wp-json\/wp\/v2\/types\/post"}],"author":[{"embeddable":true,"href":"https:\/\/www.europesays.com\/es\/wp-json\/wp\/v2\/users\/2"}],"replies":[{"embeddable":true,"href":"https:\/\/www.europesays.com\/es\/wp-json\/wp\/v2\/comments?post=158550"}],"version-history":[{"count":0,"href":"https:\/\/www.europesays.com\/es\/wp-json\/wp\/v2\/posts\/158550\/revisions"}],"wp:featuredmedia":[{"embeddable":true,"href":"https:\/\/www.europesays.com\/es\/wp-json\/wp\/v2\/media\/158551"}],"wp:attachment":[{"href":"https:\/\/www.europesays.com\/es\/wp-json\/wp\/v2\/media?parent=158550"}],"wp:term":[{"taxonomy":"category","embeddable":true,"href":"https:\/\/www.europesays.com\/es\/wp-json\/wp\/v2\/categories?post=158550"},{"taxonomy":"post_tag","embeddable":true,"href":"https:\/\/www.europesays.com\/es\/wp-json\/wp\/v2\/tags?post=158550"}],"curies":[{"name":"wp","href":"https:\/\/api.w.org\/{rel}","templated":true}]}}