{"id":158562,"date":"2025-10-05T22:33:11","date_gmt":"2025-10-05T22:33:11","guid":{"rendered":"https:\/\/www.europesays.com\/es\/158562\/"},"modified":"2025-10-05T22:33:11","modified_gmt":"2025-10-05T22:33:11","slug":"la-imagen-navega-la-esperanza","status":"publish","type":"post","link":"https:\/\/www.europesays.com\/es\/158562\/","title":{"rendered":"La imagen. Navega la Esperanza"},"content":{"rendered":"<p class=\"voc-p\" style=\"\">Probablemente para muchos trianeros que se fueron tiempo atr\u00e1s a la barriada de la Oliva o a las 3000 viviendas, el de ayer fue el d\u00eda m\u00e1s importante de sus vidas. Jam\u00e1s hubieran imaginado que su Virgen iba a ir a verles. La gente de  &#8230; los corrales cuyo comedor presid\u00eda la foto de la Virgen en blanco y negro, con la toca de volantes, la corona de Medina y el velo de novia de Carmelita la de Cantero regresa a sus vidas, entra en sus hogares, va a visitarles. La Misi\u00f3n de la Esperanza tiene como objetivo aliviar las penas de mucha gente. Pero tambi\u00e9n el de regalar a los antiguos vecinos el gesto de un amor imperecedero.<\/p>\n<p><img loading=\"lazy\" decoding=\"async\" width=\"530\" height=\"64\" class=\"logo-premium\" src=\"data:image\/gif;base64,R0lGODlhAQABAAAAACH5BAEKAAEALAAAAAABAAEAAAICTAEAOw==\" alt=\"ABC Premium\"\/><br \/>\nL\u00edmite de sesiones alcanzadas<\/p>\n<ul class=\"listado\">\n<li>El acceso al contenido Premium est\u00e1 abierto por cortes\u00eda del establecimiento donde te encuentras, pero ahora mismo hay demasiados usuarios conectados a la vez. Por favor, int\u00e9ntalo pasados unos minutos.<\/li>\n<\/ul>\n<p>Volver a intentar<\/p>\n<p><img loading=\"lazy\" decoding=\"async\" width=\"530\" height=\"64\" class=\"logo-premium\" src=\"data:image\/gif;base64,R0lGODlhAQABAAAAACH5BAEKAAEALAAAAAABAAEAAAICTAEAOw==\" alt=\"ABC Premium\"\/><br \/>\nHas superado el l\u00edmite de sesiones<\/p>\n<ul class=\"listado\">\n<li>S\u00f3lo puedes tener tres sesiones iniciadas a la vez. Hemos cerrado la sesi\u00f3n m\u00e1s antigua para que sigas navegando sin l\u00edmites en el resto.<\/li>\n<\/ul>\n<p>Sigue navegando<\/p>\n<p> Art\u00edculo solo para suscriptores <\/p>\n<p>Reportar un error<\/p>\n","protected":false},"excerpt":{"rendered":"Probablemente para muchos trianeros que se fueron tiempo atr\u00e1s a la barriada de la Oliva o a las&hellip;\n","protected":false},"author":2,"featured_media":158563,"comment_status":"","ping_status":"","sticky":false,"template":"","format":"standard","meta":{"footnotes":""},"categories":[8],"tags":[17,18,25,24,13,14,11,1157,19,20,9,10,15,16,23,12,21,22],"class_list":{"0":"post-158562","1":"post","2":"type-post","3":"status-publish","4":"format-standard","5":"has-post-thumbnail","7":"category-espana","8":"tag-breaking-news","9":"tag-breakingnews","10":"tag-es","11":"tag-espana","12":"tag-featured-news","13":"tag-featurednews","14":"tag-headlines","15":"tag-imagen","16":"tag-latest-news","17":"tag-latestnews","18":"tag-news","19":"tag-noticias","20":"tag-noticias-destacadas","21":"tag-noticiasdestacadas","22":"tag-spain","23":"tag-titulares","24":"tag-ultimas-noticias","25":"tag-ultimasnoticias"},"share_on_mastodon":{"url":"","error":""},"_links":{"self":[{"href":"https:\/\/www.europesays.com\/es\/wp-json\/wp\/v2\/posts\/158562","targetHints":{"allow":["GET"]}}],"collection":[{"href":"https:\/\/www.europesays.com\/es\/wp-json\/wp\/v2\/posts"}],"about":[{"href":"https:\/\/www.europesays.com\/es\/wp-json\/wp\/v2\/types\/post"}],"author":[{"embeddable":true,"href":"https:\/\/www.europesays.com\/es\/wp-json\/wp\/v2\/users\/2"}],"replies":[{"embeddable":true,"href":"https:\/\/www.europesays.com\/es\/wp-json\/wp\/v2\/comments?post=158562"}],"version-history":[{"count":0,"href":"https:\/\/www.europesays.com\/es\/wp-json\/wp\/v2\/posts\/158562\/revisions"}],"wp:featuredmedia":[{"embeddable":true,"href":"https:\/\/www.europesays.com\/es\/wp-json\/wp\/v2\/media\/158563"}],"wp:attachment":[{"href":"https:\/\/www.europesays.com\/es\/wp-json\/wp\/v2\/media?parent=158562"}],"wp:term":[{"taxonomy":"category","embeddable":true,"href":"https:\/\/www.europesays.com\/es\/wp-json\/wp\/v2\/categories?post=158562"},{"taxonomy":"post_tag","embeddable":true,"href":"https:\/\/www.europesays.com\/es\/wp-json\/wp\/v2\/tags?post=158562"}],"curies":[{"name":"wp","href":"https:\/\/api.w.org\/{rel}","templated":true}]}}