{"id":158565,"date":"2025-10-05T22:35:08","date_gmt":"2025-10-05T22:35:08","guid":{"rendered":"https:\/\/www.europesays.com\/es\/158565\/"},"modified":"2025-10-05T22:35:08","modified_gmt":"2025-10-05T22:35:08","slug":"diario-de-colima","status":"publish","type":"post","link":"https:\/\/www.europesays.com\/es\/158565\/","title":{"rendered":"Diario de Colima"},"content":{"rendered":"<p><\/p>\n<p>                            <img decoding=\"async\" src=\"https:\/\/www.europesays.com\/es\/wp-content\/uploads\/2025\/10\/WhatsApp_Image_2025-10-05_at_16.11_.25_.jpg\" alt=\" \" class=\"img-responsive centerDetailNewImage\"\/><\/p>\n<p><\/p>\n<p>                        <b\/><br \/>\n                        Domingo 05 de Octubre de 2025 5:30 pm<br \/>\n                        + &#8211;<\/p>\n<p dir=\"ltr\" style=\"line-height:1.38;margin-top:0pt;margin-bottom:0pt;\">El director general del Instituto Colimense del Deporte (Incode), Alejandro Rodr\u00edguez Alvarado, encabez\u00f3 la premiaci\u00f3n de la Copa Volc\u00e1n de balonmano de playa este domingo en la cancha de arena de la unidad deportiva \u201cJos\u00e9 Mar\u00eda Morelos y Pav\u00f3n\u201d, de esta ciudad capital.<\/p>\n<p dir=\"ltr\" style=\"line-height:1.38;margin-top:0pt;margin-bottom:0pt;\">El titular del Incode entreg\u00f3 medallas y trofeos a los equipos Colima A como campe\u00f3n, Shark por lograr el segundo lugar y Colima B que ocup\u00f3 el tercer sitio en la rama femenil; mientras que en la rama varonil el primer lugar fue para C\u00f3nclave, el segundo sitio para Wolfes y el tercer pelda\u00f1o para Chotacabras.<\/p>\n<p dir=\"ltr\" style=\"line-height:1.38;margin-top:0pt;margin-bottom:0pt;\">Reconoci\u00f3 el talento que hay en el balonmano estatal, se\u00f1alando que es uno de los deportes de conjunto con m\u00e1s desarrollo y crecimiento, pues nuestra entidad tiene representantes en selecciones nacionales en ambas ramas -femenil y varonil-, gracias al arduo trabajo que realizan las entrenadoras y los entrenadores.\u00a0<\/p>\n<p dir=\"ltr\" style=\"line-height:1.38;margin-top:0pt;margin-bottom:0pt;\">Manuel Rivas Ochoa, presidente de la Asociaci\u00f3n de Handball del Estado de Colima, agradeci\u00f3 el apoyo que brinda el Gobierno del Estado de Colima que encabeza la mandataria Indira Vizca\u00edno Silva, a trav\u00e9s del Incode, con las instalaciones deportivas para el desarrollo y la pr\u00e1ctica en la entidad que sirve de mucha ayuda para las y los deportistas.\u00a0<\/p>\n<p dir=\"ltr\" style=\"line-height:1.38;margin-top:0pt;margin-bottom:0pt;\">Manuel Alejandro Ch\u00e1vez Valencia, coordinador t\u00e9cnico de la Copa Volc\u00e1n de balonmano de playa, dijo que este evento deportivo se realiza para continuar trabajando y entrenando para el desarrollo de este deporte, ya que el balonmano de playa es la base de las selecciones nacionales tanto femenil como varonil, y estar activos ayudar para que los equipos lleguen con ritmo para sus pr\u00f3ximos compromisos internacionales.<\/p>\n<p>                        AGENCIAS<br \/>\n                        <\/p>\n","protected":false},"excerpt":{"rendered":"Domingo 05 de Octubre de 2025 5:30 pm + &#8211; El director general del Instituto Colimense del Deporte&hellip;\n","protected":false},"author":2,"featured_media":158566,"comment_status":"","ping_status":"","sticky":false,"template":"","format":"standard","meta":{"footnotes":""},"categories":[278],"tags":[376,47219,168,1819,47218,25,24,375,47224,10,47221,15,47223,47220,47222,2312,23,167,47225,4619],"class_list":{"0":"post-158565","1":"post","2":"type-post","3":"status-publish","4":"format-standard","5":"has-post-thumbnail","7":"category-balonmano","8":"tag-balonmano","9":"tag-colima","10":"tag-deportes","11":"tag-diario","12":"tag-diario-de-colima","13":"tag-es","14":"tag-espana","15":"tag-handball","16":"tag-manzanillo","17":"tag-noticias","18":"tag-noticias-del-dia","19":"tag-noticias-destacadas","20":"tag-noticias-online","21":"tag-orden-publico","22":"tag-periodico-online","23":"tag-sociales","24":"tag-spain","25":"tag-sports","26":"tag-tecoman","27":"tag-viral"},"share_on_mastodon":{"url":"","error":""},"_links":{"self":[{"href":"https:\/\/www.europesays.com\/es\/wp-json\/wp\/v2\/posts\/158565","targetHints":{"allow":["GET"]}}],"collection":[{"href":"https:\/\/www.europesays.com\/es\/wp-json\/wp\/v2\/posts"}],"about":[{"href":"https:\/\/www.europesays.com\/es\/wp-json\/wp\/v2\/types\/post"}],"author":[{"embeddable":true,"href":"https:\/\/www.europesays.com\/es\/wp-json\/wp\/v2\/users\/2"}],"replies":[{"embeddable":true,"href":"https:\/\/www.europesays.com\/es\/wp-json\/wp\/v2\/comments?post=158565"}],"version-history":[{"count":0,"href":"https:\/\/www.europesays.com\/es\/wp-json\/wp\/v2\/posts\/158565\/revisions"}],"wp:featuredmedia":[{"embeddable":true,"href":"https:\/\/www.europesays.com\/es\/wp-json\/wp\/v2\/media\/158566"}],"wp:attachment":[{"href":"https:\/\/www.europesays.com\/es\/wp-json\/wp\/v2\/media?parent=158565"}],"wp:term":[{"taxonomy":"category","embeddable":true,"href":"https:\/\/www.europesays.com\/es\/wp-json\/wp\/v2\/categories?post=158565"},{"taxonomy":"post_tag","embeddable":true,"href":"https:\/\/www.europesays.com\/es\/wp-json\/wp\/v2\/tags?post=158565"}],"curies":[{"name":"wp","href":"https:\/\/api.w.org\/{rel}","templated":true}]}}