{"id":158567,"date":"2025-10-05T22:36:08","date_gmt":"2025-10-05T22:36:08","guid":{"rendered":"https:\/\/www.europesays.com\/es\/158567\/"},"modified":"2025-10-05T22:36:08","modified_gmt":"2025-10-05T22:36:08","slug":"la-tauromaquia-no-tiene-ideologia","status":"publish","type":"post","link":"https:\/\/www.europesays.com\/es\/158567\/","title":{"rendered":"La tauromaquia no tiene ideolog\u00eda"},"content":{"rendered":"<p>Yolanda D\u00edaz arengaba este viernes contra \u00ablos embistes reaccionarios\u00bb que pueden poner en riesgo la libertad y los derechos de las mujeres en temas como el aborto. La vicepresidenta segunda del Gobierno seguramente quer\u00eda referirse a las embestidas, que no embistes, las mismas que se vivir\u00e1n este martes en el Pleno del Congreso a cuenta de los toros.<\/p>\n<p>Ese d\u00eda llega a la c\u00e1mara para su debate la Iniciativa Legislativa Popular (ILP) con 700.000 firmas para desproteger la tauromaquia y dejar de considerarla patrimonio cultural. Contra estas embestidas, el Partido Popular construye su defensa: <strong>\u00abLa tauromaquia no tiene ideolog\u00eda\u00bb<\/strong>, como cabecera de un dec\u00e1logo contra la censura cultural e ideol\u00f3gica.<\/p>\n<p>Los antecedentes del debate son los siguientes: los promotores de la iniciativa ciudadana No es mi cultura -unas 200 asociaciones animalistas- entregaron el pasado febrero en el Congreso un total de 715.606 firmas para instar a la derogaci\u00f3n de la Ley 18\/2013, que delimita la tauromaquia como parte del patrimonio cultural digno de protecci\u00f3n en todo el territorio nacional. La plataforma destaca que son un 32,91% m\u00e1s que las firmas conseguidas por la ILP taurina de 2012, con 500.165 firmas validadas, seg\u00fan datos de Europa Press.<\/p>\n<p>Detr\u00e1s de la ILP est\u00e1 buena parte de los aliados parlamentarios de los socialistas, como Sumar, IU, M\u00e1s Madrid, Podemos, ERC, Junts, Verdes Equo, Alianza Verde y el Pacma, entre otras formaciones. \u00abNo representa solamente una demanda \u00e9tica, sino tambi\u00e9n una propuesta legal, razonable y profundamente democr\u00e1tica\u00bb, aseguran. Quieren que comunidades o ayuntamientos puedan cercenar el car\u00e1cter cultural de los toros,<\/p>\n<p>El dec\u00e1logo del Partido Popular<\/p>\n<p>El PP va a ir en tromba en defensa de la tauromaquia en un planteamiento que arranca con que <strong>no tiene ideolog\u00eda, es cultura popular espa\u00f1ola <\/strong>con m\u00e1s de 3.000 a\u00f1os de historia. \u00abNadie tiene derecho a convertirla en un arma ideol\u00f3gica\u00bb, se\u00f1alan desde la formaci\u00f3n de Alberto N\u00fa\u00f1ez Feij\u00f3o, que no es un gran aficionado pero en los \u00faltimos tiempos mantiene gran relaci\u00f3n con los toreros Pedro Guti\u00e9rrez Moya, Ni\u00f1o de la Capea, y su yerno en activo Miguel \u00c1ngel Perera.<\/p>\n<p>Sostiene el PP que el Tribunal Constitucional ya se pronunci\u00f3 sobre el hecho de \u00abpatrimonio cultural de todos los espa\u00f1oles\u00bb e incide, por tanto, en que nada tienen que interferir las competencias auton\u00f3micas o municipales: \u00abNo hay conflicto legal: <strong>hay voluntad pol\u00edtica de censura<\/strong>\u00ab.<\/p>\n<p>Al ser un \u00abarte vivo\u00bb, se re\u00fanen en torno a esta fiesta popular cientos de miles de aficionados en Espa\u00f1a, Francia, Portugal y numerosos pa\u00edses hispanoamericanos.<\/p>\n<p>Desde el punto de vista medioambiental, <strong>\u00abel toro bravo es biodiversidad y sostenibilidad\u00bb<\/strong> y se expande en m\u00e1s de 500.000 hect\u00e1reas de dehesas y ecosistemas \u00fanicos, incluso en defensa contra los incendios.<\/p>\n<p>Adem\u00e1s, para el PP \u00abla tauromaquia es motor de turismo, hosteler\u00eda y cultura\u00bb: se celebran m\u00e1s de 20.000 festejos anuales, con 50.000 empleos, 4.100 millones de euros de impacto y millones de espectadores.<\/p>\n<p>El PP no aspira a patrimonizar los toros <\/p>\n<p>\u00abNadie est\u00e1 obligado a ir a un festejo taurino, pero ning\u00fan ayuntamiento o gobierno auton\u00f3mico deber\u00eda tener competencia para prohibirlo\u00bb. La pluralidad de Espa\u00f1a, en s\u00edntesis.<\/p>\n<p>El PP ve detr\u00e1s de este ataque el af\u00e1n de censura cultural. Despu\u00e9s de los toros podr\u00eda venir una obra de teatro o un libro,<\/p>\n<p><strong>Los toros, por tanto, son \u00abcontracultura y vanguardia\u00bb<\/strong>, lo popular convertido en universal.<\/p>\n<p>En resumen, y es la tesis que sostendr\u00e1 este martes en la discusi\u00f3n en el Congreso, el PP se compromete a \u00abdefender la tauromaquia sin patrimonizarla, a proteger la libertad de todos los ciudadanos a participar de ella y a presentar mociones en parlamentos y ayuntamientos para exigir el cumplimiento de la ley, la restituci\u00f3n del Premio Nacional de Tauromaquia y el apoyo al mundo del toro\u00bb.<\/p>\n<p>            <a class=\"articulo-relacionado__media\" href=\"https:\/\/www.elindependiente.com\/tendencias\/2025\/08\/14\/morantistas-neomorantistas-y-antimorantistas\/\" title=\"Morantistas, neomorantistas y antimorantistas\" rel=\"nofollow noopener\" target=\"_blank\"><\/p>\n<p>                <img loading=\"lazy\" decoding=\"async\" src=\"data:image\/svg+xml,%3Csvg%20xmlns=\" http:=\"\" width=\"390\" height=\"220\" alt=\"Morantistas, neomorantistas y antimorantistas\" data-lazy-src=\"https:\/\/www.europesays.com\/es\/wp-content\/uploads\/2025\/09\/europapress-6746225-torero-morante-puebla-festejo-feria-jerez-frontera-24-mayo-2025-jerez-390x220.jp.jpeg\"\/><\/p>\n<p>\t\t\t            <\/a><\/p>\n<p>PUBLICIDAD<\/p>\n","protected":false},"excerpt":{"rendered":"Yolanda D\u00edaz arengaba este viernes contra \u00ablos embistes reaccionarios\u00bb que pueden poner en riesgo la libertad y los&hellip;\n","protected":false},"author":2,"featured_media":158568,"comment_status":"","ping_status":"","sticky":false,"template":"","format":"standard","meta":{"footnotes":""},"categories":[277],"tags":[373,168,25,24,6066,19218,23,167,374,444],"class_list":{"0":"post-158567","1":"post","2":"type-post","3":"status-publish","4":"format-standard","5":"has-post-thumbnail","7":"category-toreo","8":"tag-bullfighting","9":"tag-deportes","10":"tag-es","11":"tag-espana","12":"tag-partido-popular-pp","13":"tag-redaccion","14":"tag-spain","15":"tag-sports","16":"tag-toreo","17":"tag-toros"},"share_on_mastodon":{"url":"","error":""},"_links":{"self":[{"href":"https:\/\/www.europesays.com\/es\/wp-json\/wp\/v2\/posts\/158567","targetHints":{"allow":["GET"]}}],"collection":[{"href":"https:\/\/www.europesays.com\/es\/wp-json\/wp\/v2\/posts"}],"about":[{"href":"https:\/\/www.europesays.com\/es\/wp-json\/wp\/v2\/types\/post"}],"author":[{"embeddable":true,"href":"https:\/\/www.europesays.com\/es\/wp-json\/wp\/v2\/users\/2"}],"replies":[{"embeddable":true,"href":"https:\/\/www.europesays.com\/es\/wp-json\/wp\/v2\/comments?post=158567"}],"version-history":[{"count":0,"href":"https:\/\/www.europesays.com\/es\/wp-json\/wp\/v2\/posts\/158567\/revisions"}],"wp:featuredmedia":[{"embeddable":true,"href":"https:\/\/www.europesays.com\/es\/wp-json\/wp\/v2\/media\/158568"}],"wp:attachment":[{"href":"https:\/\/www.europesays.com\/es\/wp-json\/wp\/v2\/media?parent=158567"}],"wp:term":[{"taxonomy":"category","embeddable":true,"href":"https:\/\/www.europesays.com\/es\/wp-json\/wp\/v2\/categories?post=158567"},{"taxonomy":"post_tag","embeddable":true,"href":"https:\/\/www.europesays.com\/es\/wp-json\/wp\/v2\/tags?post=158567"}],"curies":[{"name":"wp","href":"https:\/\/api.w.org\/{rel}","templated":true}]}}