{"id":158575,"date":"2025-10-05T22:51:11","date_gmt":"2025-10-05T22:51:11","guid":{"rendered":"https:\/\/www.europesays.com\/es\/158575\/"},"modified":"2025-10-05T22:51:11","modified_gmt":"2025-10-05T22:51:11","slug":"la-concejala-gloria-tello-cuenta-su-experiencia-y-diagnostico-en-cancer-de-mama","status":"publish","type":"post","link":"https:\/\/www.europesays.com\/es\/158575\/","title":{"rendered":"La concejala Gloria Tello cuenta su experiencia y diagn\u00f3stico en cancer de mama"},"content":{"rendered":"<p class=\"ft-text\">El 29 de octubre de 2024, en un d\u00eda marcado en todos por la catastr\u00f3fica dana que arras\u00f3 la provincia de Val\u00e8ncia, la concejala <a class=\"ft-link ft-link--decoration\" href=\"https:\/\/www.valencia.es\/cas\/ayuntamiento\/legislatura-2023-2027\/-\/content\/gloria-tello-company\" target=\"_blank\" rel=\"nofollow noopener\">Gl\u00f2ria Tello<\/a> (Comprom\u00eds) se someti\u00f3 a una mamograf\u00eda rutinaria que trajo consigo noticias amargas. Los profesionales m\u00e9dicos detectaron algo sospechoso y <a class=\"ft-link ft-link--decoration\" href=\"https:\/\/www.levante-emv.com\/comunitat-valenciana\/2025\/10\/05\/sanidad-numero-mamografias-cae-2024-pese-criticas-retraso-150000-121994376.html\" target=\"_blank\" rel=\"nofollow noopener\">le indicaron que ser\u00eda llamada para pruebas complementarias en el mismo hospital <\/a>para arrojar luz sobre el diagn\u00f3stico. <strong>Unas pruebas que no llegaron hasta el 4 de marzo de 2025.<\/strong><\/p>\n<p class=\"ft-text\">Entre tanto, cinco meses de inquietud, incertidumbre, miedo, dudas y todos los sentimientos que rodean a un <strong>diagn\u00f3stico incierto<\/strong>. Ah\u00ed es donde reside<a class=\"ft-link ft-link--decoration\" href=\"https:\/\/www.levante-emv.com\/sociedad\/2025\/10\/03\/ampliara-tramos-edad-cribados-cancer-de-mama-cancer-de-utero-andalucia-122252726.html\" target=\"_blank\" rel=\"nofollow noopener\"> la indignaci\u00f3n de lo sucedido en Andaluc\u00eda y su sistema de salud<\/a>: la Junta reconoci\u00f3 que alrededor de 2.000 mujeres hab\u00edan sufrido retrasos en el diagn\u00f3stico del c\u00e1ncer de mama debido a fallos en el sistema sanitario auton\u00f3mico. Estos errores implicaron que mujeres con mamograf\u00edas dudosas no fueran informadas a tiempo para realizar nuevas pruebas, lo que retras\u00f3 su diagn\u00f3stico y tratamiento.<\/p>\n<p class=\"ft-text\">Lo mismo le sucedi\u00f3 a Tello. En ese marem\u00e1gnum de <strong>sentimientos, pensamientos y emociones<\/strong>, \u00abingenua de m\u00ed, pens\u00e9 que tanto tiempo deb\u00eda significar que lo que yo tuviera no ser\u00eda grave\u201d, recuerda la concejala. Pero apenas comenzaron las pruebas, la expresi\u00f3n de los m\u00e9dicos le hizo entender que la situaci\u00f3n era seria. Pese a ello, <strong>las resonancias, biopsias y pruebas posteriores confirmaron lo que nadie quiere escuchar<\/strong>: una lesi\u00f3n maligna y varias premalignas en la mama izquierda. La confirmaci\u00f3n definitiva lleg\u00f3 a mediados de abril, <strong>seis meses despu\u00e9s de la mamograf\u00eda inicial.<\/strong><\/p>\n<p class=\"ft-text\">A partir de ah\u00ed, el tratamiento fue intenso: <strong>mastectom\u00eda con reconstrucci\u00f3n en mayo, radioterapia en julio y agosto, y un plan de seguimiento y medicaci\u00f3n<\/strong> que se prolongar\u00e1 durante cinco a\u00f1os.<\/p>\n<p class=\"ft-text\">Y aqu\u00ed viene la indignaci\u00f3n final que subyace bajo el esc\u00e1ndalo de las pruebas diagn\u00f3sticas en Andalucia y en cualquier sistema auton\u00f3mico de salud: Tello se cuestiona todav\u00eda hoy <a class=\"ft-link ft-link--decoration\" href=\"https:\/\/www.levante-emv.com\/comunitat-valenciana\/2025\/10\/01\/crece-diagnostico-cancer-mama-mujeres-122159651.html\" target=\"_blank\" rel=\"nofollow noopener\">si la demora en las pruebas pudo haber condicionado la gravedad de su enfermedad<\/a>. \u201cSiempre me he preguntado si esos meses de espera <strong>eran correctos<\/strong> y si sin ellos podr\u00eda haber evitado la mastectom\u00eda, la radioterapia o incluso algunas de las lesiones\u201d. \u00abEstos procedimientos no deber\u00edan demorarse meses\u00bb, asevera.<\/p>\n<p class=\"ft-text\">Su testimonio es una llamada de atenci\u00f3n sobre la necesidad de<strong> invertir m\u00e1s medios en los procesos de diagn\u00f3stico<\/strong> y seguimiento en la sanidad p\u00fablica. Precisamente, la concejala, apartada de la vida p\u00fablica desde que fue diagnosticada, da un paso adelante y da a conocer su experiencia por dos motivos: <strong>por si puede ayudar a los dem\u00e1s y por si sirve para que los responsables de los tiempos y citaciones agilicen los procesos<\/strong> de los que dependen la salud f\u00edsica y mental de las mujeres afectadas.<\/p>\n","protected":false},"excerpt":{"rendered":"El 29 de octubre de 2024, en un d\u00eda marcado en todos por la catastr\u00f3fica dana que arras\u00f3&hellip;\n","protected":false},"author":2,"featured_media":158576,"comment_status":"","ping_status":"","sticky":false,"template":"","format":"standard","meta":{"footnotes":""},"categories":[92],"tags":[1066,8106,12191,12189,7291,25,24,4351,3086,19109,165,47227,6016,4044,677,166,23,47226],"class_list":{"0":"post-158575","1":"post","2":"type-post","3":"status-publish","4":"format-standard","5":"has-post-thumbnail","7":"category-salud","8":"tag-cancer","9":"tag-cancer-de-mama","10":"tag-compromis","11":"tag-comunitat-valenciana","12":"tag-diagnostico","13":"tag-es","14":"tag-espana","15":"tag-espera","16":"tag-gloria","17":"tag-he","18":"tag-health","19":"tag-mamografia","20":"tag-medicos","21":"tag-mujeres","22":"tag-pruebas","23":"tag-salud","24":"tag-spain","25":"tag-tello"},"share_on_mastodon":{"url":"","error":""},"_links":{"self":[{"href":"https:\/\/www.europesays.com\/es\/wp-json\/wp\/v2\/posts\/158575","targetHints":{"allow":["GET"]}}],"collection":[{"href":"https:\/\/www.europesays.com\/es\/wp-json\/wp\/v2\/posts"}],"about":[{"href":"https:\/\/www.europesays.com\/es\/wp-json\/wp\/v2\/types\/post"}],"author":[{"embeddable":true,"href":"https:\/\/www.europesays.com\/es\/wp-json\/wp\/v2\/users\/2"}],"replies":[{"embeddable":true,"href":"https:\/\/www.europesays.com\/es\/wp-json\/wp\/v2\/comments?post=158575"}],"version-history":[{"count":0,"href":"https:\/\/www.europesays.com\/es\/wp-json\/wp\/v2\/posts\/158575\/revisions"}],"wp:featuredmedia":[{"embeddable":true,"href":"https:\/\/www.europesays.com\/es\/wp-json\/wp\/v2\/media\/158576"}],"wp:attachment":[{"href":"https:\/\/www.europesays.com\/es\/wp-json\/wp\/v2\/media?parent=158575"}],"wp:term":[{"taxonomy":"category","embeddable":true,"href":"https:\/\/www.europesays.com\/es\/wp-json\/wp\/v2\/categories?post=158575"},{"taxonomy":"post_tag","embeddable":true,"href":"https:\/\/www.europesays.com\/es\/wp-json\/wp\/v2\/tags?post=158575"}],"curies":[{"name":"wp","href":"https:\/\/api.w.org\/{rel}","templated":true}]}}