{"id":158577,"date":"2025-10-05T22:52:08","date_gmt":"2025-10-05T22:52:08","guid":{"rendered":"https:\/\/www.europesays.com\/es\/158577\/"},"modified":"2025-10-05T22:52:08","modified_gmt":"2025-10-05T22:52:08","slug":"madrid-enloquece-al-ritmo-de-gloria-estefan-he-venido-a-escucharla-a-colon-porque-en-cuba-esta-prohibida-el-mundo","status":"publish","type":"post","link":"https:\/\/www.europesays.com\/es\/158577\/","title":{"rendered":"Madrid enloquece al ritmo de Gloria Estefan: &quot;He venido a escucharla a Col\u00f3n porque en Cuba est\u00e1 prohibida&quot; &#8211; El Mundo"},"content":{"rendered":"<ol>\n<li><a href=\"https:\/\/news.google.com\/rss\/articles\/CBMiekFVX3lxTE9jTWNDaE5LbzVIcGNkNUhUa0g4VXNVWjBzNXFwSmZyQTNhLUVodElyMGtmM0pNeFZHamRZQXlNOS1hMGhsMVNTSmFLWEJGcUNVeDFsYkl0cURIN0F3bEw1YzR6djhhTnd4VExfd3ltdURRa2UyMjlmT3lR0gF6QVVfeXFMUGh6OFBDQ0d4RlRiMFY1c3ZVVDdZZkpwNmhZWjVEay01VDl5dkhIOEstTEp2ZEJrOG1FYlJKbW9FT201aGdaRDlJcmRrTnRMd2RRWXB1WE5FdkEtdFh3S3hGVi1mSjFYTnB6ZTB0T0JnTUI1U3k5NEo2Wnc?oc=5\" target=\"_blank\" rel=\"nofollow noopener\">Madrid enloquece al ritmo de Gloria Estefan: \u00abHe venido a escucharla a Col\u00f3n porque en Cuba est\u00e1 prohibida\u00bb<\/a>&nbsp;&nbsp;El Mundo<\/li>\n<li><a href=\"https:\/\/news.google.com\/rss\/articles\/CBMixgFBVV95cUxNNzUwQUdtSHM2M1Z2aldvYmxueHY3Um1SQ1NscWFvcjBKRUZwNU04M2lSdWY3UHFiNjM4V2NDOF9Xb2lNa2VBNHJVQTJ1Rndra2VKQzYwQXhMa3ZnXzF3VTJpTy1JM3g5ajlGbGRXRXBjWEFzMHRwMVg1QXl6dnE5aEh6OEdhdmFQTHVHVjNVVTdIME5MNW5CWjBfRHJpdW96dm9zeTlUSDFKeUhVb2xudkVtaVBGNUFETHJqc0dlRUlRWl9va2c?oc=5\" target=\"_blank\" rel=\"nofollow noopener\">Gloria Estefan le sale rana a Ayuso y elogia a los inmigrantes de todas las culturas<\/a>&nbsp;&nbsp;EL PA\u00cdS<\/li>\n<li><a href=\"https:\/\/news.google.com\/rss\/articles\/CBMi3gFBVV95cUxOWlY5dEc3VUZyYU1qV1FsUEM4a2NfQTRtcWQwZTUybzNxUlhjREdTQ3NsN0xfRXdQWWhMU3NTSGZleUJGc3RwNlhmUDJudUFoQVBvZUZ4U0ZBYW13MjhFclFKSU5rTndBazB3UTkzM3VVYkEtNW53NU9Ga2lVTXRSWllpU1pSeV9yTDQwZ3J1ZGJFQ3R4bWdXak9qb1prMWlZWmdYb3BoMGpkUl91Mi1XOThJZVJhcTVPYjZRcUx4bU9nM0lnZzJWTjl1bHBuRmFqTUdIMWdrbDdBaU1BbHc?oc=5\" target=\"_blank\" rel=\"nofollow noopener\">M\u00e1s de 3.200 personas de 23 pa\u00edses desfilan por la Gran V\u00eda en la Cabalgata por la Hispanidad<\/a>&nbsp;&nbsp;La Vanguardia<\/li>\n<li><a href=\"https:\/\/news.google.com\/rss\/articles\/CBMipAFBVV95cUxOdmxHdmpmMVJycEduSXNDdm9sUUdPQzFiT3BBZ2Z4bUZyNTRrQUxiQ0lpZ055VjFpOUJOYzJRT2hxSlBwRS0wRzJWQnJEb0pNcmZoMjFKelBFSER4UjZiRFBpSVNYdHZzWVEyVElUajVaV0lfMnc1ZVZ4ZEFLM19YajJ1ajFEa2pjd3paOG8takV1aV9nQUQyd0doUUR6ODd5SFJuaQ?oc=5\" target=\"_blank\" rel=\"nofollow noopener\">Gloria Estefan llena la Plaza de Col\u00f3n con un concierto gratuito por la Hispanidad<\/a>&nbsp;&nbsp;ABC<\/li>\n<li><a href=\"https:\/\/news.google.com\/rss\/articles\/CBMizwFBVV95cUxNSk5fX0FHNkJvdUxsbFBNbmx4VnVxbUpvcUlDdnZwc3NZOUN2b3l4eC1IY01WTDJvTFBuV3M0MER2T1J2UXNRMUozX0ZrcnhVX3RRRmMtTzdjMjBQZzJqSDEwM3RPZHJpOGRISHFqbFphTncwVXdWQnc4SEJnN0h5RDVIUG1YcHl6Z3N3ZUVDYmVtdERXdXRlZ1VFODlwTTJkS21SSElkV0NNYnZqT044THhfTmdXZktCSGdGdUpVN0hVc1RCNWdBSlRhcVZueVU?oc=5\" target=\"_blank\" rel=\"nofollow noopener\">Gloria Estefan le canta \u2018Con los a\u00f1os que me quedan\u2019 a Emilio y su hija Emily debuta ante los madrile\u00f1os: reuni\u00f3n familiar en el gran concierto de la Hispanidad 2025<\/a>&nbsp;&nbsp;Vanity Fair Espa\u00f1a<\/li>\n<\/ol>\n","protected":false},"excerpt":{"rendered":"Madrid enloquece al ritmo de Gloria Estefan: \u00abHe venido a escucharla a Col\u00f3n porque en Cuba est\u00e1 prohibida\u00bb&nbsp;&nbsp;El&hellip;\n","protected":false},"author":2,"featured_media":158578,"comment_status":"","ping_status":"","sticky":false,"template":"","format":"standard","meta":{"footnotes":""},"categories":[91],"tags":[146,147,25,24,205,23],"class_list":{"0":"post-158577","1":"post","2":"type-post","3":"status-publish","4":"format-standard","5":"has-post-thumbnail","7":"category-entretenimiento","8":"tag-entertainment","9":"tag-entretenimiento","10":"tag-es","11":"tag-espana","12":"tag-madrid","13":"tag-spain"},"share_on_mastodon":{"url":"","error":""},"_links":{"self":[{"href":"https:\/\/www.europesays.com\/es\/wp-json\/wp\/v2\/posts\/158577","targetHints":{"allow":["GET"]}}],"collection":[{"href":"https:\/\/www.europesays.com\/es\/wp-json\/wp\/v2\/posts"}],"about":[{"href":"https:\/\/www.europesays.com\/es\/wp-json\/wp\/v2\/types\/post"}],"author":[{"embeddable":true,"href":"https:\/\/www.europesays.com\/es\/wp-json\/wp\/v2\/users\/2"}],"replies":[{"embeddable":true,"href":"https:\/\/www.europesays.com\/es\/wp-json\/wp\/v2\/comments?post=158577"}],"version-history":[{"count":0,"href":"https:\/\/www.europesays.com\/es\/wp-json\/wp\/v2\/posts\/158577\/revisions"}],"wp:featuredmedia":[{"embeddable":true,"href":"https:\/\/www.europesays.com\/es\/wp-json\/wp\/v2\/media\/158578"}],"wp:attachment":[{"href":"https:\/\/www.europesays.com\/es\/wp-json\/wp\/v2\/media?parent=158577"}],"wp:term":[{"taxonomy":"category","embeddable":true,"href":"https:\/\/www.europesays.com\/es\/wp-json\/wp\/v2\/categories?post=158577"},{"taxonomy":"post_tag","embeddable":true,"href":"https:\/\/www.europesays.com\/es\/wp-json\/wp\/v2\/tags?post=158577"}],"curies":[{"name":"wp","href":"https:\/\/api.w.org\/{rel}","templated":true}]}}