{"id":158589,"date":"2025-10-05T22:58:20","date_gmt":"2025-10-05T22:58:20","guid":{"rendered":"https:\/\/www.europesays.com\/es\/158589\/"},"modified":"2025-10-05T22:58:20","modified_gmt":"2025-10-05T22:58:20","slug":"el-balonmano-zamora-perdio-su-primer-partido-de-la-temporada-27-30-el-dia-de-zamora","status":"publish","type":"post","link":"https:\/\/www.europesays.com\/es\/158589\/","title":{"rendered":"EL Balonmano Zamora perdi\u00f3 su primer partido de la temporada: 27-30 | El D\u00eda de Zamora"},"content":{"rendered":"<p>El partido comenz\u00f3 con posesiones largas que hicieron que el marcador se moviera con lentitud. Sirva como ejemplo que el Covadonga no anot\u00f3 hasta el minuto 4, una circunstancia que los pistachos no supieron sacar r\u00e9ditos, ya que solo hab\u00edan marcado 1 gol en ese mismo periodo.<\/p>\n<p>\u00a0<\/p>\n<p>El partido se fue desperezando poco a poco y fue el visitante quien dio 2 veces, hasta ponerse por delante en el luminoso y llegar a estar con 3 goles de ventaja en el minuto 16 (6-9). Los pistachos reaccionaron y en minuto 25 empataban a 12 para irse al descanso con un 14-13 que no convenc\u00eda seg\u00fan se desarrollaron los primeros 30 minutos.<\/p>\n<p>\u00a0<\/p>\n<p>Los temores se cumplieron en la reanudaci\u00f3n, con un Covadonga que hac\u00eda los deberes poniendo el ritmo que le interesaba para volver a ponerse por delante en el marcador y mantenerlo hasta el final.<\/p>\n<p>\u00a0<\/p>\n<p>Como dir\u00eda Moj\u00f3n al final del choque, \u201chemos perdido ante un rival que no es superior a nosotros\u201d y aunque reconoc\u00eda el escozor de la derrota, \u201cnos puede servir como algo positivo y saber que, en esta liga, cualquiera te puede hacer da\u00f1o\u201d. Aunque el equipo comenz\u00f3 bien, poco a poco se fue diluyendo, surgiendo el problema que arrastran desde el principio de temporada, que no es otro que el porcentaje de fallos en ataque, en situaciones que parecen claras y no se concretan. \u201cTendremos que analizarlo para evitar que siempre el portero rival sea el mejor de su equipo\u201d.<\/p>\n<p>\u00a0<\/p>\n<p>Todo ello, unido a esos bajones del equipo, que incluso se conf\u00eda demasiado en poder remontar y no siempre ser\u00e1 as\u00ed, como se ha demostrado hoy. \u201cNos ha faltado criterio y malas decisiones, algo que hab\u00edamos entrenado, pero no hemos conseguido superar ante un equipo que defend\u00eda atr\u00e1s, sobre la l\u00ednea\u201d.<\/p>\n","protected":false},"excerpt":{"rendered":"El partido comenz\u00f3 con posesiones largas que hicieron que el marcador se moviera con lentitud. Sirva como ejemplo&hellip;\n","protected":false},"author":2,"featured_media":158590,"comment_status":"","ping_status":"","sticky":false,"template":"","format":"standard","meta":{"footnotes":""},"categories":[278],"tags":[2709,376,4066,168,1639,4374,3141,25,24,282,375,701,9,10,1925,4069,6436,23,167,913,2946],"class_list":{"0":"post-158589","1":"post","2":"type-post","3":"status-publish","4":"format-standard","5":"has-post-thumbnail","7":"category-balonmano","8":"tag-articulo","9":"tag-balonmano","10":"tag-benavente","11":"tag-deportes","12":"tag-digital","13":"tag-elecciones","14":"tag-entrevista","15":"tag-es","16":"tag-espana","17":"tag-futbol","18":"tag-handball","19":"tag-independiente","20":"tag-news","21":"tag-noticias","22":"tag-opinion","23":"tag-periodico","24":"tag-provincia","25":"tag-spain","26":"tag-sports","27":"tag-toro","28":"tag-zamora"},"share_on_mastodon":{"url":"","error":""},"_links":{"self":[{"href":"https:\/\/www.europesays.com\/es\/wp-json\/wp\/v2\/posts\/158589","targetHints":{"allow":["GET"]}}],"collection":[{"href":"https:\/\/www.europesays.com\/es\/wp-json\/wp\/v2\/posts"}],"about":[{"href":"https:\/\/www.europesays.com\/es\/wp-json\/wp\/v2\/types\/post"}],"author":[{"embeddable":true,"href":"https:\/\/www.europesays.com\/es\/wp-json\/wp\/v2\/users\/2"}],"replies":[{"embeddable":true,"href":"https:\/\/www.europesays.com\/es\/wp-json\/wp\/v2\/comments?post=158589"}],"version-history":[{"count":0,"href":"https:\/\/www.europesays.com\/es\/wp-json\/wp\/v2\/posts\/158589\/revisions"}],"wp:featuredmedia":[{"embeddable":true,"href":"https:\/\/www.europesays.com\/es\/wp-json\/wp\/v2\/media\/158590"}],"wp:attachment":[{"href":"https:\/\/www.europesays.com\/es\/wp-json\/wp\/v2\/media?parent=158589"}],"wp:term":[{"taxonomy":"category","embeddable":true,"href":"https:\/\/www.europesays.com\/es\/wp-json\/wp\/v2\/categories?post=158589"},{"taxonomy":"post_tag","embeddable":true,"href":"https:\/\/www.europesays.com\/es\/wp-json\/wp\/v2\/tags?post=158589"}],"curies":[{"name":"wp","href":"https:\/\/api.w.org\/{rel}","templated":true}]}}