{"id":158597,"date":"2025-10-05T23:13:20","date_gmt":"2025-10-05T23:13:20","guid":{"rendered":"https:\/\/www.europesays.com\/es\/158597\/"},"modified":"2025-10-05T23:13:20","modified_gmt":"2025-10-05T23:13:20","slug":"el-sevilla-abrasa-al-peor-barca-futbol-deportes","status":"publish","type":"post","link":"https:\/\/www.europesays.com\/es\/158597\/","title":{"rendered":"El Sevilla abrasa al peor Bar\u00e7a | F\u00fatbol | Deportes"},"content":{"rendered":"<p class=\"\">Aturdido todav\u00eda por el impacto que dej\u00f3 el PSG en la Champions, el Barcelona <a href=\"https:\/\/elpais.com\/deportes\/futbol\/2025-10-05\/sevilla-barcelona-en-directo-el-partido-de-la-liga-en-vivo.html\" target=\"_self\" rel=\"nofollow noopener\" title=\"https:\/\/elpais.com\/deportes\/futbol\/2025-10-05\/sevilla-barcelona-en-directo-el-partido-de-la-liga-en-vivo.html\">se venci\u00f3 tambi\u00e9n en la Liga<\/a>. No ha sido la mejor semana para el equipo de Flick despu\u00e9s de que mediara tambi\u00e9n el contencioso con la selecci\u00f3n por Lamine. Los azulgrana han perdido el hilo del juego, irreconocibles como equipo e individualmente, despu\u00e9s de que hasta Lewandowski fallara un penalti en Nervi\u00f3n. El error del polaco desencaden\u00f3 la goleada y la euforia del Pizju\u00e1n. Hac\u00eda diez a\u00f1os que el Sevilla no ganaba en su casa al Bar\u00e7a. El liderato azulgrana ha sido tan inconsistente como su f\u00fatbol, hoy sorprendentemente desapasionado y sin encanto, alejado de la ambici\u00f3n transmitida por Flick. No se hab\u00eda visto a un equipo tan vulnerable y desinflado desde que el alem\u00e1n lleg\u00f3 al Camp Nou. Los barcelonistas no dieron pie con bola, sin fuerza ni lucidez, derrotados sin ninguna excusa por un brioso y clarividente Sevilla.<\/p>\n<p>                                                                                                                                                                                                                                                                                <img decoding=\"async\" title=\"Sevilla\" loading=\"lazy\" src=\"https:\/\/www.europesays.com\/es\/wp-content\/uploads\/2025\/10\/53.png\"  width=\"80\" height=\"80\" data-error-image=\"https:\/\/static.prisa.com\/aside\/resizer\/resize\/img\/sports\/football\/teams\/default.png?width=160&amp;height=160\"\/><\/p>\n<p>\n            4<\/p>\n<p>                                                                                                                                                                                                                                                                                                                                                                                                                                                                                                                                                                                                                                                                                                                                                                                                                                                                                                                                                                                                                                                                                                                                                                                                                                                                                                                                                                                                                                                                                                                                                                                                                                                                                                                                                                                                                                                                                                                                                                                                                                                                                                                                                                                                                                                                                                                                                                                                                                                                                                                                                                                                                                                                                                                                                                                                                                                                                                                                                                                                                                                                                                                                                                                                                                                    Odysseas Vlachodimos, Jos\u00e9 \u00c1ngel Carmona, C\u00e9sar Azpilicueta, Marc\u00e3o, Gabriel Suazo, Alexis S\u00e1nchez (Chidera Ejuke, min. 92), Djibril Sow (Nemanja Gudelj, min. 60), Batista Mendy (Peque Fern\u00e1ndez, min. 72), Rub\u00e9n Vargas (Adnan Januzaj, min. 72), Lucien Agoum\u00e9 y Isaac Romero (Akor Adams, min. 60)<\/p>\n<p>\n            1<\/p>\n<p>                                                                                                                                                                                                                                                                                <img decoding=\"async\" title=\"Barcelona\" loading=\"lazy\" src=\"https:\/\/www.europesays.com\/es\/wp-content\/uploads\/2025\/10\/1759706000_193_3.png\"  width=\"80\" height=\"80\" data-error-image=\"https:\/\/static.prisa.com\/aside\/resizer\/resize\/img\/sports\/football\/teams\/default.png?width=160&amp;height=160\"\/><\/p>\n<p>                                                                                                                                                                                                                                                                                                                                                                                                                                                                                                                                                                                                                                                                                                                                                                                                                                                                                                                                                                                                                                                                                                                                                                                                                                                                                                                                                                                                                                                                                                                                                                                                                                                                                                                                                                                                                                                                                                                                                                                                                                                                                                                                                                                                                                                                                                                                                                                                                                                                                                                                                                                                                                                                                                                                                                                                                                                                                                                                                                                                                                                                                                                                                                        Wojciech Szczesny, Gerard Mart\u00edn (Alejandro Balde, min. 45), Pau Cubars\u00ed, Jules Kound\u00e9, Ronald Araujo (Eric Garc\u00eda, min. 45), Marcus Rashford, Dani Olmo, Frenkie de Jong (Andreas Christensen, min. 87), Ferran Torres (Roony Bardghji, min. 68), Pedri y Robert Lewandowski<\/p>\n<p>\n            <b>Goles<\/b><br \/>\n                                                                                                        1-0 min. 12: Alexis.                                                                                 2-0 min. 36: Isaac Romero.                                                                                 2-1 min. 51: Rashford.                                                                                 3-1 min. 89: Jos\u00e9 \u00c1ngel Carmona.                                                                                 4-1 min. 95: Akor Adams                    <\/p>\n<p>\n            <b>Arbitro<\/b> Alejandro Mu\u00f1iz Ruiz<\/p>\n<p>Tarjetas amarillas<br \/>\n                                            Gerard Mart\u00edn (min. 15),                                             Marcao (min. 19),                                             Ferr\u00e1n Torres (min. 20),                                             Frenkie De Jong (min. 37),                                             Isaac Romero (min. 49),                                             Januzaj (min. 73),                                             Lucien Agoume (min. 80),                                             Rashford (min. 83),                                             Peque (min. 94),                                             Akor Adams (min. 96),                                             Gudelj (min. 97),                                             Ronald Ara\u00fajo (min. 100)\n                <\/p>\n<p class=\"\">Almeyda renunci\u00f3 al tercer central de costumbre para ganar a un centrocampista y armar una alineaci\u00f3n valiente con Alexis, Isaac y\u00a0 Vargas. \u201cMis estudios aseguran que si esperas al Barcelona pierdes el 98% de las veces\u201d, anunci\u00f3 el t\u00e9cnico del Sevilla para explicar su afrenta con el cl\u00e1sico 4-3-3. Almeyda se sent\u00eda Luis Enrique. La intensidad de su equipo se not\u00f3 desde el saque inicial, m\u00e1s fuerte y mejor dispuesto que un blando e indolente Bar\u00e7a. Los azulgrana, vestidos de naranja, simplemente se resguardaban de la humedad y el sol (33\u00ba), partidos por la mitad porque los delanteros no defend\u00edan y los zagueros no atacaban, los once fuera del partido de Nervi\u00f3n. El \u00fanico que se ofreci\u00f3 para el cuerpo a cuerpo fue Araujo y el \u00e1rbitro castig\u00f3 con penalti el forcejeo del uruguayo con Isaac despu\u00e9s de consultar al Var.<\/p>\n<p class=\"\">Las muchas desatenciones barcelonistas fueron penalizadas con un castigo excesivo<a href=\"https:\/\/elpais.com\/deportes\/futbol\/2025-09-12\/el-elche-se-mantiene-invicto-ante-un-sevilla-que-no-se-rindio.html\" target=\"_self\" rel=\"nofollow noopener\" title=\"https:\/\/elpais.com\/deportes\/futbol\/2025-09-12\/el-elche-se-mantiene-invicto-ante-un-sevilla-que-no-se-rindio.html\"> para suerte del Sevilla<\/a>. El Bar\u00e7a no funcionaba, fuera de onda y sin l\u00ednea de pase, reiterativo en las p\u00e9rdidas de bal\u00f3n, insensible a los cambios dispuestos por Flick, tan fall\u00f3n como sus jugadores, despu\u00e9s de juntar a Ferran y Lewandowski, recuperar a Araujo y mantener a Olmo por las lesiones de Ferm\u00edn, Gavi y Raphinha. Una formaci\u00f3n que no tuvo solidez ni delicadeza en el fragor del Pizju\u00e1n. El Sevilla dispuso de hasta cuatro ocasiones, una abortada por Szczeny y tres desaprovechadas por Isaac, hasta que el delantero acert\u00f3 finalmente por insistencia, habilitado por Vargas.<\/p>\n<p class=\"\">Al igual que ocurri\u00f3 con el PSG, las marcas individuales en la divisoria del Sevilla dejaban en fuera de juego a los volantes del Barcelona, muy especialmente a Pedri. El tinerfe\u00f1o, sin embargo, solo necesit\u00f3 una jugada para dise\u00f1ar en el tiempo a\u00f1adido el gol que cay\u00f3 despu\u00e9s de un zurdazo de Rashford. Agoum\u00e9 se abrum\u00f3 en el \u00fanico instante en que apareci\u00f3 la presi\u00f3n azulgrana y el Bar\u00e7a celebr\u00f3 el 2-1 despu\u00e9s de un largo rato en que solo se anunciaban goles en el arco de Szczesny. El tanto y los cambios de Balde y Eric mejoraron durante unos minutos a los barcelonistas, m\u00e1s compactos y fluidos en la medular, de la misma manera que mengu\u00f3 la energ\u00eda del Sevilla, encomendado a las jugadas de estrategia, como se advirti\u00f3 en un c\u00f3rner rematado por Marc\u00e3o, solamente reducido por Szczesny. La jugada volvi\u00f3 a envalentonar al Sevilla.<\/p>\n<p class=\"\">El encuentro se abri\u00f3 hasta que se arrimaron los centrales y los laterales azulgrana, protagonistas de la mayor\u00eda de los remates y llegadas ante Vlachodimos, como la de Balde, que fue abatido por el reci\u00e9n salido Januzaj. El penalti propici\u00f3 la comparecencia del inocuo Lewandowski. El polaco, sin embargo, chut\u00f3 el bal\u00f3n fuera para alivio del Sevilla. Aunque no menguaron las concesiones de la defensa local, dos desaprovechadas por Roony, las transiciones del equipo de Almeyda rompieron definitivamente al Bar\u00e7a. Carmona y Adams certificaron la primera victoria del Sevilla en Nervi\u00f3n y acabaron con la condici\u00f3n de invicto del Barcelona.<\/p>\n<p class=\"\">Los rivales han aprendido c\u00f3mo\u00a0 jugarle al Bar\u00e7a. El equipo de Flick ha perdido la pelota y\u00a0 no sabe c\u00f3mo se recupera, incapaz de presionar, el signo de distinci\u00f3n que le permiti\u00f3 ganar la Liga. Las dudas parecen embargar a los barcelonistas, cansados e\u00a0 igual de fr\u00e1giles futbolistica que mentalmente, necesitados de resetear su idea despu\u00e9s de perder fuego, derrotados por PSG y Sevilla, con y sin Lamine.<\/p>\n","protected":false},"excerpt":{"rendered":"Aturdido todav\u00eda por el impacto que dej\u00f3 el PSG en la Champions, el Barcelona se venci\u00f3 tambi\u00e9n en&hellip;\n","protected":false},"author":2,"featured_media":158598,"comment_status":"","ping_status":"","sticky":false,"template":"","format":"standard","meta":{"footnotes":""},"categories":[93],"tags":[1540,168,1539,25,24,37963,881,4970,282,1538,1210,2991,2993,23,167],"class_list":{"0":"post-158597","1":"post","2":"type-post","3":"status-publish","4":"format-standard","5":"has-post-thumbnail","7":"category-deportes","8":"tag-competiciones","9":"tag-deportes","10":"tag-entrenadores","11":"tag-es","12":"tag-espana","13":"tag-estadio-ramon-sanchez-pizjuan","14":"tag-fc-barcelona","15":"tag-flick","16":"tag-futbol","17":"tag-futbolistas","18":"tag-laliga-ea-sports","19":"tag-matias-almeyda","20":"tag-sevilla-futbol-club","21":"tag-spain","22":"tag-sports"},"share_on_mastodon":{"url":"","error":""},"_links":{"self":[{"href":"https:\/\/www.europesays.com\/es\/wp-json\/wp\/v2\/posts\/158597","targetHints":{"allow":["GET"]}}],"collection":[{"href":"https:\/\/www.europesays.com\/es\/wp-json\/wp\/v2\/posts"}],"about":[{"href":"https:\/\/www.europesays.com\/es\/wp-json\/wp\/v2\/types\/post"}],"author":[{"embeddable":true,"href":"https:\/\/www.europesays.com\/es\/wp-json\/wp\/v2\/users\/2"}],"replies":[{"embeddable":true,"href":"https:\/\/www.europesays.com\/es\/wp-json\/wp\/v2\/comments?post=158597"}],"version-history":[{"count":0,"href":"https:\/\/www.europesays.com\/es\/wp-json\/wp\/v2\/posts\/158597\/revisions"}],"wp:featuredmedia":[{"embeddable":true,"href":"https:\/\/www.europesays.com\/es\/wp-json\/wp\/v2\/media\/158598"}],"wp:attachment":[{"href":"https:\/\/www.europesays.com\/es\/wp-json\/wp\/v2\/media?parent=158597"}],"wp:term":[{"taxonomy":"category","embeddable":true,"href":"https:\/\/www.europesays.com\/es\/wp-json\/wp\/v2\/categories?post=158597"},{"taxonomy":"post_tag","embeddable":true,"href":"https:\/\/www.europesays.com\/es\/wp-json\/wp\/v2\/tags?post=158597"}],"curies":[{"name":"wp","href":"https:\/\/api.w.org\/{rel}","templated":true}]}}