{"id":158600,"date":"2025-10-05T23:15:13","date_gmt":"2025-10-05T23:15:13","guid":{"rendered":"https:\/\/www.europesays.com\/es\/158600\/"},"modified":"2025-10-05T23:15:13","modified_gmt":"2025-10-05T23:15:13","slug":"en-granada-siempre-pasan-cosas-bonitas","status":"publish","type":"post","link":"https:\/\/www.europesays.com\/es\/158600\/","title":{"rendered":"En Granada siempre pasan cosas bonitas"},"content":{"rendered":"<p id=\"eZpItj6sI2\" data-wc=\"67\"><strong>Andrea Duro est\u00e1 plet\u00f3rica<\/strong>. La actriz ha anunciado este s\u00e1bado que se va a casar con un carrusel de im\u00e1genes en las que muestra su emoci\u00f3n y su precioso anillo. <strong>Su pareja, un hombre cuyo nombre se desconoce y a quien ha mantenido en la m\u00e1s estricta intimidad<\/strong> desde que su relaci\u00f3n comenzase, s\u00ed aparece en las im\u00e1genes que la int\u00e9rprete ha compartido en sus redes sociales.\u00a0<\/p>\n<p> <img src=\"https:\/\/www.europesays.com\/es\/wp-content\/uploads\/2025\/10\/35a6433acaae-snapinstato559366688185334161200090536701054364578587183n.jpg\"   width=\"768\" height=\"1024\" loading=\"lazy\" decoding=\"async\" alt=\"Andrea Duro, con su anillo de compromiso\" fetchpriority=\"auto\" class=\"image ho-image\"\/>\u00a9 @andreaduroAndrea Duro, con su anillo de compromiso<\/p>\n<p id=\"e0Wjib8TIhm\" data-wc=\"107\"><strong>\u00abEn Granada siempre pasan cosas bonitas\u00bb<\/strong>, ha expresado junto a dos fotos en las que no ha dudado en mostrar su precioso anillo de boda:<strong>\u00a0plateado, y con un detalle de flor en la parte delantera<\/strong>. Las im\u00e1genes ven\u00edan acompa\u00f1adas de un v\u00eddeo que inmortaliz\u00f3 el momento de la pedida: se produjo en medio de una comida en un restaurante y Andrea estaba desbordada por la emoci\u00f3n, pero finalmente lo acab\u00f3 borrando. Ya fuera por impulsividad o por error, la actriz quiso que ese momento tan especial y \u00fanico no estuviera disponible al p\u00fablico, tambi\u00e9n para <strong>respetar la privacidad de su pareja, un hombre del todo misterioso<\/strong>.\u00a0<\/p>\n<p> <img src=\"https:\/\/www.europesays.com\/es\/wp-content\/uploads\/2025\/10\/a54ded2a66eb-snapinstato559350612185334161350090533273399910177331140n.jpg\"   width=\"768\" height=\"1024\" loading=\"lazy\" decoding=\"async\" alt=\"Andrea Duro anuncia que se casa\" fetchpriority=\"auto\" class=\"image ho-image\"\/>\u00a9 @andreaduroAndrea Duro anuncia que se casa<\/p>\n<p id=\"etkn-P6r8Q\" data-wc=\"113\">Su futuro marido, cuyo nombre se desconoce, trabaja en el mundo audiovisual y <strong>ambos se conocieron durante el rodaje de Arcadia, la serie que produce Secuoya Films y que la int\u00e9rprete grab\u00f3 en Canarias<\/strong> junto a William Levy, su protagonista. Todo apunta a que, tras la ruptura de Andrea con el jugador de p\u00e1del Ale Gal\u00e1n en abril de 2024, \u00e9l entr\u00f3 en escena. Aunque no sube muchas fotos junto a \u00e9l, sus redes sociales s\u00ed son un discreto escaparate de su amor. En el mes de mayo comparti\u00f3 un posado de ambos, acompa\u00f1ado de un tierno mensaje: <strong>\u00abMi mejor compa\u00f1\u00eda\u00bb<\/strong>, y en verano hizo lo propio tras su rom\u00e1ntica escapada a Par\u00eds.<\/p>\n<p> <img src=\"https:\/\/www.europesays.com\/es\/wp-content\/uploads\/2025\/10\/2dd4f1ca4a27-snapinstato502859801185093275870090534492786955589689594n.jpg\"   width=\"1024\" height=\"688\" loading=\"lazy\" decoding=\"async\" alt=\"Andrea Duro anuncia por sorpresa su compromiso\" fetchpriority=\"auto\" class=\"image ho-image\"\/>Andrea Duro junto a su futuro marido<\/p>\n<p id=\"egbijFFChLm\" data-wc=\"74\">Andrea, conocida por su papel de Yoli en F\u00edsica o Qu\u00edmica, <a class=\"hm-link ho-link\" href=\"https:\/\/www.hola.com\/actualidad\/20250316818919\/andrea-duro-posa-parece-increible-hayan-pasado-17-anyos-fisica-o-quimica\/\" data-mrf-recirculation=\"article-body-link\" rel=\"nofollow noopener\" target=\"_blank\">habl\u00f3 hace unos meses con la revista \u00a1HOLA! acerca de su futuro, su presente y su pasado<\/a>. La actriz no es la \u00fanica de la factor\u00eda FoQ que ha encontrado en el 2025 su a\u00f1o de la fortuna: su compa\u00f1era de reparto, <a class=\"hm-link ho-link\" href=\"https:\/\/www.hola.com\/actualidad\/20250909854809\/ursula-cobero-chino-darin-embarazo-hijo\/\" data-mrf-recirculation=\"article-body-link\" rel=\"nofollow noopener\" target=\"_blank\">\u00darsula Corber\u00f3, anunci\u00f3 hace unas semanas que espera su primer beb\u00e9 junto al argentino Chino Dar\u00edn<\/a>, su pareja desde hace a\u00f1os.<\/p>\n<p> <img src=\"https:\/\/www.europesays.com\/es\/wp-content\/uploads\/2025\/10\/d32a812942f7-snapinstato521961317185188455010090536583912198580520771n.jpg\"   width=\"819\" height=\"1024\" loading=\"lazy\" decoding=\"async\" alt=\"Andrea Duro comparti\u00f3 una imagen de su viaje a Par\u00eds junto a su prometido\" fetchpriority=\"auto\" class=\"image ho-image\"\/>\u00a9 @andreaduroAndrea Duro comparti\u00f3 una imagen de su viaje a Par\u00eds junto a su prometido<\/p>\n<p id=\"efmaDXE4OY\" data-wc=\"103\">Andrea, que ha vivido de todo en lo que a su curr\u00edculo amoroso se refiere, parece haber encontrado la paz que tanto anhelaba. <strong>\u00abEstoy en un momento muy bueno. Me espera un a\u00f1o lleno de cosas buenas y quiero disfrutarlo al m\u00e1ximo\u00bb<\/strong>, contaba a esta revista hace unos meses, coincidiendo con el estreno de La Favorita 1922. \u00abSupongo que si hay alg\u00fan cambio es gracias a la madurez. <strong>Seg\u00fan pasan los a\u00f1os, te vas encontrando y ubicando, sabiendo lo que quieres y con qui\u00e9n quieres compartir tu vida<\/strong>. Sigo siendo muy curiosa, inquieta y entusiasta; son cosas que espero no perder nunca\u00bb, admit\u00eda.<\/p>\n<p> <img src=\"https:\/\/www.europesays.com\/es\/wp-content\/uploads\/2025\/10\/37c5dd901ff1-dlu578564043.jpg\"   width=\"1024\" height=\"675\" loading=\"lazy\" decoding=\"async\" alt=\"Media Image\" fetchpriority=\"auto\" class=\"image ho-image\"\/>\u00a9 GTRES<\/p>\n<p id=\"eV7_McmtqQo\" data-wc=\"108\">Tras varios aprendizajes vitales dentro y fuera del set de rodaje, Andrea lo tiene claro: \u00abH<strong>e encontrado mucha m\u00e1s calma<\/strong>, conocimiento de m\u00ed misma, he aprendido cu\u00e1les son mis l\u00edmites, <strong>he reforzado mi autoestima\u00a0<\/strong>y he aprendido a convivir con todo lo que acarrea ser actriz\u00bb, admit\u00eda. En su entrevista con \u00a1HOLA! no dud\u00f3 en rememorar todo lo que Yoli le brind\u00f3 cuando comenzaba a dar sus primeros pasos como int\u00e9rprete. \u00ab\u00bfQu\u00e9 recuerdo de aquellos a\u00f1os de F\u00edsica o Qu\u00edmica? Fui feliz. Me parece incre\u00edble que hayan pasado 17 a\u00f1os, pero me siento orgullosa de seguir y de poder mirar atr\u00e1s y sentir tanto amor y cari\u00f1o\u00bb, admit\u00eda.\u00a0<\/p>\n<p> <img src=\"https:\/\/www.europesays.com\/es\/wp-content\/uploads\/2025\/10\/eb99226f5ff0-gettyimages-2205942015.jpg\"   width=\"682\" height=\"1024\" loading=\"lazy\" decoding=\"async\" alt=\"Los mejores looks en la alfombra roja del festival de M\u00e1laga\" fetchpriority=\"auto\" class=\"image ho-image\"\/>\u00a9 Getty ImagesAndrea Duro en el Festival de M\u00e1laga 2025<\/p>\n","protected":false},"excerpt":{"rendered":"Andrea Duro est\u00e1 plet\u00f3rica. La actriz ha anunciado este s\u00e1bado que se va a casar con un carrusel&hellip;\n","protected":false},"author":2,"featured_media":158601,"comment_status":"","ping_status":"","sticky":false,"template":"","format":"standard","meta":{"footnotes":""},"categories":[91],"tags":[517,47229,146,147,25,24,23],"class_list":{"0":"post-158600","1":"post","2":"type-post","3":"status-publish","4":"format-standard","5":"has-post-thumbnail","7":"category-entretenimiento","8":"tag-actualidad","9":"tag-andrea-duro","10":"tag-entertainment","11":"tag-entretenimiento","12":"tag-es","13":"tag-espana","14":"tag-spain"},"share_on_mastodon":{"url":"","error":""},"_links":{"self":[{"href":"https:\/\/www.europesays.com\/es\/wp-json\/wp\/v2\/posts\/158600","targetHints":{"allow":["GET"]}}],"collection":[{"href":"https:\/\/www.europesays.com\/es\/wp-json\/wp\/v2\/posts"}],"about":[{"href":"https:\/\/www.europesays.com\/es\/wp-json\/wp\/v2\/types\/post"}],"author":[{"embeddable":true,"href":"https:\/\/www.europesays.com\/es\/wp-json\/wp\/v2\/users\/2"}],"replies":[{"embeddable":true,"href":"https:\/\/www.europesays.com\/es\/wp-json\/wp\/v2\/comments?post=158600"}],"version-history":[{"count":0,"href":"https:\/\/www.europesays.com\/es\/wp-json\/wp\/v2\/posts\/158600\/revisions"}],"wp:featuredmedia":[{"embeddable":true,"href":"https:\/\/www.europesays.com\/es\/wp-json\/wp\/v2\/media\/158601"}],"wp:attachment":[{"href":"https:\/\/www.europesays.com\/es\/wp-json\/wp\/v2\/media?parent=158600"}],"wp:term":[{"taxonomy":"category","embeddable":true,"href":"https:\/\/www.europesays.com\/es\/wp-json\/wp\/v2\/categories?post=158600"},{"taxonomy":"post_tag","embeddable":true,"href":"https:\/\/www.europesays.com\/es\/wp-json\/wp\/v2\/tags?post=158600"}],"curies":[{"name":"wp","href":"https:\/\/api.w.org\/{rel}","templated":true}]}}