{"id":158605,"date":"2025-10-05T23:18:13","date_gmt":"2025-10-05T23:18:13","guid":{"rendered":"https:\/\/www.europesays.com\/es\/158605\/"},"modified":"2025-10-05T23:18:13","modified_gmt":"2025-10-05T23:18:13","slug":"jose-luis-espert-renuncio-a-su-candidatura-como-diputado-nacional-y-milei-advirtio-no-somos-lo-mismo","status":"publish","type":"post","link":"https:\/\/www.europesays.com\/es\/158605\/","title":{"rendered":"Jos\u00e9 Luis Espert renunci\u00f3 a su candidatura como diputado nacional y Milei advirti\u00f3: \u00abNo somos lo mismo\u00bb"},"content":{"rendered":"<p class=\"com-paragraph   --s\"><strong>Jos\u00e9 Luis Espert <\/strong>renunci\u00f3 este domingo por la tarde a su candidatura como diputado nacional por la provincia de Buenos Aires. En medio de las contradicciones suyas sobre el v\u00ednculo que mantuvo con el empresario acusado de lavar dinero del narco <strong>Federico Andr\u00e9s \u201cFred\u201d Machado<\/strong>, el legislador cont\u00f3 en <a href=\"https:\/\/x.com\/jlespert\/status\/1974954180063199272\" rel=\"nofollow\" target=\"_blank\" title=\"https:\/\/x.com\/jlespert\/status\/1974954180063199272\" class=\"com-link break-word\" data-mrf-recirculation=\"n_link_parrafo\">un posteo en X<\/a> que puso a disposici\u00f3n su renuncia a su postulaci\u00f3n de cara al 26 de octubre, que fue aceptado por el presidente Javier Milei.<\/p>\n<p class=\"com-paragraph   --s\"><a href=\"https:\/\/www.lanacion.com.ar\/politica\/operacion-maliciosa-que-dijo-milei-tras-la-renuncia-de-espert-a-su-candidatura-nid05102025\/\" target=\"_self\" title=\"https:\/\/www.lanacion.com.ar\/politica\/operacion-maliciosa-que-dijo-milei-tras-la-renuncia-de-espert-a-su-candidatura-nid05102025\/\" class=\"com-link break-word\" data-mrf-recirculation=\"n_link_parrafo\" rel=\"nofollow noopener\">El jefe de Estado sostuvo que no se puede poner en riesgo el proceso electoral<\/a> y advirti\u00f3: \u201cAunque nos quieran ensuciar, no somos lo mismo\u201d, manifest\u00f3, a contramano de d\u00edas previos, cuando lo ratific\u00f3 en m\u00e1s de una oportunidad pese a las pruebas de haber recibido dinero a su nombre por parte de Machado y haberse trasladado en vuelos y una camioneta que brind\u00f3 el empresario, que enfrenta un proceso judicial en Estados Unidos.<strong> <\/strong><\/p>\n<p class=\"com-paragraph   --s\"><strong>\u201cYo no tengo nada que ocultar, demostrar\u00e9 mi inocencia ante la Justicia\u201d<\/strong>, escribi\u00f3 Espert. A lo largo de la extensa publicaci\u00f3n, y en sinton\u00eda con Milei, el titular de la Comisi\u00f3n de Presupuesto de la C\u00e1mara baja se refiri\u00f3 a una<strong> \u201coperaci\u00f3n orquestada por un sistema que destruy\u00f3 a la Argentina por d\u00e9cadas y sostenido por un despiadado juicio medi\u00e1tico hacia mi persona, al que no me seguir\u00e9 prestando\u201d.<\/strong><\/p>\n<p class=\"com-paragraph   --s\">\u201cA diferencia de los que, ante cada campa\u00f1a electoral, utilizan las mismas armas, yo no tengo nada que ocultar y demostrar\u00e9 mi inocencia ante la Justicia, sin fueros ni privilegios. <strong>El tiempo demostrar\u00e1 que todo esto fue una gran mentira para ensuciar este proceso electoral y as\u00ed evitar discutir lo que los argentinos tenemos que hacer para cambiar el rumbo de nuestro pa\u00eds<\/strong>\u201d, enfatiz\u00f3 Espert en otro pasaje del tuit.<\/p>\n<p>El diputado nacional Jos\u00e9 Luis EspertSantiago Oroz<\/p>\n<p class=\"com-paragraph   --s\"><strong>Dijo desear que \u201clos argentinos vivamos como merecemos\u201d y es por ello que no puede permitir que \u201cel proyecto de pa\u00eds que emprendimos con tanto esfuerzo se desmorone\u201d<\/strong>. Aconsej\u00f3 a los dirigentes y compa\u00f1eros de ruta de La Libertad Avanza (LLA) que \u201cno se dejen psicopatear\u201d y cerr\u00f3 con un pedido.<\/p>\n<p class=\"com-paragraph   --s\">\u201c<strong>Las explicaciones que hagan falta ser\u00e1n dadas a su debido momento y en donde corresponde<\/strong>. Utilicen cada segundo que queda hasta la elecci\u00f3n para explicarle a los argentinos la oportunidad que tenemos por delante, que no podemos dilapidar nuestro esfuerzo, y que este es el \u00fanico camino posible para recuperar el futuro. El tiempo demostrar\u00e1 que no somos todos lo mismo. Con afecto y agradecimiento, Jos\u00e9 Luis Espert\u00bb, concluy\u00f3.<\/p>\n<p class=\"com-paragraph   --s\">Segundos despu\u00e9s de que el legislador por el oficialismo anunciar\u00e1 que dar\u00e1 un paso al costado a 20 d\u00edas de los comicios, <strong>el l\u00edder del Ejecutivo ofreci\u00f3 respuesta a su posteo con algunas reflexiones.<\/strong><\/p>\n<p class=\"com-paragraph   --s\"><strong>\u201cEl proceso de cambio profundo que estamos llevando adelante es lo \u00fanico que importa. No vamos a permitir que una operaci\u00f3n maliciosa lo ponga en riesgo\u201d<\/strong>, se explay\u00f3 al criticar lo que considera una acusaci\u00f3n contra Espert de parte de la oposici\u00f3n y en tono eleccionario.<\/p>\n<p class=\"com-paragraph   --s\">\u201cEsto es una causa al servicio de cambiar el pa\u00eds. La Argentina siempre est\u00e1 por encima de las personas. Garantizar el cambio es m\u00e1s importante que cualquiera de nosotros. <strong>Aunque nos quieran ensuciar, no somos lo mismo. LLA o Argentina retrocede<\/strong>\u201d, cerr\u00f3 el mandatario nacional.<\/p>\n<p class=\"com-paragraph   --s\"><a href=\"https:\/\/x.com\/PatoBullrich\/status\/1974962348789047563\" rel=\"nofollow\" target=\"_blank\" title=\"https:\/\/x.com\/PatoBullrich\/status\/1974962348789047563\" class=\"com-link break-word\" data-mrf-recirculation=\"n_link_parrafo\">Quien tambi\u00e9n se manifest\u00f3 al respecto fue <strong>Patricia Bullrich<\/strong><\/a>. En reiteradas oportunidades, la ministra de Seguridad<a href=\"https:\/\/www.lanacion.com.ar\/politica\/narcotrafico-bullrich-le-pidio-explicaciones-urgentes-a-espert-por-sus-supuestos-vinculos-con-fred-nid01102025\/\" target=\"_self\" title=\"https:\/\/www.lanacion.com.ar\/politica\/narcotrafico-bullrich-le-pidio-explicaciones-urgentes-a-espert-por-sus-supuestos-vinculos-con-fred-nid01102025\/\" class=\"com-link break-word\" data-mrf-recirculation=\"n_link_parrafo\" rel=\"nofollow noopener\"> le hab\u00eda exigido a Espert brindar las explicaciones<\/a> necesarias para aclarar el v\u00ednculo que lo un\u00eda a Machado. Uno de sus reclamos <strong>apuntaba a que confirmara o desmintiera una transferencia de US$200.000 <\/strong>por parte del empresario argentino durante la campa\u00f1a presidencial de 2019.<\/p>\n<p class=\"com-paragraph   --s\">\u201cLos argentinos primero, porque no somos iguales. Y tampoco permitiremos que nos metan en la misma bolsa que los chorros que se robaron el pa\u00eds\u201d, opin\u00f3 Bullrich. Y se limit\u00f3 a replicar las palabras del Presidente: \u201cLa Argentina siempre est\u00e1 por encima de las personas. Garantizar el cambio es m\u00e1s importante que cualquiera de nosotros\u201d.<\/p>\n<p class=\"com-paragraph   --s\">Tanto en entrevistas radiales y televisivas como a trav\u00e9s de sus redes sociales, Espert neg\u00f3 en un principio haber recibido fondos ilegales. Asegur\u00f3 que la suma de US$200.000, que <a href=\"https:\/\/www.lanacion.com.ar\/politica\/una-transferencia-destinada-a-espert-figura-en-una-contabilidad-oficial-elaborada-por-el-bank-of-nid02102025\/\" target=\"_self\" title=\"https:\/\/www.lanacion.com.ar\/politica\/una-transferencia-destinada-a-espert-figura-en-una-contabilidad-oficial-elaborada-por-el-bank-of-nid02102025\/\" class=\"com-link break-word\" data-mrf-recirculation=\"n_link_parrafo\" rel=\"nofollow noopener\"><strong>LA NACION<\/strong><\/a> pudo rastrear en una contabilidad elaborada por el Bank of America, correspond\u00eda a un contrato de consultor\u00eda con una minera vinculada a Machado. Tambi\u00e9n rechaz\u00f3 haber mantenido v\u00ednculos personales o reuniones frecuentes con el empresario.<\/p>\n<p class=\"com-paragraph   --s\">No obstante, <a href=\"https:\/\/www.lanacion.com.ar\/politica\/espert-cambio-en-los-ultimos-dias-su-version-en-seis-hechos-claves-del-vinculo-que-tuvo-con-machado-nid05102025\/\" target=\"_self\" title=\"https:\/\/www.lanacion.com.ar\/politica\/espert-cambio-en-los-ultimos-dias-su-version-en-seis-hechos-claves-del-vinculo-que-tuvo-con-machado-nid05102025\/\" class=\"com-link break-word\" data-mrf-recirculation=\"n_link_parrafo\" rel=\"nofollow noopener\">en los \u00faltimos d\u00edas modific\u00f3 su versi\u00f3n original<\/a>: <strong>pas\u00f3 de admitir un \u00fanico encuentro a reconocer varias reuniones y servicios contratados.<\/strong> El cambio en su relato reaviv\u00f3 las cr\u00edticas de la oposici\u00f3n y la presi\u00f3n dentro del oficialismo, lo que decant\u00f3 finalmente en la renuncia a su candidatura. <\/p>\n<p class=\"com-paragraph   --s\">Machado est\u00e1 acusado por la Justicia de los Estados Unidos de integrar una red internacional de tr\u00e1fico de coca\u00edna, lavado de activos y fraude a trav\u00e9s de operaciones con aeronaves. Las imputaciones sostienen que, mediante su empresa South Aviation, habr\u00eda participado en maniobras destinadas al traslado de droga y al blanqueo de dinero del narcotr\u00e1fico. En la Argentina cumple prisi\u00f3n domiciliaria en la provincia de R\u00edo Negro, mientras avanza el proceso de extradici\u00f3n solicitado por las autoridades norteamericanas.<\/p>\n","protected":false},"excerpt":{"rendered":"Jos\u00e9 Luis Espert renunci\u00f3 este domingo por la tarde a su candidatura como diputado nacional por la provincia&hellip;\n","protected":false},"author":2,"featured_media":158606,"comment_status":"","ping_status":"","sticky":false,"template":"","format":"standard","meta":{"footnotes":""},"categories":[42],"tags":[17,18,47231,47232,47230,13,14,11,61,62,63,64,19,20,9,10,15,16,952,11671,12,21,22,65,66,67],"class_list":{"0":"post-158605","1":"post","2":"type-post","3":"status-publish","4":"format-standard","5":"has-post-thumbnail","7":"category-internacional","8":"tag-breaking-news","9":"tag-breakingnews","10":"tag-cristian-ritondo","11":"tag-diego-santilli","12":"tag-el-ex-presidente-mauricio-macri-que-encabeza-un-encuentro-con-los-candidatos-del-pro-para-manifestar-su-apoyo","13":"tag-featured-news","14":"tag-featurednews","15":"tag-headlines","16":"tag-internacional","17":"tag-international","18":"tag-international-news","19":"tag-internationalnews","20":"tag-latest-news","21":"tag-latestnews","22":"tag-news","23":"tag-noticias","24":"tag-noticias-destacadas","25":"tag-noticiasdestacadas","26":"tag-politica","27":"tag-pro","28":"tag-titulares","29":"tag-ultimas-noticias","30":"tag-ultimasnoticias","31":"tag-world","32":"tag-world-news","33":"tag-worldnews"},"share_on_mastodon":{"url":"","error":""},"_links":{"self":[{"href":"https:\/\/www.europesays.com\/es\/wp-json\/wp\/v2\/posts\/158605","targetHints":{"allow":["GET"]}}],"collection":[{"href":"https:\/\/www.europesays.com\/es\/wp-json\/wp\/v2\/posts"}],"about":[{"href":"https:\/\/www.europesays.com\/es\/wp-json\/wp\/v2\/types\/post"}],"author":[{"embeddable":true,"href":"https:\/\/www.europesays.com\/es\/wp-json\/wp\/v2\/users\/2"}],"replies":[{"embeddable":true,"href":"https:\/\/www.europesays.com\/es\/wp-json\/wp\/v2\/comments?post=158605"}],"version-history":[{"count":0,"href":"https:\/\/www.europesays.com\/es\/wp-json\/wp\/v2\/posts\/158605\/revisions"}],"wp:featuredmedia":[{"embeddable":true,"href":"https:\/\/www.europesays.com\/es\/wp-json\/wp\/v2\/media\/158606"}],"wp:attachment":[{"href":"https:\/\/www.europesays.com\/es\/wp-json\/wp\/v2\/media?parent=158605"}],"wp:term":[{"taxonomy":"category","embeddable":true,"href":"https:\/\/www.europesays.com\/es\/wp-json\/wp\/v2\/categories?post=158605"},{"taxonomy":"post_tag","embeddable":true,"href":"https:\/\/www.europesays.com\/es\/wp-json\/wp\/v2\/tags?post=158605"}],"curies":[{"name":"wp","href":"https:\/\/api.w.org\/{rel}","templated":true}]}}