{"id":158613,"date":"2025-10-05T23:27:08","date_gmt":"2025-10-05T23:27:08","guid":{"rendered":"https:\/\/www.europesays.com\/es\/158613\/"},"modified":"2025-10-05T23:27:08","modified_gmt":"2025-10-05T23:27:08","slug":"sergio-checo-perez-desata-la-locura-en-concierto-de-enrique-iglesias-tudn-formula-1","status":"publish","type":"post","link":"https:\/\/www.europesays.com\/es\/158613\/","title":{"rendered":"Sergio &#8216;Checo&#8217; P\u00e9rez desata la locura en concierto de Enrique Iglesias | TUDN F\u00f3rmula 1"},"content":{"rendered":"<p>En momento de su presentaci\u00f3n en la <b>Arena Guadalajar<\/b>a, el espa\u00f1ol se percat\u00f3 de la presencia de \u2018Checo\u2019 y lo invit\u00f3 a subir al escenario ante la ovaci\u00f3n del p\u00fablico que se hizo presente en el recinto.<\/p>\n<p>Ya en el escenario Sergio P\u00e9rez y Enrique Iglesias se abrazaron mientras el espa\u00f1ol cantaba <b>\u2018Bailando\u2019 <\/b>uno de sus \u00e9xitos.<\/p>\n<p>Y lo que hizo \u2018explotar\u2019 la arena fue cuando en un momento <b> el cantante se arrodill\u00f3 para hacerle una reverencia el piloto mexicano para despu\u00e9s enfundarse en otro abrazo<\/b>.<\/p>\n","protected":false},"excerpt":{"rendered":"En momento de su presentaci\u00f3n en la Arena Guadalajara, el espa\u00f1ol se percat\u00f3 de la presencia de \u2018Checo\u2019&hellip;\n","protected":false},"author":2,"featured_media":158614,"comment_status":"","ping_status":"","sticky":false,"template":"","format":"standard","meta":{"footnotes":""},"categories":[270],"tags":[42266,5332,168,13592,25,24,306,271,272,11007,23,167],"class_list":{"0":"post-158613","1":"post","2":"type-post","3":"status-publish","4":"format-standard","5":"has-post-thumbnail","7":"category-formula-1","8":"tag-cadillac-f1","9":"tag-checo-perez","10":"tag-deportes","11":"tag-enrique-iglesias","12":"tag-es","13":"tag-espana","14":"tag-f1","15":"tag-formula-1","16":"tag-formula1","17":"tag-sergio-perez","18":"tag-spain","19":"tag-sports"},"share_on_mastodon":{"url":"","error":""},"_links":{"self":[{"href":"https:\/\/www.europesays.com\/es\/wp-json\/wp\/v2\/posts\/158613","targetHints":{"allow":["GET"]}}],"collection":[{"href":"https:\/\/www.europesays.com\/es\/wp-json\/wp\/v2\/posts"}],"about":[{"href":"https:\/\/www.europesays.com\/es\/wp-json\/wp\/v2\/types\/post"}],"author":[{"embeddable":true,"href":"https:\/\/www.europesays.com\/es\/wp-json\/wp\/v2\/users\/2"}],"replies":[{"embeddable":true,"href":"https:\/\/www.europesays.com\/es\/wp-json\/wp\/v2\/comments?post=158613"}],"version-history":[{"count":0,"href":"https:\/\/www.europesays.com\/es\/wp-json\/wp\/v2\/posts\/158613\/revisions"}],"wp:featuredmedia":[{"embeddable":true,"href":"https:\/\/www.europesays.com\/es\/wp-json\/wp\/v2\/media\/158614"}],"wp:attachment":[{"href":"https:\/\/www.europesays.com\/es\/wp-json\/wp\/v2\/media?parent=158613"}],"wp:term":[{"taxonomy":"category","embeddable":true,"href":"https:\/\/www.europesays.com\/es\/wp-json\/wp\/v2\/categories?post=158613"},{"taxonomy":"post_tag","embeddable":true,"href":"https:\/\/www.europesays.com\/es\/wp-json\/wp\/v2\/tags?post=158613"}],"curies":[{"name":"wp","href":"https:\/\/api.w.org\/{rel}","templated":true}]}}