{"id":158615,"date":"2025-10-05T23:29:29","date_gmt":"2025-10-05T23:29:29","guid":{"rendered":"https:\/\/www.europesays.com\/es\/158615\/"},"modified":"2025-10-05T23:29:29","modified_gmt":"2025-10-05T23:29:29","slug":"enganchon-de-epoca-entre-clos-gomez-y-prieto-iglesias-por-la-utilizacion-del-var","status":"publish","type":"post","link":"https:\/\/www.europesays.com\/es\/158615\/","title":{"rendered":"Enganch\u00f3n de \u00e9poca entre Clos G\u00f3mez y Prieto Iglesias por la utilizaci\u00f3n del VAR"},"content":{"rendered":"<p>Terremoto en el Comit\u00e9 T\u00e9cnico de \u00c1rbitros con un enganch\u00f3n entre el antiguo encargado del VAR, <strong>Carlos Clos G\u00f3mez y su sustituto<\/strong>, <strong>Eduardo Prieto Iglesias.<\/strong><\/p>\n<p>Clos ha restado m\u00e9ritos a la labor arbitral que est\u00e1 haciendo la actual directiva. Todo, en respuesta a un comunicado de Prieto Iglesias en el que destaca las mejoras que est\u00e1n introduciendo en el VAR en los \u00faltimos meses. Unas supuestas mejoras que han encendido al que fue la autoridad m\u00e1xima del videoarbitraje desde sus inicios en Espa\u00f1a hasta esta misma temporada: \u00abEres un pelota\u00bb, espet\u00f3 G\u00f3mez a Prieto Iglesias.<\/p>\n<p><strong>Prieto Iglesias<\/strong> dej\u00f3 en verano el arbitraje en activo, cuando era \u00e1rbitro de VAR, para pasar a formar parte de la directiva del CTA. Fran Soto, el actual presidente del estamento arbitral, le nombr\u00f3 responsable del videoarbitraje. Una de las medidas que se tomaron fue la implantaci\u00f3n de un cuerpo espec\u00edfico de VAR, que ahora se atribuye Clos G\u00f3mez.<\/p>\n<p>\u00abT\u00fa sabes perfectamente que <strong>la idea de especializaci\u00f3n de los vares profesionales en una sola categor\u00eda que no discriminara entre los dos niveles existentes fue del equipo directivo anterior<\/strong>.<strong> T\u00fa solo la has heredado<\/strong> y la has puesto en pr\u00e1ctica, as\u00ed que cambios desde los cimientos pocos, al menos por ahora\u00bb, apunta Clos.<\/p>\n<p>Prieto Iglesias se\u00f1ala \u00ab<strong>un cambio que trasciende lo deportivo y que inspira el valor del m\u00e9rito y la justicia\u00bb<\/strong>, una frase muy hiriente para el antiguo m\u00e1ximo responsable del VAR y que se refiere al supuesto cambio de tendencia en el VAR, entrando mucho menos y seg\u00fan los responsables actuales, generando menos pol\u00e9mica y siendo m\u00e1s justo. Sin se\u00f1alar a nadie directamente, deja de manera sutil muy retratados a la vieja directiva, capitaneada por Medina Cantalejo y Clos G\u00f3mez. El actual responsable del VAR termina recomendando la lectura de un art\u00edculo en el que se trata lo que \u00e9l llama \u00ab<strong>una revoluci\u00f3n silenciosa que est\u00e1 transformando el arbitraje\u00bb<\/strong>.<\/p>\n<p>Estas palabras de Prieto Iglesias han sentado como cuerno quemado a un Clos G\u00f3mez que ha saltado como un resorte y le ha recordado los varios descensos y ascensos de categor\u00eda que tuvo durante su carrera en activo, hasta que se qued\u00f3 como \u00e1rbitro de VAR de forma exclusiva.<\/p>\n<p>\u00abAmigo Eduardo, \u00bfc\u00f3mo subisteis t\u00fa y tus compa\u00f1eros a Primera Divisi\u00f3n? No hab\u00eda meritocracia? <strong>No te faltes al respeto. T\u00fa, que promocionaste muchas veces de categor\u00eda y descendiste otras, \u00bfc\u00f3mo se os valor\u00f3? \u00bfO eres de los mediocres que sub\u00edan por sus m\u00e9ritos y era el anterior CTA quien injustamente les bajaba?\u00bb<\/strong>, se\u00f1ala.<\/p>\n<p>Para finalizar el aragon\u00e9s llama pelota al actual director del VAR: \u00abPara alabar a una nueva direcci\u00f3n no hace falta que menosprecies lo anterior, primero porque eres profundamente injusto y segundo porque demuestras ser algo pelota con tus nuevos jefes\u00bb.<\/p>\n","protected":false},"excerpt":{"rendered":"Terremoto en el Comit\u00e9 T\u00e9cnico de \u00c1rbitros con un enganch\u00f3n entre el antiguo encargado del VAR, Carlos Clos&hellip;\n","protected":false},"author":2,"featured_media":158616,"comment_status":"","ping_status":"","sticky":false,"template":"","format":"standard","meta":{"footnotes":""},"categories":[268],"tags":[47233,47234,37175,168,25,24,280,282,47236,47235,281,23,167,6959],"class_list":{"0":"post-158615","1":"post","2":"type-post","3":"status-publish","4":"format-standard","5":"has-post-thumbnail","7":"category-futbol","8":"tag-clos-gomez","9":"tag-comite-tecnico-de-arbitros","10":"tag-cta","11":"tag-deportes","12":"tag-es","13":"tag-espana","14":"tag-football","15":"tag-futbol","16":"tag-medina-cantalejo","17":"tag-prieto-iglesias","18":"tag-soccer","19":"tag-spain","20":"tag-sports","21":"tag-var"},"share_on_mastodon":{"url":"","error":""},"_links":{"self":[{"href":"https:\/\/www.europesays.com\/es\/wp-json\/wp\/v2\/posts\/158615","targetHints":{"allow":["GET"]}}],"collection":[{"href":"https:\/\/www.europesays.com\/es\/wp-json\/wp\/v2\/posts"}],"about":[{"href":"https:\/\/www.europesays.com\/es\/wp-json\/wp\/v2\/types\/post"}],"author":[{"embeddable":true,"href":"https:\/\/www.europesays.com\/es\/wp-json\/wp\/v2\/users\/2"}],"replies":[{"embeddable":true,"href":"https:\/\/www.europesays.com\/es\/wp-json\/wp\/v2\/comments?post=158615"}],"version-history":[{"count":0,"href":"https:\/\/www.europesays.com\/es\/wp-json\/wp\/v2\/posts\/158615\/revisions"}],"wp:featuredmedia":[{"embeddable":true,"href":"https:\/\/www.europesays.com\/es\/wp-json\/wp\/v2\/media\/158616"}],"wp:attachment":[{"href":"https:\/\/www.europesays.com\/es\/wp-json\/wp\/v2\/media?parent=158615"}],"wp:term":[{"taxonomy":"category","embeddable":true,"href":"https:\/\/www.europesays.com\/es\/wp-json\/wp\/v2\/categories?post=158615"},{"taxonomy":"post_tag","embeddable":true,"href":"https:\/\/www.europesays.com\/es\/wp-json\/wp\/v2\/tags?post=158615"}],"curies":[{"name":"wp","href":"https:\/\/api.w.org\/{rel}","templated":true}]}}