{"id":158625,"date":"2025-10-05T23:43:46","date_gmt":"2025-10-05T23:43:46","guid":{"rendered":"https:\/\/www.europesays.com\/es\/158625\/"},"modified":"2025-10-05T23:43:46","modified_gmt":"2025-10-05T23:43:46","slug":"el-primer-ministro-frances-anuncia-la-composicion-de-su-gobierno-bajo-la-sombra-de-una-mocion-de-censura-inmediata","status":"publish","type":"post","link":"https:\/\/www.europesays.com\/es\/158625\/","title":{"rendered":"El primer ministro franc\u00e9s anuncia la composici\u00f3n de su Gobierno bajo la sombra de una moci\u00f3n de censura inmediata"},"content":{"rendered":"<p class=\"article-text\">\n        En su primer discurso oficial el nuevo primer ministro franc\u00e9s, S\u00e9bastien Lecornu, prometi\u00f3 \u201crupturas; no s\u00f3lo en la forma sino tambi\u00e9n en el fondo\u201d. En la formaci\u00f3n de su gobierno, no obstante, Lecornu parece haber apostado por la continuidad. Los principales nombres del nuevo Ejecutivo franc\u00e9s, desvelados este domingo despu\u00e9s de m\u00e1s de tres semanas de espera y de negociaciones de \u00faltima hora entre los partidos de centro-derecha, as\u00ed lo reflejan.\n    <\/p>\n<p class=\"article-text\">\n        Repiten varios fieles macronistas, como G\u00e9rald Darmanin (Justicia), la ex primera ministra \u00c9lisabeth Borne (Educaci\u00f3n) o Jean-No\u00ebl Barrot (Asuntos Exteriores), adem\u00e1s del regreso de Bruno Lemaire (que ser\u00e1 ministro de Defensa). Los conservadores del partido Los Republicanos retienen Cultura (Rachida Dati) y, sobre todo, Interior que contin\u00faa en manos del Bruno Retailleau, partidario de una l\u00ednea represiva sobre la inmigraci\u00f3n cercana a la que plantea la extrema derecha. Manuel Valls tambi\u00e9n continuar\u00e1 como ministro responsable de los departamentos de Ultramar.\n    <\/p>\n<p class=\"article-text\">\n        Ahora que se conocen los principales rostros del Gobierno, se plantea la inc\u00f3gnita sobre la esperanza de vida del Ejecutivo. La posibilidad de un voto parlamentario que obligue a Lecornu a dimitir \u2014como ocurri\u00f3 con sus dos predecesores\u2014 es una amenaza permanente para el primer ministro macronista, que cuenta con un apoyo minoritario en la Asamblea (220 diputados de 577).\n    <\/p>\n<p class=\"article-text\">\n        El nuevo jefe de Gobierno, nombrado por Emmanuel Macron el pasado 9 de septiembre, ha reconocido ante varios interlocutores ser \u201cel primer ministro m\u00e1s d\u00e9bil de la V\u00aa Rep\u00fablica [actual sistema franc\u00e9s]\u201d, durante los encuentros que ha mantenido a lo largo de las \u00faltimas semanas con varias formaciones pol\u00edticas y sindicatos.\n    <\/p>\n<p class=\"article-text\">\n        Lecornu reivindica un cambio de m\u00e9todo basado en el di\u00e1logo y en los compromisos en la Asamblea Nacional, ante la que el martes debe pronunciar el tradicional discurso de pol\u00edtica general, en el que avanzar\u00e1 las grandes l\u00edneas de su mandato. En los d\u00edas posteriores est\u00e1 previsto que se enfrente a una primera moci\u00f3n de censura, presentada por Francia Insumisa que, presumiblemente, contar\u00e1 con el apoyo de Ecologistas y del Partido Comunista.\n    <\/p>\n<p class=\"article-text\">\n        Aunque Marine Le Pen\u00a0<a href=\"https:\/\/www.bfmtv.com\/politique\/front-national\/ca-n-est-pas-raisonnable-marine-le-pen-affirme-que-le-rn-ne-votera-pas-de-censure-avant-le-discours-de-sebastien-lecornu_AD-202509260178.html\" target=\"_blank\" data-mrf-recirculation=\"links-noticia\" class=\"link\" rel=\"nofollow noopener\">hab\u00eda declarado no querer censurar \u201ca priori\u201d\u00a0<\/a>al nuevo jefe de Gobierno, las declaraciones de la l\u00edder de Agrupaci\u00f3n Nacional (RN) en los \u00faltimos d\u00edas muestran una cierta ambig\u00fcedad sobre el voto de los diputados de extrema derecha en esa primera moci\u00f3n de censura.\n    <\/p>\n<p>    Negociaci\u00f3n con el PS<\/p>\n<p class=\"article-text\">\n        De momento,\u00a0<a href=\"https:\/\/www.eldiario.es\/politica\/lecornu-tiende-mano-socialistas-salvar-futuro_1_12656170.html\" target=\"_blank\" data-mrf-recirculation=\"links-noticia\" class=\"link\" rel=\"nofollow noopener\">Lecornu se est\u00e1 centrando en negociar con el Partido Socialista<\/a>, la\u00a0opci\u00f3n m\u00e1s plausible para buscar un acuerdo de m\u00ednimos, lograr evitar la censura, aprobar el presupuesto y mantenerse en el cargo. Porque si el nuevo gobierno sobrevive a esa primera censura, su\u00a0gran reto ser\u00e1 llevar a buen puerto la tramitaci\u00f3n del presupuesto del pr\u00f3ximo a\u00f1o, que debe aprobarse antes del 31 de diciembre.\n    <\/p>\n<p class=\"article-text\">\n        El primer ministro hizo el viernes un anuncio importante en este sentido, comprometi\u00e9ndose a renunciar al art\u00edculo 49.3 de la Constituci\u00f3n que permite la aprobaci\u00f3n de un proyecto de ley sin votaci\u00f3n parlamentaria. \u201cEn un Parlamento que funciona, que representa a los franceses, no se puede imponer la fuerza ni coaccionar a la oposici\u00f3n\u201d, argument\u00f3 Lecornu, sin mencionar que los tres \u00faltimos presupuestos se aprobaron por esta v\u00eda.\n    <\/p>\n<p class=\"article-text\">\n        El abandono del 49.3 responde a una reivindicaci\u00f3n repetida en las \u00faltimas semanas por el Partido Socialista.\u00a0Sin embargo, la distancia entre las exigencias del PS y las concesiones que los macronistas est\u00e1n dispuestos a hacer \u2013en particular en materia fiscal\u2013 a\u00fan parecen demasiado importantes por el momento.\n    <\/p>\n<p class=\"article-text\">\n        Reunidos en la ejecutiva nacional del partido, el viernes por la noche, los dirigentes del PS afirmaron esperar \u201cun nuevo gesto del primer ministro antes del martes\u201d en el discurso de pol\u00edtica general \u201cque demuestre que se est\u00e1 volcando hacia nosotros y no hacia Agrupaci\u00f3n Nacional (el partido de Le Pen)\u201d, declar\u00f3 uno de los asistentes a la Agencia France-Presse. La salida del Gobierno del socialdem\u00f3crata.\u00a0\u00a0\n    <\/p>\n<p class=\"article-text\">\n        Lecornu se ha mostrado dispuesto a suavizar las medidas de austeridad anunciadas por su predecesor, Fran\u00e7ois Bayrou, rechazadas un\u00e1nimemente por la oposici\u00f3n. Aunque sin renunciar a la reducci\u00f3n de la deuda y el d\u00e9ficit p\u00fablicos; la inc\u00f3gnita radica en si Lecornu ser\u00e1 capaz de encontrar un compromiso aceptable entre macronistas y socialistas. El s\u00e1bado, el primer secretario del PS, Olivier Faure, aseguraba en\u00a0<a href=\"https:\/\/www.leparisien.fr\/politique\/olivier-faure-nous-nous-dirigeons-tout-droit-vers-la-censure-04-10-2025-QTSM4VTMVRDSXKUQ6KWBMMZIRM.php\" target=\"_blank\" data-mrf-recirculation=\"links-noticia\" class=\"link\" rel=\"nofollow noopener\">una entrevista en\u00a0<\/a><a href=\"https:\/\/www.leparisien.fr\/politique\/olivier-faure-nous-nous-dirigeons-tout-droit-vers-la-censure-04-10-2025-QTSM4VTMVRDSXKUQ6KWBMMZIRM.php\" target=\"_blank\" data-mrf-recirculation=\"links-noticia\" class=\"link\" rel=\"nofollow noopener\">Le Parisien<\/a>\u00a0que \u201cnos dirigimos directamente hacia una censura si la situaci\u00f3n no cambia\u201d.\n    <\/p>\n<p class=\"article-text\">\n        El reparto de los esfuerzos a realizar se halla en el centro del debate p\u00fablico. En particular en lo que respecta a la contribuci\u00f3n de las personas con rentas superiores a los 100 millones de euros. El proyecto presupuestario de Bayrou fue uno de los detonantes de los movimientos sociales convocados desde principios de septiembre, con las protestas y bloqueos del 10 de septiembre y dos jornadas de huelga convocadas por los sindicatos (18 de septiembre y 2 de octubre). Las organizaciones de trabajadores han anunciado adem\u00e1s nuevas convocatorias para los pr\u00f3ximos meses.\n    <\/p>\n<p class=\"article-text\">\n        En este contexto, Lecornu, a diferencia de sus predecesores y en contra de la pol\u00edtica que Emmanuel Macron ha marcado desde 2017, ha convertido a las organizaciones sindicales en un interlocutor importante en sus consultas. En particular, al gran sindicato reformista franc\u00e9s, la Confederaci\u00f3n Francesa Democr\u00e1tica del Trabajo (CFDT), el m\u00e1s abierto a compromisos.\n    <\/p>\n<p class=\"article-text\">\n        Aunque los macronistas se niegan a anular la reforma de las pensiones aprobada en 2023, como reclaman sindicatos y la oposici\u00f3n progresista, estiman que hay un acuerdo posible en relaci\u00f3n a las peticiones de los sindicatos sobre la mejora de condiciones laborales y a una evoluci\u00f3n para mejorar las pensiones de las trabajadoras.\n    <\/p>\n<p>    Presi\u00f3n de la derecha y del PS<\/p>\n<p class=\"article-text\">\n        En cualquier caso, la ecuaci\u00f3n pol\u00edtica que debe resolver el primer ministro es compleja, entre las exigencias del PS y la presi\u00f3n de su propia coalici\u00f3n, en particular de sus aliados conservadores de Los Republicanos.\u00a0El anuncio del nuevo Gobierno se retras\u00f3 hasta el domingo, tras una reuni\u00f3n de los dirigentes de LR para decidir la participaci\u00f3n de la derecha en el futuro Gobierno.\n    <\/p>\n<p class=\"article-text\">\n        Tras las ca\u00eddas de los gobiernos Barnier y Bayrou, el fracaso de un nuevo primer ministro (en el curso de un a\u00f1o) aumentar\u00eda la inestabilidad pol\u00edtica y la presi\u00f3n sobre Emmanuel Macron, al que se se\u00f1ala como responsable por su decisi\u00f3n de convocar elecciones anticipadas en 2024. Si Lecornu cae, la mayor\u00eda de analistas considera que una convocatoria electoral es el escenario m\u00e1s probable, aunque sin ninguna garant\u00eda de que una nueva votaci\u00f3n arroje un equilibrio parlamentario diferente al actual.\n    <\/p>\n<p>    <a href=\"https:\/\/www.eldiario.es\/economia\/espana-dado-sorpaso-francia-finanzas-publicas_1_12654586.html\" data-mrf-recirculation=\"saber-mas-abajo\" data-dl-event=\"saber-mas-abajo\" rel=\"nofollow noopener\" target=\"_blank\"><\/p>\n<p class=\"know-more__title\">Por qu\u00e9 Espa\u00f1a ha dado el sorpaso a Francia en las finanzas p\u00fablicas<\/p>\n<p>            <img decoding=\"async\" class=\"lazy\" loading=\"lazy\" data-src=\"https:\/\/static.eldiario.es\/clip\/9000dd20-7cec-4a82-b4eb-c7a64cd4a6e4_16-9-aspect-ratio_default_0.jpg\" src=\"data:image\/svg+xml,%3Csvg xmlns=\" http:=\"\" viewbox=\"0 0 880 495\" alt=\"Por qu\u00e9 Espa\u00f1a ha dado el sorpaso a Francia en las finanzas p\u00fablicas\"\/><\/p>\n<p>                        <\/a><\/p>\n<p class=\"article-text\">\n        Mientras tanto, el calendario electoral sobrevuela los c\u00e1lculos de todos. Adem\u00e1s de la incertidumbre sobre la posibilidad de unas nuevas elecciones legislativas anticipadas, el a\u00f1o que viene se celebrar\u00e1n comicios municipales en toda Francia. Todo ello con todos los partidos preparando sus estrategias con la presidencial de 2027 en el punto de mira.\n    <\/p>\n","protected":false},"excerpt":{"rendered":"En su primer discurso oficial el nuevo primer ministro franc\u00e9s, S\u00e9bastien Lecornu, prometi\u00f3 \u201crupturas; no s\u00f3lo en la&hellip;\n","protected":false},"author":2,"featured_media":158626,"comment_status":"","ping_status":"","sticky":false,"template":"","format":"standard","meta":{"footnotes":""},"categories":[5],"tags":[4187,17,18,3374,47238,25,24,13,14,1820,582,11,7153,19,20,7459,1351,9,10,15,16,977,26032,23,12,21,22],"class_list":{"0":"post-158625","1":"post","2":"type-post","3":"status-publish","4":"format-standard","5":"has-post-thumbnail","7":"category-titulares","8":"tag-anuncia","9":"tag-breaking-news","10":"tag-breakingnews","11":"tag-censura","12":"tag-composicion","13":"tag-es","14":"tag-espana","15":"tag-featured-news","16":"tag-featurednews","17":"tag-frances","18":"tag-gobierno","19":"tag-headlines","20":"tag-inmediata","21":"tag-latest-news","22":"tag-latestnews","23":"tag-ministro","24":"tag-mocion","25":"tag-news","26":"tag-noticias","27":"tag-noticias-destacadas","28":"tag-noticiasdestacadas","29":"tag-primer","30":"tag-sombra","31":"tag-spain","32":"tag-titulares","33":"tag-ultimas-noticias","34":"tag-ultimasnoticias"},"share_on_mastodon":{"url":"","error":""},"_links":{"self":[{"href":"https:\/\/www.europesays.com\/es\/wp-json\/wp\/v2\/posts\/158625","targetHints":{"allow":["GET"]}}],"collection":[{"href":"https:\/\/www.europesays.com\/es\/wp-json\/wp\/v2\/posts"}],"about":[{"href":"https:\/\/www.europesays.com\/es\/wp-json\/wp\/v2\/types\/post"}],"author":[{"embeddable":true,"href":"https:\/\/www.europesays.com\/es\/wp-json\/wp\/v2\/users\/2"}],"replies":[{"embeddable":true,"href":"https:\/\/www.europesays.com\/es\/wp-json\/wp\/v2\/comments?post=158625"}],"version-history":[{"count":0,"href":"https:\/\/www.europesays.com\/es\/wp-json\/wp\/v2\/posts\/158625\/revisions"}],"wp:featuredmedia":[{"embeddable":true,"href":"https:\/\/www.europesays.com\/es\/wp-json\/wp\/v2\/media\/158626"}],"wp:attachment":[{"href":"https:\/\/www.europesays.com\/es\/wp-json\/wp\/v2\/media?parent=158625"}],"wp:term":[{"taxonomy":"category","embeddable":true,"href":"https:\/\/www.europesays.com\/es\/wp-json\/wp\/v2\/categories?post=158625"},{"taxonomy":"post_tag","embeddable":true,"href":"https:\/\/www.europesays.com\/es\/wp-json\/wp\/v2\/tags?post=158625"}],"curies":[{"name":"wp","href":"https:\/\/api.w.org\/{rel}","templated":true}]}}