{"id":158627,"date":"2025-10-05T23:44:14","date_gmt":"2025-10-05T23:44:14","guid":{"rendered":"https:\/\/www.europesays.com\/es\/158627\/"},"modified":"2025-10-05T23:44:14","modified_gmt":"2025-10-05T23:44:14","slug":"primera-victoria-a-domicilio-para-el-balonmano-ciudad-de-granada-20-31","status":"publish","type":"post","link":"https:\/\/www.europesays.com\/es\/158627\/","title":{"rendered":"Primera victoria a domicilio para el Balonmano Ciudad de Granada, 20-31"},"content":{"rendered":"<p>        CRONICA | El equipo, dirigido por Pablo Perea, domina gran parte del partido pese a bajas importantes y muestra la fuerza de sus jugadoras veteranas<\/p>\n<p>\n                     Redacci\u00f3n                     \u00a0|\u00a0  6 de octubre de 2025<\/p>\n<p>                <a href=\"https:\/\/www.europesays.com\/es\/wp-content\/uploads\/2025\/10\/imagen62259_0_original.jpg\" id=\"single_image\" title=\"BM Ciudad de Granada \"><br \/>\n                    <img decoding=\"async\" src=\"https:\/\/www.europesays.com\/es\/wp-content\/uploads\/2025\/10\/imagen62259_0_original.jpg\" title=\"BM Ciudad de Granada \" alt=\"BM Ciudad de Granada \"\/><br \/>\n                <\/a><\/p>\n<p>BM Ciudad de Granada <\/p>\n<p>Balonmano\u00a0<strong>Ciudad de Granada<\/strong>\u00a0ha conseguido su primera\u00a0<strong>victoria<\/strong>\u00a0a domicilio y la segunda consecutiva en la\u00a0<strong>liga<\/strong>\u00a0esta temporada.&#13;<br \/>\n&#13;\n<\/p>\n<p>Las chicas dirigidas por\u00a0<strong>Pablo Perea<\/strong>\u00a0dominaron el marcador durante casi todo el encuentro, salvo un inicio con un 1-0 en contra, realizando un partido serio tanto en ataque como en defensa. El t\u00e9cnico granadino sigue sin poder contar con tres\u00a0<strong>jugadoras<\/strong>\u00a0fundamentales para el equipo: las capitanas\u00a0<strong>Erika Beltr\u00e1n<\/strong>,\u00a0<strong>Mar\u00eda Fuentes<\/strong>\u00a0y\u00a0<strong>Carmen Jim\u00e9nez<\/strong>, quienes arrastran problemas de\u00a0<strong>lesiones<\/strong>\u00a0y, aunque formaron parte de la convocatoria, no participaron en el choque.&#13;<br \/>\n&#13;\n<\/p>\n<p>Ante estas circunstancias, jugadoras veteranas como\u00a0<strong>Eva Hern\u00e1ndez<\/strong>,\u00a0<strong>Adriana Jim\u00e9nez<\/strong>\u00a0y\u00a0<strong>Alejandra Hern\u00e1ndez<\/strong>\u00a0han asumido el liderazgo de un equipo joven que poco a poco se adapta a la categor\u00eda.<\/p>\n<p>\u00a0<\/p>\n<p>En ataque, las m\u00e1s destacadas fueron Adriana Jim\u00e9nez con 6 goles, Eva Hern\u00e1ndez con 5 y\u00a0<strong>Marta M\u00e1iquez<\/strong>\u00a0con 4.<\/p>\n<p>El pr\u00f3ximo fin de semana el equipo tendr\u00e1 descanso debido al puente, para luego recibir el s\u00e1bado 18 en el\u00a0<strong>Complejo Deportivo Chana<\/strong>\u00a0al\u00a0<strong>Ibersur BM Ciudad de Algeciras<\/strong>, un rival invicto al igual que las granadinas.<\/p>\n<p>\u00a0<\/p>\n<p>\u00a0<\/p>\n<p>                <a href=\"https:\/\/www.granadaenjuego.com\/Polideportivo\/el-bm-ciudad-de-granada-buscara-estrenarse-a-domicilio-\" rel=\"nofollow noopener\" target=\"_blank\"><img decoding=\"async\" src=\"https:\/\/www.europesays.com\/es\/wp-content\/uploads\/2025\/10\/imagen62226_0_ppal.jpg\" title=\"El BM Ciudad de Granada quieren seguir invictas (BM CIUDAD DE GRANADA)\" alt=\"El BM Ciudad de Granada quieren seguir invictas (BM CIUDAD DE GRANADA)\"\/><\/a>                <\/p>\n<p>04\/10\/2025 | Redacci\u00f3n <\/p>\n<p>PREVIA | las nazar\u00edes viajar\u00e1n a Mijas en su primer desplazamiento de la temporada <\/p>\n<p>                <a href=\"https:\/\/www.granadaenjuego.com\/Polideportivo\/apretada-victoria-del-balonmano-ciudad-de-granada-femenino-en-el-derbi--33-31\" rel=\"nofollow noopener\" target=\"_blank\"><img decoding=\"async\" src=\"https:\/\/www.europesays.com\/es\/wp-content\/uploads\/2025\/09\/imagen62139_0_ppal.jpg\" title=\"BM Ciudad de Granada Femenino (BM CIUDAD DE GRANADA)\" alt=\"BM Ciudad de Granada Femenino (BM CIUDAD DE GRANADA)\"\/><\/a>                <\/p>\n<p>28\/09\/2025 | Redacci\u00f3n <\/p>\n<p>CRONICA | Las chicas dirigidas por Pablo Perea derrotaron a Universidad de Granada, en un encuentro donde siempre fueron por delante <\/p>\n","protected":false},"excerpt":{"rendered":"CRONICA | El equipo, dirigido por Pablo Perea, domina gran parte del partido pese a bajas importantes y&hellip;\n","protected":false},"author":2,"featured_media":158628,"comment_status":"","ping_status":"","sticky":false,"template":"","format":"standard","meta":{"footnotes":""},"categories":[278],"tags":[376,44385,168,25,24,375,23,167],"class_list":{"0":"post-158627","1":"post","2":"type-post","3":"status-publish","4":"format-standard","5":"has-post-thumbnail","7":"category-balonmano","8":"tag-balonmano","9":"tag-bm-ciudad-de-granada","10":"tag-deportes","11":"tag-es","12":"tag-espana","13":"tag-handball","14":"tag-spain","15":"tag-sports"},"share_on_mastodon":{"url":"","error":""},"_links":{"self":[{"href":"https:\/\/www.europesays.com\/es\/wp-json\/wp\/v2\/posts\/158627","targetHints":{"allow":["GET"]}}],"collection":[{"href":"https:\/\/www.europesays.com\/es\/wp-json\/wp\/v2\/posts"}],"about":[{"href":"https:\/\/www.europesays.com\/es\/wp-json\/wp\/v2\/types\/post"}],"author":[{"embeddable":true,"href":"https:\/\/www.europesays.com\/es\/wp-json\/wp\/v2\/users\/2"}],"replies":[{"embeddable":true,"href":"https:\/\/www.europesays.com\/es\/wp-json\/wp\/v2\/comments?post=158627"}],"version-history":[{"count":0,"href":"https:\/\/www.europesays.com\/es\/wp-json\/wp\/v2\/posts\/158627\/revisions"}],"wp:featuredmedia":[{"embeddable":true,"href":"https:\/\/www.europesays.com\/es\/wp-json\/wp\/v2\/media\/158628"}],"wp:attachment":[{"href":"https:\/\/www.europesays.com\/es\/wp-json\/wp\/v2\/media?parent=158627"}],"wp:term":[{"taxonomy":"category","embeddable":true,"href":"https:\/\/www.europesays.com\/es\/wp-json\/wp\/v2\/categories?post=158627"},{"taxonomy":"post_tag","embeddable":true,"href":"https:\/\/www.europesays.com\/es\/wp-json\/wp\/v2\/tags?post=158627"}],"curies":[{"name":"wp","href":"https:\/\/api.w.org\/{rel}","templated":true}]}}