{"id":158631,"date":"2025-10-05T23:52:17","date_gmt":"2025-10-05T23:52:17","guid":{"rendered":"https:\/\/www.europesays.com\/es\/158631\/"},"modified":"2025-10-05T23:52:17","modified_gmt":"2025-10-05T23:52:17","slug":"el-bilbao-no-es-ningun-ejemplo-de-nada","status":"publish","type":"post","link":"https:\/\/www.europesays.com\/es\/158631\/","title":{"rendered":"El Bilbao no es ning\u00fan ejemplo de nada"},"content":{"rendered":"<p>\n        El director deportivo del Barcelona, <strong>Deco, ha cargado contra el <\/strong><a href=\"https:\/\/www.deia.eus\/athletic\/\" title=\"Athletic\" class=\"link copy\" rel=\"nofollow noopener\" target=\"_blank\"><strong>Athletic<\/strong><\/a><strong>, contra Nico Williams y contra su agente, F\u00e9lix Tainta<\/strong>. Lo ha hecho en una entrevista concedida al Mundo Deportivo, en la que <strong>asegura que \u00abel Bilbao no es ning\u00fan ejemplo de nada<\/strong>. Nosotros no fuimos a buscar a su jugador <strong>ni fuimos detr\u00e1s de \u00e9l<\/strong>\u00ab, apunta a la pregunta sobre la postura del Athletic yendo a LaLiga para saber del fair play del Barcelona. \u00abTienen que preocuparse con el agente que ha venido al Bar\u00e7a varias veces a ofrecer al jugador\u00bb, a\u00f1ade.\n<\/p>\n<p class=\"article-body__text \">\n        En un momento en el que <strong>las relaciones entre el Athletic y el Barcelona no pasan por su mejor momento<\/strong>, Deco ha manifestado que \u00absi un jugador nuestro da autorizaci\u00f3n a su agente a hablar con otros equipos, nosotros no podemos cabrearnos con los otros por esto. La situaci\u00f3n fue f\u00e1cil. El agente nos busc\u00f3, nos procur\u00f3, no se dio y debemos seguir adelante con otros temas m\u00e1s importantes\u00bb.\n<\/p>\n<p class=\"article-body__text \">\n        La entrevista publicada por Mundo Deportivo en la que Deco habla sobre el Athletic, Nico y su agente sale a la luz meses despu\u00e9s de que el menor de los Williams zanjase en un v\u00eddeo su renovaci\u00f3n hasta 2035. \u00abSe habl\u00f3 demasiado, demasiadas tonter\u00edas tambi\u00e9n desde Bilbao\u00bb, apunta Deco.\n<\/p>\n<p>  \u00abNo lo cambies despu\u00e9s\u00bb<\/p>\n<p class=\"article-body__text \">\n        Preguntado por las garant\u00edas de inscripci\u00f3n que ped\u00eda el agente, el director deportivo del Barcelona apunta que \u00abno es un tema de garant\u00edas de inscripci\u00f3n, es muy f\u00e1cil. <strong>Es que si vas a negociar d\u00edmelo todo lo que necesites<\/strong> y lo que quieres y no lo cambies despu\u00e9s\u00bb.\n<\/p>\n<p class=\"article-body__text \">\n        En sus declaraciones ha aprovechado para aclarar que la intenci\u00f3n de la entidad catalana eran Luis D\u00edaz \u2013jugador del Bayern\u2013 y Marcus Rashford \u2013cedido en el Barcelona\u2013. \u00abSi las negociaciones de Luis D\u00edaz y Rashford estaban un poco complicadas,<strong> nosotros deb\u00edamos buscar soluciones. Pero no ha salido lo de Nico y ya est\u00e1, no pasa nada<\/strong>\u00ab, apostilla.<\/p>\n","protected":false},"excerpt":{"rendered":"El director deportivo del Barcelona, Deco, ha cargado contra el Athletic, contra Nico Williams y contra su agente,&hellip;\n","protected":false},"author":2,"featured_media":158632,"comment_status":"","ping_status":"","sticky":false,"template":"","format":"standard","meta":{"footnotes":""},"categories":[268],"tags":[3827,2182,6514,882,168,25,24,280,282,1446,281,23,167],"class_list":{"0":"post-158631","1":"post","2":"type-post","3":"status-publish","4":"format-standard","5":"has-post-thumbnail","7":"category-futbol","8":"tag-agente","9":"tag-athletic","10":"tag-carga","11":"tag-deco","12":"tag-deportes","13":"tag-es","14":"tag-espana","15":"tag-football","16":"tag-futbol","17":"tag-nico","18":"tag-soccer","19":"tag-spain","20":"tag-sports"},"share_on_mastodon":{"url":"","error":""},"_links":{"self":[{"href":"https:\/\/www.europesays.com\/es\/wp-json\/wp\/v2\/posts\/158631","targetHints":{"allow":["GET"]}}],"collection":[{"href":"https:\/\/www.europesays.com\/es\/wp-json\/wp\/v2\/posts"}],"about":[{"href":"https:\/\/www.europesays.com\/es\/wp-json\/wp\/v2\/types\/post"}],"author":[{"embeddable":true,"href":"https:\/\/www.europesays.com\/es\/wp-json\/wp\/v2\/users\/2"}],"replies":[{"embeddable":true,"href":"https:\/\/www.europesays.com\/es\/wp-json\/wp\/v2\/comments?post=158631"}],"version-history":[{"count":0,"href":"https:\/\/www.europesays.com\/es\/wp-json\/wp\/v2\/posts\/158631\/revisions"}],"wp:featuredmedia":[{"embeddable":true,"href":"https:\/\/www.europesays.com\/es\/wp-json\/wp\/v2\/media\/158632"}],"wp:attachment":[{"href":"https:\/\/www.europesays.com\/es\/wp-json\/wp\/v2\/media?parent=158631"}],"wp:term":[{"taxonomy":"category","embeddable":true,"href":"https:\/\/www.europesays.com\/es\/wp-json\/wp\/v2\/categories?post=158631"},{"taxonomy":"post_tag","embeddable":true,"href":"https:\/\/www.europesays.com\/es\/wp-json\/wp\/v2\/tags?post=158631"}],"curies":[{"name":"wp","href":"https:\/\/api.w.org\/{rel}","templated":true}]}}