{"id":158633,"date":"2025-10-05T23:59:10","date_gmt":"2025-10-05T23:59:10","guid":{"rendered":"https:\/\/www.europesays.com\/es\/158633\/"},"modified":"2025-10-05T23:59:10","modified_gmt":"2025-10-05T23:59:10","slug":"ana-carballo-gana-la-copa-de-europa-de-triatlon-2025-de-ceuta-con-cuatro-de-seis-medallas-para-espanoles","status":"publish","type":"post","link":"https:\/\/www.europesays.com\/es\/158633\/","title":{"rendered":"Ana Carballo gana la Copa de Europa de Triatl\u00f3n 2025 de Ceuta con cuatro de seis medallas para espa\u00f1oles"},"content":{"rendered":"<p data-journey-content=\"true\" data-node-id=\"3\" class=\"css-6wxqfj emevuu60\"><strong data-node-id=\"3.0\">Ana Carballo lider\u00f3 una muy productiva cosecha espa\u00f1ola de metales en la Copa de Europa de Triatl\u00f3n de Ceuta, con una fant\u00e1stica victoria en la fase final<\/strong> con cuatro de las seis medallas en disputa para el equipo nacional. La madrile\u00f1a de 21 a\u00f1os conquista el primer triunfo espa\u00f1ol en esta Copa de Europa de Ceuta, en la cuarta ocasi\u00f3n en la que la competici\u00f3n se celebra en la ciudad aut\u00f3noma del continente africano.<\/p>\n<p data-journey-content=\"true\" data-node-id=\"6\" class=\"css-6wxqfj emevuu60\">La victoria de la triatleta espa\u00f1ola se dio en el \u00faltimo esfuerzo para un tiempo final de 1 hora, 2 minutos y 7 segundos, justo por delante de la italiana Asia Mercatelli, a la cual adelant\u00f3 en el \u00faltimo kil\u00f3metro tras una remontada necesaria despu\u00e9s de una nataci\u00f3n floja. \u00ab<strong data-node-id=\"6.1\">S\u00e9 que soy una persona que compite de forma progresiva, por lo que he aprovechado para cuando quedaba un kil\u00f3metro para intentar dejarla atr\u00e1s<\/strong>, porque en la recta de meta no suelo ser muy buena\u00bb, explica la ganadora. La tambi\u00e9n espa\u00f1ola Natalia Castro, pontevedresa de Bueu, fue tercera con 1h17:22.<\/p>\n<p data-journey-content=\"true\" data-node-id=\"8\" class=\"css-6wxqfj emevuu60\">\u00abLa victoria es muy importante porque <strong data-node-id=\"8.1\">he afrontado un inicio de temporada bastante dif\u00edcil para m\u00ed, tanto en el deporte como a nivel general, de ah\u00ed que estoy muy contenta<\/strong> de todo lo que he trabajado y de poder tener esta victoria para recoger los frutos de todo el trabajo que hay detr\u00e1s\u201d, destacaba Carballo.<\/p>\n<p data-journey-content=\"true\" data-node-id=\"12\" class=\"css-6wxqfj emevuu60\">En categor\u00eda masculina, el espa\u00f1ol<strong data-node-id=\"12.1\"> Vicente Hern\u00e1ndez luch\u00f3 por la victoria, sin \u00e9xito pues el franc\u00e9s Louis Vitiello termin\u00f3 por ser el m\u00e1s fuerte en la fase a pie<\/strong> definitiva y par\u00f3 el cron\u00f3metro en 54 minutos y 9 segundos. Hern\u00e1ndez, primer espa\u00f1ol, logr\u00f3 proteger la plata (54:27) y completar un <strong data-node-id=\"12.3\">doblete nacional en el podio con Eloy Canales (54:38)<\/strong>, que sum\u00f3 con su bronce la cuarta de seis medallas disponibles para el equipo anfitri\u00f3n.<\/p>\n<p data-journey-content=\"true\" data-node-id=\"14\" class=\"css-6wxqfj emevuu60\">El tinerfe\u00f1o Vicente Hern\u00e1ndez, segundo en una carrera en la que reconoce que el franc\u00e9s fue claramente mejor, celebra el nivel en el triatl\u00f3n nacional: <strong data-node-id=\"14.1\">\u00abEl triatl\u00f3n espa\u00f1ol demuestra que la competencia nos hace mejores a todos y ojal\u00e1 que podamos seguir con esta din\u00e1mica\u201d.<\/strong><\/p>\n<p><img src=\"https:\/\/www.europesays.com\/es\/wp-content\/uploads\/2025\/10\/84593e08-8820-43a6-b6d1-43000eeccd0f_1700579163.file\" alt=\"Headshot of \u00c1lvaro Garc\u00eda\" title=\"Headshot of \u00c1lvaro Garc\u00eda\" width=\"100%\" height=\"100%\" decoding=\"async\" loading=\"lazy\" class=\"css-o0wq4v ev8dhu53\"\/><\/p>\n<p>\u00a0<a href=\"https:\/\/www.linkedin.com\/in\/%C3%A1lvaro-garc%C3%ADa-de-la-cruz-a71328252\/\" rel=\"nofollow noopener\" target=\"_blank\">\u00c1lvaro Garc\u00eda<\/a> es un estudiante de periodismo de la Universidad Complutense de Madrid cuya pasi\u00f3n es la comunicaci\u00f3n y el deporte. Sobre todo la comunicaci\u00f3n deportiva.<\/p>\n<p>Se enamor\u00f3 del deporte a los tres a\u00f1os, viendo los Juegos Ol\u00edmpicos de Beijing en un hotelillo de Fuerteventura. \u00a0Desde que le regalaron una m\u00e1quina de escribir a los 12 a\u00f1os no ha parado de hacer art\u00edculos sobre todas las disciplinas deportivas que conoce. De esta forma se dio cuenta de que quer\u00eda ser periodista muy temprano y decidi\u00f3 fundar su propia revista deportiva, Chapman. Revista en la que tratan temas relacionados con la actualidad deportiva del f\u00fatbol, baloncesto, tenis y atletismo, entre otras especialidades.<\/p>\n<p>Gracias a ello ha estado acreditado en competiciones de RFEA y World Athletics, mundiales FIBA, Liga ACB, mundiales de hockey hielo, de X-Trial, partidos de rugby en el Metropolitano y muchos otros eventos que antes segu\u00eda por televisi\u00f3n.<\/p>\n<p>Tiene la costumbre (o man\u00eda) de ir estrechando manos y present\u00e1ndose a colegas y deportistas. Y es un aficionado al deporte de domingos, el de ver en el sof\u00e1 y el de jugar con amigos en el primer terreno que se preste.<\/p>\n<p>Actualmente lleva las redes de Runner\u2019s World y escribe sobre actualidad del mundo del atletismo los fines de semana.\u00a0<\/p>\n","protected":false},"excerpt":{"rendered":"Ana Carballo lider\u00f3 una muy productiva cosecha espa\u00f1ola de metales en la Copa de Europa de Triatl\u00f3n de&hellip;\n","protected":false},"author":2,"featured_media":158634,"comment_status":"","ping_status":"","sticky":false,"template":"","format":"standard","meta":{"footnotes":""},"categories":[93],"tags":[168,253,25,24,23,167],"class_list":{"0":"post-158633","1":"post","2":"type-post","3":"status-publish","4":"format-standard","5":"has-post-thumbnail","7":"category-deportes","8":"tag-deportes","9":"tag-discover","10":"tag-es","11":"tag-espana","12":"tag-spain","13":"tag-sports"},"share_on_mastodon":{"url":"","error":""},"_links":{"self":[{"href":"https:\/\/www.europesays.com\/es\/wp-json\/wp\/v2\/posts\/158633","targetHints":{"allow":["GET"]}}],"collection":[{"href":"https:\/\/www.europesays.com\/es\/wp-json\/wp\/v2\/posts"}],"about":[{"href":"https:\/\/www.europesays.com\/es\/wp-json\/wp\/v2\/types\/post"}],"author":[{"embeddable":true,"href":"https:\/\/www.europesays.com\/es\/wp-json\/wp\/v2\/users\/2"}],"replies":[{"embeddable":true,"href":"https:\/\/www.europesays.com\/es\/wp-json\/wp\/v2\/comments?post=158633"}],"version-history":[{"count":0,"href":"https:\/\/www.europesays.com\/es\/wp-json\/wp\/v2\/posts\/158633\/revisions"}],"wp:featuredmedia":[{"embeddable":true,"href":"https:\/\/www.europesays.com\/es\/wp-json\/wp\/v2\/media\/158634"}],"wp:attachment":[{"href":"https:\/\/www.europesays.com\/es\/wp-json\/wp\/v2\/media?parent=158633"}],"wp:term":[{"taxonomy":"category","embeddable":true,"href":"https:\/\/www.europesays.com\/es\/wp-json\/wp\/v2\/categories?post=158633"},{"taxonomy":"post_tag","embeddable":true,"href":"https:\/\/www.europesays.com\/es\/wp-json\/wp\/v2\/tags?post=158633"}],"curies":[{"name":"wp","href":"https:\/\/api.w.org\/{rel}","templated":true}]}}