{"id":158637,"date":"2025-10-06T00:01:07","date_gmt":"2025-10-06T00:01:07","guid":{"rendered":"https:\/\/www.europesays.com\/es\/158637\/"},"modified":"2025-10-06T00:01:07","modified_gmt":"2025-10-06T00:01:07","slug":"victor-hernandez-cornada-grave-en-el-gemelo-en-las-ventas","status":"publish","type":"post","link":"https:\/\/www.europesays.com\/es\/158637\/","title":{"rendered":"V\u00edctor Hern\u00e1ndez, cornada grave en el gemelo en Las Ventas"},"content":{"rendered":"<p><strong>V\u00edctor Hern\u00e1ndez<\/strong> ha sido cogido en su turno de quites frente al quinto de la tarde en Las Ventas. En la segunda tafallera, ha sido zarandeado espectacularmente, cayendo de fea manera. El torero presentaba una cornada en el gemelo izquierdo. Fue trasladado r\u00e1pidamente a la enfermer\u00eda de Las Ventas.<\/p>\n<p>Seg\u00fan el parte oficial, firmado por los doctores Garc\u00eda Padr\u00f3s y Garc\u00eda Leirado, el torero V\u00edctor Hern\u00e1ndez ha sido operado de una <strong>\u201cherida por asta de toro en cara interna 1\/3 medio pierna izquierda con una trayectoria hacia fuera de 15 cm que produce destrozos en musculatura gemelar. Es intervenido quir\u00fargicamente bajo anestesia general en la enfermer\u00eda de la plaza de toros, siendo trasladado al Hospital Fraternidad Muprespa-Habana\u201d.<\/strong> El pron\u00f3stico es <strong>\u201cgrave, que le impide continuar la lidia\u201d.<\/strong><\/p>\n","protected":false},"excerpt":{"rendered":"V\u00edctor Hern\u00e1ndez ha sido cogido en su turno de quites frente al quinto de la tarde en Las&hellip;\n","protected":false},"author":2,"featured_media":158638,"comment_status":"","ping_status":"","sticky":false,"template":"","format":"standard","meta":{"footnotes":""},"categories":[91],"tags":[45,47240,146,147,25,24,3728,205,23,444],"class_list":{"0":"post-158637","1":"post","2":"type-post","3":"status-publish","4":"format-standard","5":"has-post-thumbnail","7":"category-entretenimiento","8":"tag-45","9":"tag-cornada-victor-hernandez","10":"tag-entertainment","11":"tag-entretenimiento","12":"tag-es","13":"tag-espana","14":"tag-las-ventas","15":"tag-madrid","16":"tag-spain","17":"tag-toros"},"share_on_mastodon":{"url":"","error":""},"_links":{"self":[{"href":"https:\/\/www.europesays.com\/es\/wp-json\/wp\/v2\/posts\/158637","targetHints":{"allow":["GET"]}}],"collection":[{"href":"https:\/\/www.europesays.com\/es\/wp-json\/wp\/v2\/posts"}],"about":[{"href":"https:\/\/www.europesays.com\/es\/wp-json\/wp\/v2\/types\/post"}],"author":[{"embeddable":true,"href":"https:\/\/www.europesays.com\/es\/wp-json\/wp\/v2\/users\/2"}],"replies":[{"embeddable":true,"href":"https:\/\/www.europesays.com\/es\/wp-json\/wp\/v2\/comments?post=158637"}],"version-history":[{"count":0,"href":"https:\/\/www.europesays.com\/es\/wp-json\/wp\/v2\/posts\/158637\/revisions"}],"wp:featuredmedia":[{"embeddable":true,"href":"https:\/\/www.europesays.com\/es\/wp-json\/wp\/v2\/media\/158638"}],"wp:attachment":[{"href":"https:\/\/www.europesays.com\/es\/wp-json\/wp\/v2\/media?parent=158637"}],"wp:term":[{"taxonomy":"category","embeddable":true,"href":"https:\/\/www.europesays.com\/es\/wp-json\/wp\/v2\/categories?post=158637"},{"taxonomy":"post_tag","embeddable":true,"href":"https:\/\/www.europesays.com\/es\/wp-json\/wp\/v2\/tags?post=158637"}],"curies":[{"name":"wp","href":"https:\/\/api.w.org\/{rel}","templated":true}]}}