{"id":158645,"date":"2025-10-06T00:06:11","date_gmt":"2025-10-06T00:06:11","guid":{"rendered":"https:\/\/www.europesays.com\/es\/158645\/"},"modified":"2025-10-06T00:06:11","modified_gmt":"2025-10-06T00:06:11","slug":"pau-lopez-desvela-el-verdadero-heroe-que-le-ayudo-a-parar-el-penalti-de-puado-me-recomendo-tirarme-a-mi-izquierda","status":"publish","type":"post","link":"https:\/\/www.europesays.com\/es\/158645\/","title":{"rendered":"Pau L\u00f3pez desvela el verdadero h\u00e9roe que le ayud\u00f3 a parar el penalti de Puado: \u00abMe recomend\u00f3 tirarme a mi izquierda\u00bb"},"content":{"rendered":"<p class=\"parrafo\"><strong>Pau L\u00f3pez<\/strong>, portero del <strong>Real Betis<\/strong>, se convirti\u00f3 en el h\u00e9roe de<a href=\"https:\/\/www.estadiodeportivo.com\/futbol\/primera-division\/espanyol-betis-calco-mayo-para-tocar-champions-pese-los-arbitros-20251005-515189.html\" target=\"_blank\" class=\"intext-link\" rel=\"nofollow noopener\"> la victoria del equipo verdiblanco sobre el <strong>RCD Espanyol <\/strong>por<\/a><strong><a href=\"https:\/\/www.estadiodeportivo.com\/futbol\/primera-division\/espanyol-betis-calco-mayo-para-tocar-champions-pese-los-arbitros-20251005-515189.html\" target=\"_blank\" class=\"intext-link\" rel=\"nofollow noopener\"> 1-2<\/a> <\/strong>despu\u00e9s de pararle un penalti en el \u00faltimo minuto a <strong>Javi Puado<\/strong>. El guardameta se mostr\u00f3 feliz en los medios de comunicaci\u00f3n oficiales del club verdiblanco, pero tambi\u00e9n desvel\u00f3 que tuvo la inestimable ayuda de <strong>Toni Doblas<\/strong>, entrenador de porteros y miembro del cuerpo t\u00e9cnico de <strong>Manuel <\/strong><strong>Pellegrini<\/strong>, que le dijo d\u00f3nde iba a lanzar la pena m\u00e1xima el delantero del <strong>RCD Espanyol<\/strong>.<\/p>\n<p>Noticias Relacionadas<\/p>\n<p class=\"parrafo\"><strong>Pau L\u00f3pez<\/strong> se mostr\u00f3 muy feliz por la victoria del <strong>Real Betis <\/strong>sobre el <strong>RCD Espanyol<\/strong>. \u00abFue un final con muchas emociones que pudimos salvar cuando pintaba tragedia. Gran partido ante un rival muy complicado. Contento con la reacci\u00f3n que tuvo el equipo\u00bb.<\/p>\n<p><a class=\"elementos-rel-t2\" href=\"https:\/\/www.estadiodeportivo.com\/futbol\/primera-division\/espanyol-betis-calco-mayo-para-tocar-champions-pese-los-arbitros-20251005-515189.html\" title=\"Espanyol 1-2 Betis: Un calco de lo de mayo para tocar la Champions... pese a los \u00e1rbitros\" rel=\"nofollow noopener\" target=\"_blank\">Espanyol 1-2 Betis: Un calco de lo de mayo para tocar la Champions&#8230; pese a los \u00e1rbitros<img decoding=\"async\" src=\"https:\/\/www.europesays.com\/es\/wp-content\/uploads\/2025\/10\/b640932b-9446-42a1-b114-d65dce8eb8fa_320x180.jpeg\" alt=\"Espanyol 1-2 Betis: Un calco de lo de mayo para tocar la Champions... pese a los \u00e1rbitros\"\/><\/a><a class=\"elementos-rel-t2\" href=\"https:\/\/www.estadiodeportivo.com\/futbol\/espanyol\/rajada-edu-exposito-contra-pau-lopez-eso-sobra-20251005-515219.html\" title=\"Rajada de Edu Exp\u00f3sito contra Pau L\u00f3pez: &quot;Eso sobra&quot;\" rel=\"nofollow noopener\" target=\"_blank\">Rajada de Edu Exp\u00f3sito contra Pau L\u00f3pez: \u00abEso sobra\u00bb<img decoding=\"async\" src=\"https:\/\/www.europesays.com\/es\/wp-content\/uploads\/2025\/10\/9fb0b35e-c846-4999-95ca-fe1e2c99d0fb_320x180.jpeg\" alt=\"Rajada de Edu Exp\u00f3sito contra Pau L\u00f3pez: &quot;Eso sobra&quot;\"\/><\/a><\/p>\n<p class=\"parrafo\">El portero del <strong>Real Betis<\/strong>, bajo su punto de visto, opin\u00f3 que un empate hubiera sido injusto. \u00abInjusto, s\u00ed. El partido fue igualado y ellos empezaron encontr\u00e1ndose con ese gol sin crear nada. En el segundo tiempo hemos estado muy bien. Feliz por la victoria, muy importante para nosotros\u00bb.<\/p>\n<p class=\"parrafo\"><strong>Pau L\u00f3pez<\/strong>, a continuaci\u00f3n, desvel\u00f3 que <strong>Toni Doblas<\/strong>, entrenador de porteros del<strong> Real Betis<\/strong>, fue el culpable de que le parar el penalti a <strong>Javi Puado<\/strong>. \u00abTodo empieza cuando el \u00e1rbitro le dice a H\u00e9ctor que la va a revisar. Tiene mala pinta. <strong>Entonces voy a hablar con Doblas a la banda. Hab\u00eda visto v\u00eddeos de penalti de Puado. Me dijo que el \u00faltimo lo hab\u00eda tirado al centro y el pen\u00faltimo, cruzado, lo fall\u00f3. Me recomend\u00f3 tirarme a mi izquierda por el minuto que era y la confianza del tirador<\/strong>. Cuando alguien de su experiencia te dice algo as\u00ed&#8230; Fui para all\u00e1, cre\u00ed, rec\u00e9 y procur\u00e9 alargarlo para que el delantero tuviera que pensar y pensar. Al final se dio y pudimos celebrarlo. Pens\u00e9 que me hab\u00eda adelantado, pero no. Feliz\u00bb.<\/p>\n<p class=\"parrafo\">Por otro lado, <strong>Pau L\u00f3pez <\/strong>pidi\u00f3 perd\u00f3n por su gesto a la afici\u00f3n del <strong>RCD Espanyol<\/strong> tras parar el penalti por el cual <a href=\"https:\/\/www.estadiodeportivo.com\/futbol\/espanyol\/rajada-edu-exposito-contra-pau-lopez-eso-sobra-20251005-515219.html\" target=\"_blank\" class=\"intext-link\" rel=\"nofollow noopener\">fue criticado por <\/a><strong><a href=\"https:\/\/www.estadiodeportivo.com\/futbol\/espanyol\/rajada-edu-exposito-contra-pau-lopez-eso-sobra-20251005-515219.html\" target=\"_blank\" class=\"intext-link\" rel=\"nofollow noopener\">Edu Exp\u00f3sito<\/a><\/strong>, centrocampista del equipo catal\u00e1n. \u00abSon jugadas de esas que sue\u00f1as y pasan pocas veces. He hecho alg\u00fan gesto evitable cuando he sido jugador de este equipo y la afici\u00f3n me merece el m\u00e1ximo respeto. <strong>Es dif\u00edcil controlarse en un momento de euforia en la celebraci\u00f3n, pero reitero que ha sido evitable y me quiero disculpar p\u00fablicamente<\/strong>\u00ab.<\/p>\n<p class=\"parrafo\">Finalmente, se mostr\u00f3 muy feliz porque el <strong>Real Betis<\/strong> se vaya al par\u00f3n de selecciones de octubre en puestos de <strong>UEFA Champions League<\/strong>. \u00abEl equipo est\u00e1 dise\u00f1ado para estar arriba. El entrenador ha demostrado que quiere contar con todos los jugadores, que son todos importantes. Ojal\u00e1 que los lesionados se recuperen los antes posible y, sumando poco a poco, vamos a ver hasta d\u00f3nde nos da\u00bb.<\/p>\n","protected":false},"excerpt":{"rendered":"Pau L\u00f3pez, portero del Real Betis, se convirti\u00f3 en el h\u00e9roe de la victoria del equipo verdiblanco sobre&hellip;\n","protected":false},"author":2,"featured_media":158646,"comment_status":"","ping_status":"","sticky":false,"template":"","format":"standard","meta":{"footnotes":""},"categories":[5],"tags":[17,18,25,24,284,13,14,282,11,288,19,20,9,10,15,16,6741,1945,11783,286,23,12,21,22],"class_list":{"0":"post-158645","1":"post","2":"type-post","3":"status-publish","4":"format-standard","5":"has-post-thumbnail","7":"category-titulares","8":"tag-breaking-news","9":"tag-breakingnews","10":"tag-es","11":"tag-espana","12":"tag-estadio-deportivo","13":"tag-featured-news","14":"tag-featurednews","15":"tag-futbol","16":"tag-headlines","17":"tag-laliga","18":"tag-latest-news","19":"tag-latestnews","20":"tag-news","21":"tag-noticias","22":"tag-noticias-destacadas","23":"tag-noticiasdestacadas","24":"tag-pau-lopez","25":"tag-primera-division","26":"tag-rcd-espanyol","27":"tag-real-betis-balompie","28":"tag-spain","29":"tag-titulares","30":"tag-ultimas-noticias","31":"tag-ultimasnoticias"},"share_on_mastodon":{"url":"","error":""},"_links":{"self":[{"href":"https:\/\/www.europesays.com\/es\/wp-json\/wp\/v2\/posts\/158645","targetHints":{"allow":["GET"]}}],"collection":[{"href":"https:\/\/www.europesays.com\/es\/wp-json\/wp\/v2\/posts"}],"about":[{"href":"https:\/\/www.europesays.com\/es\/wp-json\/wp\/v2\/types\/post"}],"author":[{"embeddable":true,"href":"https:\/\/www.europesays.com\/es\/wp-json\/wp\/v2\/users\/2"}],"replies":[{"embeddable":true,"href":"https:\/\/www.europesays.com\/es\/wp-json\/wp\/v2\/comments?post=158645"}],"version-history":[{"count":0,"href":"https:\/\/www.europesays.com\/es\/wp-json\/wp\/v2\/posts\/158645\/revisions"}],"wp:featuredmedia":[{"embeddable":true,"href":"https:\/\/www.europesays.com\/es\/wp-json\/wp\/v2\/media\/158646"}],"wp:attachment":[{"href":"https:\/\/www.europesays.com\/es\/wp-json\/wp\/v2\/media?parent=158645"}],"wp:term":[{"taxonomy":"category","embeddable":true,"href":"https:\/\/www.europesays.com\/es\/wp-json\/wp\/v2\/categories?post=158645"},{"taxonomy":"post_tag","embeddable":true,"href":"https:\/\/www.europesays.com\/es\/wp-json\/wp\/v2\/tags?post=158645"}],"curies":[{"name":"wp","href":"https:\/\/api.w.org\/{rel}","templated":true}]}}